{"id":9985,"date":"2021-05-06T11:37:15","date_gmt":"2021-05-06T07:37:15","guid":{"rendered":"http:\/\/veteran.az\/?p=9985"},"modified":"2021-05-06T11:42:06","modified_gmt":"2021-05-06T07:42:06","slug":"suraxani-rayonunda-maraqli-t%c9%99dbir","status":"publish","type":"post","link":"https:\/\/veteran.az\/?p=9985","title":{"rendered":"Suraxan\u0131 rayonunda maraql\u0131 t\u0259dbir"},"content":{"rendered":"\n<p><strong>Suraxan\u0131 rayonunda maraql\u0131 t\u0259dbir ke\u00e7irilib. \u0130kinci D\u00fcnya m\u00fcharib\u0259si veteranlar\u0131 v\u0259 arxa c\u0259bh\u0259 i\u015ftirak\u00e7\u0131lar\u0131, Birinci v\u0259 \u0130kinci Qaraba\u011f, \u018ffqan\u0131stan m\u00fcharib\u0259l\u0259rinin i\u015ftirak\u00e7\u0131lar\u0131n\u0131n g\u00f6r\u00fc\u015f\u00fc olub.<\/strong><\/p>\n\n\n\n<p><br>Bu bar\u0259d\u0259 Az\u0259rbaycan V\u0259t\u0259n M\u00fcharib\u0259si Veteranlar\u0131 \u0130ctimai Birliyi (AVMV\u0130B) Suraxan\u0131 rayon \u015f\u00f6b\u0259sinin s\u0259dri Eldar R\u00fcst\u0259mov m\u0259lumat verib.<\/p>\n\n\n\n<figure class=\"wp-block-image size-large\"><img loading=\"lazy\" decoding=\"async\" width=\"534\" height=\"569\" src=\"http:\/\/veteran.az\/wp-content\/uploads\/2021\/05\/0SMWGa.png\" alt=\"\" class=\"wp-image-9986\" srcset=\"https:\/\/veteran.az\/wp-content\/uploads\/2021\/05\/0SMWGa.png 534w, https:\/\/veteran.az\/wp-content\/uploads\/2021\/05\/0SMWGa-282x300.png 282w\" sizes=\"auto, (max-width: 534px) 100vw, 534px\" \/><\/figure>\n\n\n\n<p><br>Eldar R\u00fcst\u0259mov bildirdi ki, bu c\u00fcr g\u00f6r\u00fc\u015fl\u0259rin ke\u00e7irilm\u0259si g\u0259nc d\u00f6y\u00fc\u015f\u00e7\u00fcl\u0259rimizin h\u0259yata sosial adaptasiyas\u0131 \u00fc\u00e7\u00fcn m\u00fch\u00fcm \u0259h\u0259miyy\u0259t\u0259 malikdir v\u0259 biz ilk g\u00fcnd\u0259n bu istiqam\u0259td\u0259 bir s\u0131ra add\u0131mlar atm\u0131\u015f\u0131q. V\u0259t\u0259n m\u00fcharib\u0259si d\u00f6vl\u0259timiz v\u0259 xalq\u0131m\u0131z \u00fc\u00e7\u00fcn olduqca \u0259h\u0259miyy\u0259tli idi. Biz torpaqlar\u0131m\u0131z\u0131 qaytard\u0131q, fa\u015fizmi m\u0259\u011flub etdik. Bu m\u00fcharib\u0259 xalq\u0131m\u0131z\u0131n v\u0259t\u0259np\u0259rv\u0259rlik, birlik v\u0259 r\u0259\u015fad\u0259tinin bir daha s\u00fcb\u00fctu oldu. Ali Ba\u015f Komandan \u0130lham \u018fliyevin \u0259traf\u0131nda s\u0131x birl\u0259\u015f\u0259r\u0259k d\u00fc\u015fm\u0259ni c\u0259bh\u0259d\u0259, diplomatiyada v\u0259 el\u0259c\u0259 d\u0259, informasiya sava\u015f\u0131nda m\u0259\u011flub etdik. G\u00f6r\u00fc\u015fd\u0259 m\u00fcharib\u0259nin t\u00f6r\u0259tdiyi probleml\u0259r, psixoloji amill\u0259r m\u00fczakir\u0259 olundu. C\u0259bh\u0259d\u0259n yeni qay\u0131tm\u0131\u015f d\u00f6y\u00fc\u015f\u00e7\u00fcl\u0259r\u0259 s\u0259brli olmalar\u0131 v\u0259 t\u0259dric\u0259n b\u00fct\u00fcn probleml\u0259rin h\u0259ll olunaca\u011f\u0131 bildirildi. \u00c7\u00fcnki d\u00f6y\u00fc\u015f\u00e7\u00fcl\u0259r daha yax\u015f\u0131 bir-birini anlayan sosial qrupdur&#187;.<\/p>\n\n\n\n<p><br>AVMV\u0130B Suraxan\u0131 rayon \u015f\u00f6b\u0259sinin s\u0259dri Eldar R\u00fcst\u0259mov dedi: &#171;Yaral\u0131 h\u0259rbi\u00e7il\u0259rimizin sa\u011flaml\u0131\u011f\u0131na qovu\u015fmas\u0131 \u00fc\u00e7\u00fcn b\u00fct\u00fcn z\u0259ruri t\u0259dbirl\u0259r g\u00f6r\u00fcl\u00fcr, hospitallar, reabilitasiya v\u0259 sosial xidm\u0259t m\u00fc\u0259ssis\u0259l\u0259rind\u0259 bunun \u00fc\u00e7\u00fcn h\u0259r c\u00fcr \u015f\u0259rait yarad\u0131l\u0131b. Respublikam\u0131zda h\u0259yata ke\u00e7iril\u0259n v\u0259 g\u00fcn\u00fc-g\u00fcnd\u0259n t\u0259kmill\u0259\u015fdiril\u0259n sosial layih\u0259l\u0259r h\u0259r bir Az\u0259rbaycan v\u0259t\u0259nta\u015f\u0131n\u0131, x\u00fcsus\u0259n \u015f\u0259hid ail\u0259l\u0259rini, qazil\u0259ri v\u0259 m\u00fcharib\u0259 i\u015ftirak\u00e7\u0131n\u0131 \u0259hat\u0259 edir. Birg\u0259 s\u0259yl\u0259 kims\u0259nin unudulmamas\u0131na \u00e7al\u0131\u015fmal\u0131y\u0131q. Qazan\u0131lm\u0131\u015f b\u00f6y\u00fck Z\u0259f\u0259rimizd\u0259n is\u0259 daha v\u0259t\u0259np\u0259rv\u0259r bir g\u0259ncliyin yeti\u015fdirilm\u0259sind\u0259 istifad\u0259 etm\u0259liyik. Az\u0259rbaycan xalq\u0131n\u0131n v\u0259 \u0259sg\u0259rinin c\u0259bh\u0259d\u0259 yazd\u0131qlar\u0131 q\u0259hr\u0259manl\u0131q s\u0259lnam\u0259l\u0259ri \u00f6lk\u0259d\u0259 h\u0259rbi-v\u0259t\u0259np\u0259rv\u0259rlik ruhunun daim y\u00fcks\u0259k s\u0259viyy\u0259d\u0259 saxlanmas\u0131na yet\u0259r. Ham\u0131m\u0131z bu istiqam\u0259td\u0259 i\u015f aparmal\u0131y\u0131q. AVMV\u0130B h\u0259l\u0259 m\u00fcharib\u0259d\u0259n \u00f6nc\u0259 bu istiqam\u0259td\u0259 ciddi i\u015fl\u0259r g\u00f6rm\u00fc\u015fd\u00fc v\u0259 bu i\u015fi davam etdirm\u0259yi planla\u015fd\u0131r\u0131r\u0131q&#187;.<\/p>\n\n\n\n<p><strong>Nurlan M\u0259mm\u0259dli<\/strong><\/p>\n","protected":false},"excerpt":{"rendered":"<p>Suraxan\u0131 rayonunda maraql\u0131 t\u0259dbir ke\u00e7irilib. \u0130kinci D\u00fcnya m\u00fcharib\u0259si veteranlar\u0131 v\u0259 arxa c\u0259bh\u0259 i\u015ftirak\u00e7\u0131lar\u0131, Birinci v\u0259&#8230;<\/p>\n","protected":false},"author":3,"featured_media":9987,"comment_status":"closed","ping_status":"closed","sticky":false,"template":"","format":"standard","meta":{"footnotes":""},"categories":[12],"tags":[],"class_list":["post-9985","post","type-post","status-publish","format-standard","has-post-thumbnail","hentry","category-veteran"],"featured_image_urls":{"full":["https:\/\/veteran.az\/wp-content\/uploads\/2021\/05\/183200424_4183603248382735_4263964321813362255_n.jpg",1152,648,false],"thumbnail":["https:\/\/veteran.az\/wp-content\/uploads\/2021\/05\/183200424_4183603248382735_4263964321813362255_n-150x150.jpg",150,150,true],"medium":["https:\/\/veteran.az\/wp-content\/uploads\/2021\/05\/183200424_4183603248382735_4263964321813362255_n-300x169.jpg",300,169,true],"medium_large":["https:\/\/veteran.az\/wp-content\/uploads\/2021\/05\/183200424_4183603248382735_4263964321813362255_n-768x432.jpg",640,360,true],"large":["https:\/\/veteran.az\/wp-content\/uploads\/2021\/05\/183200424_4183603248382735_4263964321813362255_n-1024x576.jpg",640,360,true],"1536x1536":["https:\/\/veteran.az\/wp-content\/uploads\/2021\/05\/183200424_4183603248382735_4263964321813362255_n.jpg",1152,648,false],"2048x2048":["https:\/\/veteran.az\/wp-content\/uploads\/2021\/05\/183200424_4183603248382735_4263964321813362255_n.jpg",1152,648,false],"covernews-slider-full":["https:\/\/veteran.az\/wp-content\/uploads\/2021\/05\/183200424_4183603248382735_4263964321813362255_n.jpg",1115,627,false],"covernews-slider-center":["https:\/\/veteran.az\/wp-content\/uploads\/2021\/05\/183200424_4183603248382735_4263964321813362255_n-936x648.jpg",722,500,true],"covernews-featured":["https:\/\/veteran.az\/wp-content\/uploads\/2021\/05\/183200424_4183603248382735_4263964321813362255_n-1024x576.jpg",1024,576,true],"covernews-medium":["https:\/\/veteran.az\/wp-content\/uploads\/2021\/05\/183200424_4183603248382735_4263964321813362255_n-720x380.jpg",540,285,true],"covernews-medium-square":["https:\/\/veteran.az\/wp-content\/uploads\/2021\/05\/183200424_4183603248382735_4263964321813362255_n-675x450.jpg",375,250,true]},"author_info":{"display_name":"Veteran.az","author_link":"https:\/\/veteran.az\/?author=3"},"category_info":"<a href=\"https:\/\/veteran.az\/?cat=12\" rel=\"category\">Veteran d\u00fcnyas\u0131<\/a>","tag_info":"Veteran d\u00fcnyas\u0131","comment_count":"0","_links":{"self":[{"href":"https:\/\/veteran.az\/index.php?rest_route=\/wp\/v2\/posts\/9985","targetHints":{"allow":["GET"]}}],"collection":[{"href":"https:\/\/veteran.az\/index.php?rest_route=\/wp\/v2\/posts"}],"about":[{"href":"https:\/\/veteran.az\/index.php?rest_route=\/wp\/v2\/types\/post"}],"author":[{"embeddable":true,"href":"https:\/\/veteran.az\/index.php?rest_route=\/wp\/v2\/users\/3"}],"replies":[{"embeddable":true,"href":"https:\/\/veteran.az\/index.php?rest_route=%2Fwp%2Fv2%2Fcomments&post=9985"}],"version-history":[{"count":2,"href":"https:\/\/veteran.az\/index.php?rest_route=\/wp\/v2\/posts\/9985\/revisions"}],"predecessor-version":[{"id":9992,"href":"https:\/\/veteran.az\/index.php?rest_route=\/wp\/v2\/posts\/9985\/revisions\/9992"}],"wp:featuredmedia":[{"embeddable":true,"href":"https:\/\/veteran.az\/index.php?rest_route=\/wp\/v2\/media\/9987"}],"wp:attachment":[{"href":"https:\/\/veteran.az\/index.php?rest_route=%2Fwp%2Fv2%2Fmedia&parent=9985"}],"wp:term":[{"taxonomy":"category","embeddable":true,"href":"https:\/\/veteran.az\/index.php?rest_route=%2Fwp%2Fv2%2Fcategories&post=9985"},{"taxonomy":"post_tag","embeddable":true,"href":"https:\/\/veteran.az\/index.php?rest_route=%2Fwp%2Fv2%2Ftags&post=9985"}],"curies":[{"name":"wp","href":"https:\/\/api.w.org\/{rel}","templated":true}]}}