{"id":9967,"date":"2021-05-03T22:06:43","date_gmt":"2021-05-03T18:06:43","guid":{"rendered":"http:\/\/veteran.az\/?p=9967"},"modified":"2021-05-03T22:06:44","modified_gmt":"2021-05-03T18:06:44","slug":"iranin-verdiyi-mukafat-biz%c9%99-lazim-deyil-polad-h%c9%99simovun-anasi-medali-qaytardi","status":"publish","type":"post","link":"https:\/\/veteran.az\/?p=9967","title":{"rendered":"\u201c\u0130ran\u0131n verdiyi m\u00fckafat biz\u0259 laz\u0131m deyil\u201d \u2013 Polad H\u0259\u015fimovun anas\u0131 medal\u0131 qaytard\u0131"},"content":{"rendered":"\n<p><strong>\u201c\u0130ran\u0131n verdiyi m\u00fckafat biz\u0259 laz\u0131m deyil\u201d<\/strong><\/p>\n\n\n\n<p>Bir m\u00fcdd\u0259t \u00f6nc\u0259 \u0130ran \u0130slam Respublikas\u0131n\u0131n Az\u0259rbaycandak\u0131 s\u0259lahiyy\u0259tli s\u0259firi v\u0259 Dini Lider Seyid \u018fli Xamneyinin Bak\u0131dak\u0131 r\u0259smi n\u00fcmay\u0259nd\u0259si \u018fli \u018fkb\u0259r Ocaqnejad general Polad H\u0259\u015fimovun ail\u0259sini ziyar\u0259t edib.<\/p>\n\n\n\n<p>\u201cSAVA\u015e\u201d xat\u0131rlad\u0131r ki, bu bar\u0259d\u0259 \u0130ran\u0131n Az\u0259rbaycandak\u0131 s\u0259firi Seyid Abbas Mus\u0259vi \u00f6z\u00fcn\u00fcn \u201cTvitter\u201d s\u0259hif\u0259sind\u0259 payla\u015f\u0131m etmi\u015fdi.<\/p>\n\n\n\n<p>S\u0259fir bildirmi\u015fdi ki, s\u0259firliyin h\u0259rbi atta\u015fesi v\u0259 dini r\u0259hb\u0259rin Az\u0259rbaycan \u00fczr\u0259 n\u00fcmay\u0259nd\u0259si \u018fli \u018fkb\u0259r Ocaqnejadla birlikd\u0259 general \u015f\u0259hid Polad H\u0259\u015fimovun evind\u0259 olub.<\/p>\n\n\n\n<p>Qeyd ed\u0259k ki, s\u0259fir bildirib ki, onlar \u00f6ld\u00fcr\u00fclm\u00fc\u015f general Qas\u0131m S\u00fcleymani ad\u0131na olan l\u00f6vh\u0259 v\u0259 medal\u0131 \u015f\u0259hid Polad H\u0259\u015fimovun xan\u0131m\u0131na v\u0259 \u00f6vladlar\u0131na t\u0259qdim edibl\u0259r.<\/p>\n\n\n\n<p>Lakin \u015f\u0259hid general Polad H\u0259\u015fimovun ail\u0259si x\u0259b\u0259ri t\u0259kzib edib.<\/p>\n\n\n\n<p>Sosial \u015f\u0259b\u0259k\u0259d\u0259 yay\u0131lan m\u0259lumata g\u00f6r\u0259, Polad H\u0259\u015fimovun anas\u0131 S\u0259may\u0259 xan\u0131m m\u00fckafat\u0131 almad\u0131qlar\u0131n\u0131 bildirib.<\/p>\n\n\n\n<p>\u201c\u0130ran\u0131n Polad\u0131n ad\u0131na verdiyi medal biz\u0259 laz\u0131m deyil. O\u011flumun ad\u0131ndan istifad\u0259 etm\u0259sinl\u0259r. Aidiyyat\u0131 qurumlardan da medal\u0131 geri qaytarmaq \u00fc\u00e7\u00fcn biz\u0259 k\u00f6m\u0259k etm\u0259l\u0259rini t\u0259l\u0259b edir\u0259m\u201d-dey\u0259, S\u0259may\u0259 ana bildirib.<\/p>\n\n\n\n<p>Polad H\u0259\u015fimovun qarda\u015f\u0131 \u0130lham H\u0259\u015fimov G\u00fcnaz.TV-y\u0259 a\u00e7\u0131qlamas\u0131nda x\u0259b\u0259ri t\u0259sdiq edib.<\/p>\n\n\n\n<p>\u201cB\u0259li, x\u0259b\u0259r do\u011frudur. Biz o m\u00fckafat\u0131 q\u0259bul etm\u0259mi\u015fik. \u015e\u0259hid general-mayor Polad H\u0259\u015fimovun ad\u0131ndan sui-istifad\u0259 etm\u0259sinl\u0259r\u201d.<\/p>\n","protected":false},"excerpt":{"rendered":"<p>\u201c\u0130ran\u0131n verdiyi m\u00fckafat biz\u0259 laz\u0131m deyil\u201d Bir m\u00fcdd\u0259t \u00f6nc\u0259 \u0130ran \u0130slam Respublikas\u0131n\u0131n Az\u0259rbaycandak\u0131 s\u0259lahiyy\u0259tli s\u0259firi&#8230;<\/p>\n","protected":false},"author":3,"featured_media":9968,"comment_status":"closed","ping_status":"closed","sticky":false,"template":"","format":"standard","meta":{"footnotes":""},"categories":[6],"tags":[],"class_list":["post-9967","post","type-post","status-publish","format-standard","has-post-thumbnail","hentry","category-cmiyyt"],"featured_image_urls":{"full":["https:\/\/veteran.az\/wp-content\/uploads\/2021\/05\/polad-hesimov.jpg",700,460,false],"thumbnail":["https:\/\/veteran.az\/wp-content\/uploads\/2021\/05\/polad-hesimov-150x150.jpg",150,150,true],"medium":["https:\/\/veteran.az\/wp-content\/uploads\/2021\/05\/polad-hesimov-300x197.jpg",300,197,true],"medium_large":["https:\/\/veteran.az\/wp-content\/uploads\/2021\/05\/polad-hesimov.jpg",640,421,false],"large":["https:\/\/veteran.az\/wp-content\/uploads\/2021\/05\/polad-hesimov.jpg",640,421,false],"1536x1536":["https:\/\/veteran.az\/wp-content\/uploads\/2021\/05\/polad-hesimov.jpg",700,460,false],"2048x2048":["https:\/\/veteran.az\/wp-content\/uploads\/2021\/05\/polad-hesimov.jpg",700,460,false],"covernews-slider-full":["https:\/\/veteran.az\/wp-content\/uploads\/2021\/05\/polad-hesimov.jpg",700,460,false],"covernews-slider-center":["https:\/\/veteran.az\/wp-content\/uploads\/2021\/05\/polad-hesimov.jpg",700,460,false],"covernews-featured":["https:\/\/veteran.az\/wp-content\/uploads\/2021\/05\/polad-hesimov.jpg",700,460,false],"covernews-medium":["https:\/\/veteran.az\/wp-content\/uploads\/2021\/05\/polad-hesimov-700x380.jpg",540,293,true],"covernews-medium-square":["https:\/\/veteran.az\/wp-content\/uploads\/2021\/05\/polad-hesimov-675x450.jpg",375,250,true]},"author_info":{"display_name":"Veteran.az","author_link":"https:\/\/veteran.az\/?author=3"},"category_info":"<a href=\"https:\/\/veteran.az\/?cat=6\" rel=\"category\">C\u0259miyy\u0259t<\/a>","tag_info":"C\u0259miyy\u0259t","comment_count":"0","_links":{"self":[{"href":"https:\/\/veteran.az\/index.php?rest_route=\/wp\/v2\/posts\/9967","targetHints":{"allow":["GET"]}}],"collection":[{"href":"https:\/\/veteran.az\/index.php?rest_route=\/wp\/v2\/posts"}],"about":[{"href":"https:\/\/veteran.az\/index.php?rest_route=\/wp\/v2\/types\/post"}],"author":[{"embeddable":true,"href":"https:\/\/veteran.az\/index.php?rest_route=\/wp\/v2\/users\/3"}],"replies":[{"embeddable":true,"href":"https:\/\/veteran.az\/index.php?rest_route=%2Fwp%2Fv2%2Fcomments&post=9967"}],"version-history":[{"count":1,"href":"https:\/\/veteran.az\/index.php?rest_route=\/wp\/v2\/posts\/9967\/revisions"}],"predecessor-version":[{"id":9969,"href":"https:\/\/veteran.az\/index.php?rest_route=\/wp\/v2\/posts\/9967\/revisions\/9969"}],"wp:featuredmedia":[{"embeddable":true,"href":"https:\/\/veteran.az\/index.php?rest_route=\/wp\/v2\/media\/9968"}],"wp:attachment":[{"href":"https:\/\/veteran.az\/index.php?rest_route=%2Fwp%2Fv2%2Fmedia&parent=9967"}],"wp:term":[{"taxonomy":"category","embeddable":true,"href":"https:\/\/veteran.az\/index.php?rest_route=%2Fwp%2Fv2%2Fcategories&post=9967"},{"taxonomy":"post_tag","embeddable":true,"href":"https:\/\/veteran.az\/index.php?rest_route=%2Fwp%2Fv2%2Ftags&post=9967"}],"curies":[{"name":"wp","href":"https:\/\/api.w.org\/{rel}","templated":true}]}}