{"id":9943,"date":"2021-05-02T23:28:15","date_gmt":"2021-05-02T19:28:15","guid":{"rendered":"http:\/\/veteran.az\/?p=9943"},"modified":"2021-05-02T23:28:16","modified_gmt":"2021-05-02T19:28:16","slug":"erm%c9%99nistani-qudurdan-fransa-napoleon-istanbuldaki-s%c9%99firin%c9%99-n%c9%99-yazmisdi","status":"publish","type":"post","link":"https:\/\/veteran.az\/?p=9943","title":{"rendered":"Erm\u0259nistan\u0131 qudurdan Fransa: Napoleon \u0130stanbuldak\u0131 s\u0259firin\u0259 n\u0259 yazm\u0131\u015fd\u0131?"},"content":{"rendered":"\n<p><strong>Professor \u015eamil Qurbanov 1995-2004-c\u00fc ill\u0259r aras\u0131nda Milli M\u0259clisin deputat\u0131 olub. O, deputat oldu\u011fu d\u00f6n\u0259md\u0259 Fransa h\u0259yas\u0131z \u015f\u0259kild\u0259 Erm\u0259nistan\u0131 m\u00fcdafi\u0259 edirdi. Buna etiraz olaraq \u015eamil Qurbanovun Fransan\u0131n o vaxtk\u0131 prezidentin\u0259 xitab\u0259n s\u0259sl\u0259ndirdiyi \u201cJak \u015eirak qudurub\u201d replikas\u0131 Milli M\u0259clisin h\u0259min iclas\u0131nda i\u015ftirak ed\u0259n Q\u0259rb \u00f6lk\u0259l\u0259ri diplomtalar\u0131 t\u0259r\u0259find\u0259n etirazla qar\u015f\u0131land\u0131. Onlar\u0131n bir \u00e7oxu n\u00fcmayi\u015fkaran\u0259 \u015f\u0259kild\u0259 Milli M\u0259clisi t\u0259rk etdil\u0259r.<\/strong><\/p>\n\n\n\n<p>\u0130ndi Fransan\u0131n prezidenti Emmanuel Makrondur. Ancaq o da Erm\u0259nistana m\u00fcnasib\u0259td\u0259 eyni m\u00fcnasib\u0259t s\u0259rgil\u0259yir. Da\u011fl\u0131q Qaraba\u011fa, Xank\u0259ndin\u0259 s\u0259f\u0259r etm\u0259k fikrind\u0259 oldu\u011funu bildirir. Fransa C\u0259nubi Qafqazda s\u00fclh v\u0259 sabitliy\u0259 real t\u0259hl\u00fck\u0259y\u0259 \u00e7evrilib. \u018flb\u0259tt\u0259, bu t\u0259sad\u00fcfi deyil.<\/p>\n\n\n\n<p>Fransa erm\u0259ni kart\u0131ndan T\u00fcrkiy\u0259y\u0259 qar\u015f\u0131 t\u0259zyiq vasit\u0259si kimi istifad\u0259 edib. Sovet d\u00f6n\u0259mind\u0259 Fransan\u0131n bu kartdan Az\u0259rbaycana qar\u015f\u0131 istifad\u0259 etm\u0259si is\u0259 b\u0259lli s\u0259b\u0259bd\u0259n m\u00fcmk\u00fcn deyildi.<\/p>\n\n\n\n<p>SSR\u0130 da\u011f\u0131lan kimi Fransa \u0259sas\u0131 h\u0259l\u0259 imperator Napoleon Bonapart t\u0259r\u0259find\u0259n qoyulmu\u015f siyas\u0259t\u0259 d\u00f6nd\u00fc. Tarixd\u0259n m\u0259lumdur ki, Napoleon 1778-1799-cu ill\u0259rd\u0259 o vaxt Osmanl\u0131 imperiyas\u0131n\u0131n bir par\u00e7as\u0131 olan F\u0259l\u0259stin v\u0259 Suriyada ya\u015fayan katolik erm\u0259nil\u0259ri Osmanl\u0131 imperiyas\u0131na qar\u015f\u0131 qald\u0131rma\u011fa \u00e7al\u0131\u015f\u0131b. Bu m\u0259s\u0259l\u0259 il\u0259 ba\u011fl\u0131 imperator Fransan\u0131n \u0130stanbuldak\u0131 s\u0259f\u0259ri general Horace Fran\u00e7ois Bastien S\u00e9bastiani de la Porta m\u0259ktub yaz\u0131b. S\u0259firin imperatora cavab\u0131 bel\u0259 olub: \u201cErm\u0259nil\u0259r \u00f6z ya\u015fay\u0131\u015flar\u0131ndan o q\u0259d\u0259r raz\u0131d\u0131rlar ki, bu, (erm\u0259nil\u0259ri Osmanl\u0131 imperiyas\u0131na qar\u015f\u0131 qald\u0131rmaq) m\u00fcmk\u00fcn deyil\u201d. \u201cArmenian claims and historical facts\u201d kitab\u0131nda bu m\u0259qam x\u00fcsusi il\u0259 vur\u011fulan\u0131r. H\u0259min kitabda Roma tarix\u00e7isi Tacitusun a\u015fa\u011f\u0131dak\u0131 fikrin\u0259 d\u0259 vur\u011fu edilir: \u201cErm\u0259nil\u0259r Roma v\u0259 Persiya imperiyalar\u0131 il\u0259 ba\u011fl\u0131 m\u00f6vqel\u0259rini tez-tez d\u0259yi\u015firl\u0259r. Gah Roma, gah da Persiya imperiyas\u0131na d\u0259st\u0259k verirl\u0259r\u201d. Roma tarix\u00e7isi bu d\u0259yi\u015fk\u0259nliyi \u201cerm\u0259nil\u0259rin q\u0259rib\u0259 xalq\u201d olmas\u0131 il\u0259 izah edir.<\/p>\n\n\n\n<p>Erm\u0259nil\u0259rin can\u0131nda olan bu s\u00fcr\u00fc\u015fk\u0259nlik keyfiyy\u0259ti Osmanl\u0131 imperiyas\u0131n\u0131n q\u00fcrub \u00e7a\u011f\u0131nda da \u00fcz\u0259 \u00e7\u0131xd\u0131. Q\u0259rb \u00f6lk\u0259l\u0259rinin, x\u00fcsus\u0259n Fransa, B\u00f6y\u00fck Britaniya, AB\u015e kimi \u00f6lk\u0259l\u0259rin \u015firin v\u0259dl\u0259r verib q\u0131z\u0131\u015fd\u0131rd\u0131\u011f\u0131 v\u0259 silahland\u0131rd\u0131\u011f\u0131 erm\u0259nil\u0259r Osmanl\u0131 imperiyas\u0131na qar\u015f\u0131 daxild\u0259 lokal m\u00fcharib\u0259l\u0259r\u0259 ba\u015flad\u0131lar. O biri t\u0259r\u0259fd\u0259n is\u0259 \u00e7ar Rusiyas\u0131 erm\u0259nil\u0259rin k\u00f6m\u0259yi il\u0259 Osmanl\u0131n\u0131 i\u00e7\u0259rid\u0259n \u00e7\u00f6kd\u00fcrm\u0259k ist\u0259yirdi&#8230;<\/p>\n\n\n\n<p>Tarix\u0259 q\u0131sa ekskurs Fransan\u0131n T\u00fcrkiy\u0259 v\u0259 Az\u0259rbaycana aqressiv m\u00fcnasib\u0259tinin s\u0259b\u0259bini b\u00fct\u00fcn \u00e7\u0131lpaql\u0131\u011f\u0131 il\u0259 ortaya qoyur. Y\u0259ni, tarix\u0259n t\u00fcrkl\u0259rl\u0259 dost m\u00fcnasib\u0259td\u0259 olan erm\u0259nil\u0259ri Fransa, B\u00f6y\u00fck Britaniya, AB\u015e, Rusiya&#8230; kimi \u00f6lk\u0259l\u0259r \u00f6z maraqlar\u0131 namin\u0259 t\u00fcrkl\u0259r\u0259 qar\u015f\u0131 al\u0259t\u0259 \u00e7eviribl\u0259r. V\u0259 bir \u0259srd\u0259n \u00e7oxdur ki, erm\u0259nil\u0259rd\u0259n t\u00fcrk\u0259l\u0259r\u0259 qar\u015f\u0131 istifad\u0259 edirl\u0259r.<\/p>\n\n\n\n<p>Emmanuel Makron Napoleonun siyasi x\u0259ttnii tutub gedir. Rusiya is\u0259 \u0130stanbulu z\u0259bt etm\u0259k x\u0259yal\u0131 il\u0259 ya\u015fayan I Pyotrun v\u0259siyy\u0259tnam\u0259si \u00fczr\u0259 h\u0259r\u0259k\u0259t edir. Vladimir Putin YouTube-da yay\u0131lan \u00e7\u0131x\u0131\u015flar\u0131n\u0131n birind\u0259 I Pyotrun erm\u0259nil\u0259rl\u0259 ba\u011fl\u0131 v\u0259siyy\u0259tind\u0259n dan\u0131\u015f\u0131r. O deyir ki, Rusiya I Pyotrun v\u0259siyy\u0259tin\u0259 \u0259m\u0259l edir.<\/p>\n\n\n\n<p>Fransa erm\u0259ni separatizmini a\u00e7\u0131q \u015f\u0259kild\u0259 m\u00fcdafi\u0259 edir. Ancaq Avropada biz Fransan\u0131n separtizm\u0259 d\u0259st\u0259k verdiyini g\u00f6rm\u00fcr\u00fck. Niy\u0259? \u018fg\u0259r separatizm m\u00fcdafi\u0259y\u0259 layiqdirs\u0259, n\u0259d\u0259n Fransa tutaq ki, \u0130spaniyan\u0131 l\u0259rz\u0259y\u0259 g\u0259tir\u0259n basklar\u0131 m\u00fcdafi\u0259 etmir. Qeyd edim ki, basklar \u0130spaniyan\u0131n \u015fimal\u0131nda (Basklar \u00f6lk\u0259si, Navarra) v\u0259 Fransan\u0131n c\u0259nub-q\u0259rbind\u0259 ya\u015fay\u0131rlar. Fransa n\u0259d\u0259n basklar\u0131n m\u00fcst\u0259qil d\u00f6vl\u0259t qurmas\u0131na d\u0259st\u0259k vermir? Bel\u0259 bir d\u0259st\u0259k vers\u0259, y\u0259ni Kataloniya s\u00f6z\u00fcn\u00fc a\u011fz\u0131na bel\u0259 alsa, \u0130spaniya s\u00f6z\u00fcn h\u0259qiqi m\u0259nas\u0131nda Fransaya h\u0259ddini bildir\u0259r. El\u0259 Fransan\u0131n \u00f6z\u00fcnd\u0259 d\u0259 al\u0259m bir-birin\u0259 qar\u0131\u015far. \u00c7\u00fcnki m\u00fcst\u0259qi bask d\u00f6vl\u0259tinin yaranmas\u0131 Fransa \u0259razisinin bir hiss\u0259sinin \u0259ld\u0259n \u00e7\u0131xmas\u0131 dem\u0259kdir.<br>Ke\u00e7\u0259k obrazl\u0131 \u015f\u0259kild\u0259 des\u0259k, Fransan\u0131n a\u011fz\u0131n\u0131n i\u00e7ind\u0259 yerl\u0259\u015f\u0259n Bel\u00e7ika krall\u0131\u011f\u0131na. Avropa Birliyinin paytaxt\u0131 m\u0259hz Br\u00fcsseld\u0259 yerl\u0259\u015fir. Be\u00e7likan\u0131n 11.5 milyon \u0259halisi var. Onlardan 6.6 milyon n\u0259f\u0259ri flamandlard\u0131r. Onlar Niderland dilind\u0259 (German dil qrupuna daxildir) dan\u0131\u015f\u0131rlar. Flamandlar min ill\u0259 yax\u0131n m\u00fcst\u0259qil d\u00f6vl\u0259t\u0259 sahib olub.<\/p>\n\n\n\n<p>Xeyli m\u00fcdd\u0259tdir ki, flamandlar faktiki frans\u0131z azl\u0131\u011f\u0131n \u0259sar\u0259ti alt\u0131na d\u00fc\u015f\u00fcbl\u0259r. Onlar da m\u00fcst\u0259qilliy\u0259 can at\u0131rlar. Ancaq Fransa Bel\u00e7ikan\u0131n frans\u0131zdilli hiss\u0259si il\u0259 \u0259l-\u0259l\u0259 verib flamandlar\u0131n m\u00fcst\u0259qillikl\u0259rinin b\u0259rpa olunmas\u0131na imkan vermir.<\/p>\n\n\n\n<p>B\u00f6y\u00fck Britaniyada, \u0130taliyada xeyli separat\u00e7\u0131 b\u00f6lg\u0259 var. Fransa h\u0259min separat\u00e7\u0131lardan uzaq qa\u00e7\u0131r. Bilir ki, onlar\u0131 m\u00fcdafi\u0259 ets\u0259 Avropada q\u0131r\u011f\u0131n d\u00fc\u015f\u0259r.<\/p>\n\n\n\n<p>Avropan\u0131n dig\u0259r \u00f6lk\u0259l\u0259rind\u0259 d\u0259 separatizm meyll\u0259ri \u00e7ox g\u00fccl\u00fcd\u00fcr. T\u0259xmini hesablamalara g\u00f6r\u0259, t\u0259kc\u0259 Avropada 270-\u0259 yax\u0131n separat\u00e7\u0131 h\u0259r\u0259kat f\u0259aliyy\u0259td\u0259dir. Fransa niy\u0259 onlardan he\u00e7 birini m\u00fcdafi\u0259 etmir, amma g\u0259lib C\u0259nubi Qafqazda erm\u0259nil\u0259r\u0259 g\u00f6r\u0259 yaxas\u0131n\u0131 c\u0131r\u0131r?<\/p>\n\n\n\n<p>M\u00fcxt\u0259lif Avropa t\u0259\u015fkilatlar\u0131nda niy\u0259 yaln\u0131z erm\u0259ni separatizmi m\u00fcdafi\u0259 olunur? Ancaq s\u00f6hb\u0259t dig\u0259r separat\u00e7\u0131 h\u0259r\u0259katlara g\u0259l\u0259nd\u0259 Avropa a\u011fz\u0131na su al\u0131b, lal olur. \u00c7\u00fcnki Avropa separatizm\u0259 ya\u015f\u0131l i\u015f\u0131q yand\u0131rsa, Avropa Birliyi tik\u0259-par\u00e7a olacaq. Avropa\u0131llar bunu yax\u015f\u0131 bilirl\u0259r. El\u0259 ona g\u00f6r\u0259 d\u0259 separatizmd\u0259n yarasa i\u015f\u0131qdan qorxan kimi qorxurlar. D\u00fcz d\u0259 edirl\u0259r. \u00c7\u00fcnki separatizm v\u0259t\u0259nda\u015f\u0131 m\u00fcharib\u0259si v\u0259 xaos dem\u0259kdir.<\/p>\n\n\n\n<p>\u0130ndi sual \u00e7\u0131x\u0131r: N\u0259d\u0259n Q\u0259rb sivilizasiyas\u0131 \u00f6z\u00fcn\u0259 r\u0259va g\u00f6rm\u0259diyini biz\u0259 s\u0131r\u0131ma\u011fa \u00e7al\u0131\u015f\u0131r? Niy\u0259 erm\u0259ni separatizmin\u0259 arxa-dayaq durur? M\u0259nc\u0259, bu suallar\u0131n cavab\u0131 b\u0259llidir. Q\u0259rb T\u00fcrkiy\u0259 v\u0259 Az\u0259rbaycan\u0131n, b\u00fct\u00f6vl\u00fckd\u0259 is\u0259 T\u00fcrk d\u00fcnyas\u0131n\u0131n inki\u015faf\u0131n\u0131n qar\u015f\u0131s\u0131n\u0131 almaq \u00fc\u00e7\u00fcn erm\u0259ni kart\u0131ndan d\u00f6rd\u0259lli yap\u0131\u015f\u0131b. Biz bu kart\u0131 onlar\u0131n \u0259lind\u0259n alma\u011f\u0131 bacarmal\u0131y\u0131q.<\/p>\n\n\n\n<p>Q\u0259rb t\u0259\u015fkilatlar\u0131nda t\u0259msil olunan T\u00fcrkiy\u0259 v\u0259 Az\u0259rbaycan n\u00fcmay\u0259nd\u0259l\u0259ri bu kimi m\u0259s\u0259l\u0259l\u0259r haqq\u0131nda a\u00e7\u0131q v\u0259 s\u0259rt dan\u0131\u015fmal\u0131d\u0131r. Bu kimi arqumentl\u0259r qar\u015f\u0131s\u0131nda onlar\u0131n susma\u011fa m\u0259cbur olurlar. \u00d6z t\u0259cr\u00fcb\u0259md\u0259n \u00e7\u0131x\u0131\u015f edib bunu \u0259minlikl\u0259 deyir\u0259m. \u00c7\u00fcnki bu m\u0259s\u0259l\u0259 il\u0259 ba\u011fl\u0131 \u0130sve\u00e7r\u0259d\u0259 \u00e7oxlar\u0131 il\u0259 m\u00fcbahis\u0259 etmi\u015f\u0259m.<\/p>\n\n\n\n<p>Bildiyim odur ki, erm\u0259ni m\u0259s\u0259l\u0259si Q\u0259rbin v\u0259 Rusiyan\u0131n t\u00fcrkl\u0259r\u0259 qar\u015f\u0131 qurdu\u011fu f\u0131r\u0131ldaqdan ba\u015fqa bir \u015fey deyil. F\u0131r\u0131ldaq\u00e7\u0131larla is\u0259 yerini g\u00f6st\u0259rm\u0259k laz\u0131md\u0131r. T\u00fcrkiy\u0259d\u0259 f\u0259aliyy\u0259t g\u00f6st\u0259r\u0259n V\u0259t\u0259n partiyas\u0131n\u0131n s\u0259dri Do\u011fu Perin\u00e7ek h\u0259min f\u0131r\u0131ldaq\u00e7\u0131lar\u0131 bird\u0259f\u0259lik yerind\u0259 otuzdurdu. Fransa erm\u0259ni soyq\u0131r\u0131m\u0131n\u0131n inkar\u0131n\u0131 cinay\u0259t kimi t\u0259sbit etmi\u015fdi. \u0130sve\u00e7r\u0259 d\u0259 h\u0259min yolu tutmu\u015fdu. Do\u011fu Perin\u00e7ek \u0130sve\u00e7r\u0259d\u0259 b\u0259yan etdi ki, erm\u0259ni soyq\u0131r\u0131m\u0131 beyn\u0259lxalq s\u0259viyy\u0259li yaland\u0131r. O, bu b\u0259yanatla Lozannada 2005-ci ilin 25 iyulunda \u00e7\u0131x\u0131\u015f etmi\u015fdi. 2007-ci ild\u0259 \u0130sve\u00e7r\u0259 Ali M\u0259hk\u0259m\u0259si onu m\u00fcq\u0259ssir bildi v\u0259 12 min frank c\u0259rim\u0259 etdi. O, Avropa \u0130nsan H\u00fcquqlar\u0131 M\u0259hk\u0259m\u0259sin\u0259 \u00fcz tutdu. 2013-c\u00fc ilin dekabr\u0131nda Avropa \u0130nsan H\u00fcquqlar\u0131 M\u0259hk\u0259m\u0259si q\u0259rar verdi ki, \u0130sve\u00e7r\u0259 Ali M\u0259hk\u0259m\u0259si insan\u0131n ifad\u0259 azadl\u0131\u011f\u0131na qar\u015f\u0131 \u00e7\u0131x\u0131b. \u018flb\u0259tt\u0259, Fransa yax\u015f\u0131 bilirdi ki, erm\u0259ni genosidinin inkar\u0131n\u0131n cinay\u0259t hesab olunmas\u0131 qeyri-qanuni bir \u015feydir. Buna baxmayaraq, onlar bel\u0259 bir add\u0131m atd\u0131lar. Dig\u0259r Avropa \u00f6lk\u0259l\u0259rini d\u0259 ox\u015far m\u00f6vqe sergil\u0259m\u0259y\u0259 t\u0259hrik etdil\u0259r. Ax\u0131r\u0131 da bel\u0259 bir biab\u0131r\u00e7\u0131l\u0131qla yekunla\u015fd\u0131.<\/p>\n\n\n\n<p>B\u0259li, erm\u0259ni genosidi beyn\u0259lxalq s\u0259viyy\u0259li yaland\u0131r. Fransa da t\u00fcrk d\u00fc\u015fm\u0259n\u00e7iliyind\u0259n qaynaqlanan bu yalan\u0131n h\u0259mm\u00fc\u0259llifl\u0259rind\u0259n biridir. M\u00fcs\u0259lmanlar\u0131 islam fundamentalizmind\u0259 ittiham ed\u0259n Q\u0259rb m\u0259hz xristian fundamentalizmin\u0259 s\u00f6yk\u0259n\u0259r\u0259k h\u0259l\u0259 d\u0259 bu yalan\u0131 m\u00fcdafi\u0259 edir. Bu m\u00fcdafi\u0259nin son parlaq n\u00fcmun\u0259sini is\u0259 \u00f6z\u00fcn\u00fc demokrat adland\u0131ran Co Bayden n\u00fcmayi\u015f etdirdi.<\/p>\n\n\n\n<p>Bu g\u00fcnl\u0259rd\u0259 siyasi \u015f\u0259rh\u00e7il\u0259rimizd\u0259n biri yazm\u0131\u015fd\u0131 ki, demokratlar (s\u00f6hb\u0259t AB\u015e-\u0131n Demokratlar Partiyas\u0131ndan gedir) \u00fc\u00e7\u00fcn etnik, dini, irqi m\u0259nsubiyy\u0259t faktoru yoxdur. Y\u0259ni demokratlar hans\u0131sa mill\u0259tin d\u00fc\u015fm\u0259ni ola bilm\u0259zl\u0259r. M\u0259s\u0259l\u0259n, Kamala Harrisin ba\u015f m\u00fc\u015faviri olan \u015eri-Lanka \u0259silli Rohini K\u00f6so\u011flunun \u0259ri \u00d6zkan Sedat K\u00f6so\u011flu t\u00fcrkd\u00fcr v\u0259 T\u00fcrkiy\u0259 v\u0259t\u0259nda\u015f\u0131d\u0131r. Dem\u0259li, Co Bayden yunanlara, b\u00fct\u00f6vl\u00fckd\u0259 xristian d\u00fcnyas\u0131na xo\u015f g\u0259lm\u0259k \u00fc\u00e7\u00fcn qos-qoca \u0130stanbula Konstantinopol deyir, bizim siyasi ekspert is\u0259 xalq\u0131 inand\u0131rma\u011fa \u00e7al\u0131\u015f\u0131r ki, AB\u015e demokratlar\u0131 \u00fc\u00e7\u00fcn etnik, dini, irqi m\u0259nsubiyy\u0259t faktoru yoxdur. H\u0259l\u0259 bu n\u0259dir ki. Az\u0259rbaycanda el\u0259l\u0259ri var ki, ictimai q\u0131naqdan \u00e7\u0259kinm\u0259s\u0259 T\u00fcrkiy\u0259ni erm\u0259ni soyq\u0131r\u0131m\u0131nda ittiham ed\u0259r. Bu q\u0259bild\u0259n olanlar \u0259sas\u0259n Q\u0259rbd\u0259n qrant alanlard\u0131r. Ancaq Q\u0259rb t\u0259r\u0259find\u0259n beyni yuyulanlar da az deyil.<\/p>\n\n\n\n<p>Amerika tarix\u00e7isi David Stannard\u0131n \u201cAmerican Holocaust\u201d \u0259s\u0259ri 1992-ci ild\u0259 Oksford n\u0259\u015friyyat\u0131nda \u00e7apdan \u00e7\u0131x\u0131b.<\/p>\n\n\n\n<p>Professor yaz\u0131r ki, Amerika hindlular\u0131n (aborigen \u0259hali) 500 il davam ed\u0259n Holokostu h\u0259l\u0259 bitm\u0259yib. Bu, b\u0259\u015f\u0259r tarixind\u0259 \u0259n uzun \u00e7\u0259k\u0259n Holokost (y\u0259ni soyq\u0131r\u0131m) hadis\u0259sidir. Professor yaz\u0131rki, AB\u015e v\u0259 Kanadada 95-114 milyon aras\u0131nda q\u0131z\u0131ld\u0259rili m\u0259hv edilib: \u201cXristofor Kolumb is\u0259 \u015f\u0259xs\u0259n yar\u0131m milyon q\u0131z\u0131ld\u0259rili q\u0259tl\u0259 yetirib\u201d.<\/p>\n\n\n\n<p>David Stannard t\u0259k deyil. Q\u0259rbin onlarca taxrix\u00e7isi ki\u00e7ik f\u0259rql\u0259rl\u0259 eyni \u015feyi s\u00f6yl\u0259yirl\u0259r. \u00d6z\u00fc d\u0259 bu h\u0259l\u0259 AB\u015e v\u0259 Kanadada ba\u015f ver\u0259n soyq\u0131r\u0131md\u0131r. Amerika \u00f6lk\u0259 xaricind\u0259 n\u0259 q\u0259d\u0259r soyq\u0131r\u0131mlar t\u00f6r\u0259dib? H\u0259r \u015fey ortadad\u0131r. V\u0259 t\u0259p\u0259d\u0259n d\u0131rna\u011fa q\u0259d\u0259r qan i\u00e7ind\u0259 olan Amerika hans\u0131 \u00fczl\u0259, hans\u0131 \u0259xlaqla T\u00fcrkiy\u0259ni ittiham edir? Amerika o \u00f6lk\u0259dir ki, orada h\u0259l\u0259 d\u0259 yerli aborigenl\u0259r rezervasiyalarda saxlan\u0131l\u0131r, qarad\u0259rili v\u0259 ispandilli insanlar is\u0259 t\u0259qib olunur&#8230;\/&#187;M\u00fcsavat&#187;\/<\/p>\n","protected":false},"excerpt":{"rendered":"<p>Professor \u015eamil Qurbanov 1995-2004-c\u00fc ill\u0259r aras\u0131nda Milli M\u0259clisin deputat\u0131 olub. O, deputat oldu\u011fu d\u00f6n\u0259md\u0259 Fransa&#8230;<\/p>\n","protected":false},"author":3,"featured_media":9944,"comment_status":"closed","ping_status":"closed","sticky":false,"template":"","format":"standard","meta":{"footnotes":""},"categories":[7],"tags":[],"class_list":["post-9943","post","type-post","status-publish","format-standard","has-post-thumbnail","hentry","category-dunya"],"featured_image_urls":{"full":["https:\/\/veteran.az\/wp-content\/uploads\/2021\/05\/makron_pasinyan.jpg",800,450,false],"thumbnail":["https:\/\/veteran.az\/wp-content\/uploads\/2021\/05\/makron_pasinyan-150x150.jpg",150,150,true],"medium":["https:\/\/veteran.az\/wp-content\/uploads\/2021\/05\/makron_pasinyan-300x169.jpg",300,169,true],"medium_large":["https:\/\/veteran.az\/wp-content\/uploads\/2021\/05\/makron_pasinyan-768x432.jpg",640,360,true],"large":["https:\/\/veteran.az\/wp-content\/uploads\/2021\/05\/makron_pasinyan.jpg",640,360,false],"1536x1536":["https:\/\/veteran.az\/wp-content\/uploads\/2021\/05\/makron_pasinyan.jpg",800,450,false],"2048x2048":["https:\/\/veteran.az\/wp-content\/uploads\/2021\/05\/makron_pasinyan.jpg",800,450,false],"covernews-slider-full":["https:\/\/veteran.az\/wp-content\/uploads\/2021\/05\/makron_pasinyan.jpg",800,450,false],"covernews-slider-center":["https:\/\/veteran.az\/wp-content\/uploads\/2021\/05\/makron_pasinyan.jpg",800,450,false],"covernews-featured":["https:\/\/veteran.az\/wp-content\/uploads\/2021\/05\/makron_pasinyan.jpg",800,450,false],"covernews-medium":["https:\/\/veteran.az\/wp-content\/uploads\/2021\/05\/makron_pasinyan-720x380.jpg",540,285,true],"covernews-medium-square":["https:\/\/veteran.az\/wp-content\/uploads\/2021\/05\/makron_pasinyan-675x450.jpg",375,250,true]},"author_info":{"display_name":"Veteran.az","author_link":"https:\/\/veteran.az\/?author=3"},"category_info":"<a href=\"https:\/\/veteran.az\/?cat=7\" rel=\"category\">D\u00fcnya<\/a>","tag_info":"D\u00fcnya","comment_count":"0","_links":{"self":[{"href":"https:\/\/veteran.az\/index.php?rest_route=\/wp\/v2\/posts\/9943","targetHints":{"allow":["GET"]}}],"collection":[{"href":"https:\/\/veteran.az\/index.php?rest_route=\/wp\/v2\/posts"}],"about":[{"href":"https:\/\/veteran.az\/index.php?rest_route=\/wp\/v2\/types\/post"}],"author":[{"embeddable":true,"href":"https:\/\/veteran.az\/index.php?rest_route=\/wp\/v2\/users\/3"}],"replies":[{"embeddable":true,"href":"https:\/\/veteran.az\/index.php?rest_route=%2Fwp%2Fv2%2Fcomments&post=9943"}],"version-history":[{"count":1,"href":"https:\/\/veteran.az\/index.php?rest_route=\/wp\/v2\/posts\/9943\/revisions"}],"predecessor-version":[{"id":9945,"href":"https:\/\/veteran.az\/index.php?rest_route=\/wp\/v2\/posts\/9943\/revisions\/9945"}],"wp:featuredmedia":[{"embeddable":true,"href":"https:\/\/veteran.az\/index.php?rest_route=\/wp\/v2\/media\/9944"}],"wp:attachment":[{"href":"https:\/\/veteran.az\/index.php?rest_route=%2Fwp%2Fv2%2Fmedia&parent=9943"}],"wp:term":[{"taxonomy":"category","embeddable":true,"href":"https:\/\/veteran.az\/index.php?rest_route=%2Fwp%2Fv2%2Fcategories&post=9943"},{"taxonomy":"post_tag","embeddable":true,"href":"https:\/\/veteran.az\/index.php?rest_route=%2Fwp%2Fv2%2Ftags&post=9943"}],"curies":[{"name":"wp","href":"https:\/\/api.w.org\/{rel}","templated":true}]}}