{"id":9932,"date":"2021-05-01T16:03:44","date_gmt":"2021-05-01T12:03:44","guid":{"rendered":"http:\/\/veteran.az\/?p=9932"},"modified":"2021-05-01T16:03:45","modified_gmt":"2021-05-01T12:03:45","slug":"s%c9%99hidin-xatir%c9%99sin%c9%99-bulaq-istifad%c9%99y%c9%99-verildi-video","status":"publish","type":"post","link":"https:\/\/veteran.az\/?p=9932","title":{"rendered":"\u015e\u0259hidin xatir\u0259sin\u0259 bulaq istifad\u0259y\u0259 verildi &#8212; Video"},"content":{"rendered":"\n<p><strong>L\u0259nk\u0259randa V\u0259t\u0259n m\u00fcharib\u0259si \u015f\u0259hidi S\u0259nan A\u011fazad\u0259nin xatir\u0259sin\u0259 h\u0259sr olunan ehsan bula\u011f\u0131 istifad\u0259y\u0259 verilib.<\/strong><\/p>\n\n\n\n<p>Veteran.az\u00a0<a rel=\"noreferrer noopener\" target=\"_blank\" href=\"http:\/\/report.az\/\">Report<\/a>-a istinad\u0259n x\u0259b\u0259r verir ki, bu g\u00fcn \u015f\u0259hidin 21 ya\u015f\u0131 tamam olur v\u0259 bu m\u00fcnasib\u0259til\u0259 do\u011fuldu\u011fu G\u00f6y\u015faban k\u0259ndind\u0259 xatir\u0259si \u0259b\u0259dil\u0259\u015fdirilib. K\u0259ndin m\u0259rk\u0259zind\u0259 \u015f\u0259hidin ad\u0131na bulaq kompleksi in\u015fa edilib. T\u0259dbird\u0259 rayon icra aparat\u0131n\u0131n n\u00fcmay\u0259nd\u0259si, yerli idar\u0259etm\u0259 orqanlar\u0131n\u0131n \u0259m\u0259kda\u015flar\u0131, k\u0259nd sakinl\u0259ri v\u0259 \u015f\u0259hidin d\u00f6y\u00fc\u015f yolda\u015flar\u0131 i\u015ftirak edib.<\/p>\n\n\n\n<p>Qeyd ed\u0259k ki, \u015f\u0259hid S\u0259nan Nizami o\u011flu A\u011fazad\u0259 1 may 2000-ci ild\u0259 L\u0259nk\u0259ran rayonunun G\u00f6y\u015faban k\u0259ndind\u0259 do\u011fulub. Orta m\u0259kt\u0259bi bitir\u0259nd\u0259n sonra h\u0259qiqi h\u0259rbi xidm\u0259t\u0259 \u00e7a\u011f\u0131r\u0131l\u0131b. 1 il 3 ay xidm\u0259t etdikd\u0259n sonra V\u0259t\u0259n M\u00fcharib\u0259sin\u0259 F\u00fczuli istiqam\u0259tind\u0259 qo\u015fulub. Minaatan b\u00f6l\u00fcy\u00fcnd\u0259 tu\u015flay\u0131\u00e7\u0131 kimi i\u015ftirak edib. H\u0259d\u0259fi s\u0259rrast ni\u015fan almas\u0131 say\u0259sind\u0259 d\u00fc\u015fm\u0259nin bir ne\u00e7\u0259 h\u0259rbi texnikas\u0131n\u0131 v\u0259 canl\u0131 q\u00fcvv\u0259sini m\u0259hv edib. Oktyabr\u0131n 14-d\u0259 q\u0259hr\u0259mancas\u0131na \u015f\u0259hid olub. O, \u201cV\u0259t\u0259n u\u011frunda\u201d v\u0259 \u201cFizulinin azad olunmas\u0131na g\u00f6r\u0259\u201d medallar\u0131na layiq g\u00f6r\u00fcl\u00fcb.<\/p>\n\n\n\n<figure class=\"wp-block-embed is-type-video is-provider-youtube wp-block-embed-youtube wp-embed-aspect-16-9 wp-has-aspect-ratio\"><div class=\"wp-block-embed__wrapper\">\n<iframe loading=\"lazy\" title=\"L\u0259nk\u0259randa V\u0259t\u0259n m\u00fcharib\u0259si \u015f\u0259hidinin xatir\u0259sin\u0259 bulaq istifad\u0259y\u0259 verilib\" width=\"640\" height=\"360\" src=\"https:\/\/www.youtube.com\/embed\/dd843OXNtRw?feature=oembed\" frameborder=\"0\" allow=\"accelerometer; autoplay; clipboard-write; encrypted-media; gyroscope; picture-in-picture; web-share\" referrerpolicy=\"strict-origin-when-cross-origin\" allowfullscreen><\/iframe>\n<\/div><\/figure>\n","protected":false},"excerpt":{"rendered":"<p>L\u0259nk\u0259randa V\u0259t\u0259n m\u00fcharib\u0259si \u015f\u0259hidi S\u0259nan A\u011fazad\u0259nin xatir\u0259sin\u0259 h\u0259sr olunan ehsan bula\u011f\u0131 istifad\u0259y\u0259 verilib. Veteran.az\u00a0Report-a istinad\u0259n&#8230;<\/p>\n","protected":false},"author":3,"featured_media":9933,"comment_status":"closed","ping_status":"closed","sticky":false,"template":"","format":"standard","meta":{"footnotes":""},"categories":[6],"tags":[],"class_list":["post-9932","post","type-post","status-publish","format-standard","has-post-thumbnail","hentry","category-cmiyyt"],"featured_image_urls":{"full":["https:\/\/veteran.az\/wp-content\/uploads\/2021\/05\/sehid_senan-bulaq.jpg",640,362,false],"thumbnail":["https:\/\/veteran.az\/wp-content\/uploads\/2021\/05\/sehid_senan-bulaq-150x150.jpg",150,150,true],"medium":["https:\/\/veteran.az\/wp-content\/uploads\/2021\/05\/sehid_senan-bulaq-300x170.jpg",300,170,true],"medium_large":["https:\/\/veteran.az\/wp-content\/uploads\/2021\/05\/sehid_senan-bulaq.jpg",640,362,false],"large":["https:\/\/veteran.az\/wp-content\/uploads\/2021\/05\/sehid_senan-bulaq.jpg",640,362,false],"1536x1536":["https:\/\/veteran.az\/wp-content\/uploads\/2021\/05\/sehid_senan-bulaq.jpg",640,362,false],"2048x2048":["https:\/\/veteran.az\/wp-content\/uploads\/2021\/05\/sehid_senan-bulaq.jpg",640,362,false],"covernews-slider-full":["https:\/\/veteran.az\/wp-content\/uploads\/2021\/05\/sehid_senan-bulaq.jpg",640,362,false],"covernews-slider-center":["https:\/\/veteran.az\/wp-content\/uploads\/2021\/05\/sehid_senan-bulaq.jpg",640,362,false],"covernews-featured":["https:\/\/veteran.az\/wp-content\/uploads\/2021\/05\/sehid_senan-bulaq.jpg",640,362,false],"covernews-medium":["https:\/\/veteran.az\/wp-content\/uploads\/2021\/05\/sehid_senan-bulaq.jpg",540,305,false],"covernews-medium-square":["https:\/\/veteran.az\/wp-content\/uploads\/2021\/05\/sehid_senan-bulaq.jpg",400,226,false]},"author_info":{"display_name":"Veteran.az","author_link":"https:\/\/veteran.az\/?author=3"},"category_info":"<a href=\"https:\/\/veteran.az\/?cat=6\" rel=\"category\">C\u0259miyy\u0259t<\/a>","tag_info":"C\u0259miyy\u0259t","comment_count":"0","_links":{"self":[{"href":"https:\/\/veteran.az\/index.php?rest_route=\/wp\/v2\/posts\/9932","targetHints":{"allow":["GET"]}}],"collection":[{"href":"https:\/\/veteran.az\/index.php?rest_route=\/wp\/v2\/posts"}],"about":[{"href":"https:\/\/veteran.az\/index.php?rest_route=\/wp\/v2\/types\/post"}],"author":[{"embeddable":true,"href":"https:\/\/veteran.az\/index.php?rest_route=\/wp\/v2\/users\/3"}],"replies":[{"embeddable":true,"href":"https:\/\/veteran.az\/index.php?rest_route=%2Fwp%2Fv2%2Fcomments&post=9932"}],"version-history":[{"count":1,"href":"https:\/\/veteran.az\/index.php?rest_route=\/wp\/v2\/posts\/9932\/revisions"}],"predecessor-version":[{"id":9934,"href":"https:\/\/veteran.az\/index.php?rest_route=\/wp\/v2\/posts\/9932\/revisions\/9934"}],"wp:featuredmedia":[{"embeddable":true,"href":"https:\/\/veteran.az\/index.php?rest_route=\/wp\/v2\/media\/9933"}],"wp:attachment":[{"href":"https:\/\/veteran.az\/index.php?rest_route=%2Fwp%2Fv2%2Fmedia&parent=9932"}],"wp:term":[{"taxonomy":"category","embeddable":true,"href":"https:\/\/veteran.az\/index.php?rest_route=%2Fwp%2Fv2%2Fcategories&post=9932"},{"taxonomy":"post_tag","embeddable":true,"href":"https:\/\/veteran.az\/index.php?rest_route=%2Fwp%2Fv2%2Ftags&post=9932"}],"curies":[{"name":"wp","href":"https:\/\/api.w.org\/{rel}","templated":true}]}}