{"id":9908,"date":"2021-05-01T03:02:48","date_gmt":"2021-04-30T23:02:48","guid":{"rendered":"http:\/\/veteran.az\/?p=9908"},"modified":"2021-05-01T03:02:49","modified_gmt":"2021-04-30T23:02:49","slug":"respublika-veteranlar-t%c9%99skilatinda-fasizm-uz%c9%99rind%c9%99-q%c9%99l%c9%99b%c9%99nin-76-ci-ildonumu-munasib%c9%99til%c9%99-t%c9%99dbir-kecirilib","status":"publish","type":"post","link":"https:\/\/veteran.az\/?p=9908","title":{"rendered":"Respublika Veteranlar T\u0259\u015fkilat\u0131nda fa\u015fizm \u00fcz\u0259rind\u0259 Q\u0259l\u0259b\u0259nin 76-c\u0131 ild\u00f6n\u00fcm\u00fc m\u00fcnasib\u0259til\u0259 t\u0259dbir ke\u00e7irilib"},"content":{"rendered":"\n<p>Aprelin 30-da Az\u0259rbaycan Respublikas\u0131 M\u00fcharib\u0259, \u018fm\u0259k v\u0259 Silahl\u0131 Q\u00fcvv\u0259l\u0259r Veteranlar T\u0259\u015fkilat\u0131nda fa\u015fizm \u00fcz\u0259rind\u0259 Q\u0259l\u0259b\u0259nin 76-c\u0131 ild\u00f6n\u00fcm\u00fc m\u00fcnasib\u0259til\u0259 t\u0259dbir ke\u00e7irilib.<\/p>\n\n\n\n<p>Respublika Veteranlar T\u0259\u015fkilat\u0131n\u0131n m\u0259tbuat xidm\u0259tind\u0259n&nbsp;<a href=\"https:\/\/azertag.az\/\" target=\"_blank\" rel=\"noreferrer noopener\">AZ\u018fRTAC<\/a>-a veril\u0259n m\u0259lumata g\u00f6r\u0259, t\u0259dbird\u0259 \u0130kinci D\u00fcnya m\u00fcharib\u0259si i\u015ftirak\u00e7\u0131lar\u0131, 44 g\u00fcnl\u00fck V\u0259t\u0259n m\u00fcharib\u0259si qazil\u0259ri, D\u00f6vl\u0259t G\u00f6mr\u00fck Komit\u0259sinin \u0259m\u0259kda\u015flar\u0131 v\u0259 k\u00f6n\u00fcll\u00fcl\u0259ri i\u015ftirak edibl\u0259r.<\/p>\n\n\n\n<p>T\u0259dbird\u0259 \u00e7\u0131x\u0131\u015f ed\u0259n Respublika Veteranlar T\u0259\u015fkilat\u0131n\u0131n s\u0259dr m\u00fcavini, polkovnik C\u0259lil X\u0259lilov t\u0259\u015fkilat\u0131n f\u0259aliyy\u0259ti haqq\u0131nda i\u015ftirak\u00e7\u0131lara m\u0259lumat verib. Az\u0259rbaycan xalq\u0131n\u0131n \u0130kinci D\u00fcnya m\u00fcharib\u0259sind\u0259 b\u00f6y\u00fck \u015f\u00fcca\u0259tl\u0259r\u0259 imza atd\u0131\u011f\u0131na diqq\u0259t \u00e7\u0259k\u0259n C.X\u0259lilov minl\u0259rl\u0259 az\u0259rbaycanl\u0131n\u0131n fa\u015fizm\u0259 qar\u015f\u0131 m\u00fcbariz\u0259d\u0259 g\u00f6st\u0259rdiyi q\u0259hr\u0259manl\u0131\u011fa g\u00f6r\u0259 ke\u00e7mi\u015f SSR\u0130-nin \u00e7oxsayl\u0131 orden v\u0259 medallar\u0131 il\u0259 t\u0259ltif edildiyini bildirib.<\/p>\n\n\n\n<p>C\u0259lil X\u0259lilov \u0130kinci D\u00fcnya m\u00fcharib\u0259si i\u015ftirak\u00e7\u0131s\u0131 Fatma S\u0259ttarovan\u0131n Respublika Veteranlar T\u0259\u015fkilat\u0131n\u0131n s\u0259dri se\u00e7ilm\u0259sind\u0259n sonra qurumun f\u0259aliyy\u0259tind\u0259 keyfiyy\u0259t etibaril\u0259 yeni m\u0259rh\u0259l\u0259nin ba\u015fland\u0131\u011f\u0131n\u0131 diqq\u0259t\u0259 \u00e7atd\u0131r\u0131b. Onun ke\u00e7diyi d\u00f6y\u00fc\u015f yolunun v\u0259 h\u0259yat t\u0259cr\u00fcb\u0259sinin g\u0259ncl\u0259rimiz \u00fc\u00e7\u00fcn n\u00fcmun\u0259 t\u0259\u015fkil etdiyini bildir\u0259n C.X\u0259lilov g\u0259nc n\u0259slin \u0130kinci D\u00fcnya m\u00fcharib\u0259si veteranlar\u0131ndan \u00e7ox \u015feyin \u00f6yr\u0259nm\u0259li oldu\u011funu vur\u011fulay\u0131b.<\/p>\n\n\n\n<p>S\u0259dr m\u00fcavini qeyd edib ki, D\u00f6vl\u0259t G\u00f6mr\u00fck Komit\u0259si h\u0259r zaman veteranlara diqq\u0259t v\u0259 qay\u011f\u0131 g\u00f6st\u0259rib. Buna g\u00f6r\u0259 Komit\u0259nin r\u0259hb\u0259rliyin\u0259 minn\u0259tdarl\u0131\u011f\u0131n\u0131 bildir\u0259n C\u0259lil X\u0259lilov bu \u0259m\u0259kda\u015fl\u0131\u011f\u0131n yax\u0131n g\u0259l\u0259c\u0259kd\u0259 daha da geni\u015fl\u0259n\u0259c\u0259yin\u0259 inam\u0131n\u0131 ifad\u0259 edib.<\/p>\n\n\n\n<p>Daha sonra \u00e7\u0131x\u0131\u015f ed\u0259n Respublika Veteranlar T\u0259\u015fkilat\u0131n\u0131n s\u0259dri Fatma S\u0259ttarova \u0130kinci D\u00fcnya m\u00fcharib\u0259si d\u00f6vr\u00fcnd\u0259ki xatir\u0259l\u0259rind\u0259n dan\u0131\u015f\u0131b. Az\u0259rbaycan xalq\u0131n\u0131n q\u0259hr\u0259man \u00f6vladlar\u0131n\u0131n bu m\u00fcharib\u0259d\u0259 sovet torpaqlar\u0131n\u0131n fa\u015fist i\u015f\u011fal\u00e7\u0131lar\u0131ndan m\u00fcdafi\u0259sind\u0259 yax\u0131ndan i\u015ftirak etdiyin\u0259 diqq\u0259t \u00e7\u0259k\u0259n Fatma S\u0259ttarova 44 g\u00fcnl\u00fck V\u0259t\u0259n m\u00fcharib\u0259sinin xalq\u0131m\u0131z\u0131n h\u0259yat\u0131nda \u0259lahidd\u0259 rol oynad\u0131\u011f\u0131n\u0131 bildirib. Fatma S\u0259ttarova g\u0259ncl\u0259ri V\u0259t\u0259ni, xalq\u0131, Ali Ba\u015f Komandan\u0131 sevm\u0259yin \u00f6n\u0259mind\u0259n dan\u0131\u015faraq deyib: \u201cV\u0259t\u0259n m\u00fcharib\u0259sind\u0259 Az\u0259rbaycan g\u0259ncl\u0259rinin g\u00f6st\u0259rdiyi q\u0259hr\u0259manl\u0131q b\u00fct\u00fcn d\u00fcnyaya n\u00fcmun\u0259dir. G\u0259ncl\u0259rimiz bu m\u00fcharib\u0259d\u0259ki igidlikl\u0259ri il\u0259 V\u0259t\u0259ni, torpa\u011f\u0131 nec\u0259 qorumaq laz\u0131m g\u0259ldiyini g\u00f6st\u0259rdil\u0259r. Onlar q\u0259hr\u0259manl\u0131qlar\u0131 il\u0259 tarix yazd\u0131lar. M\u0259n bir ana kimi qazil\u0259rimizin, \u015f\u0259hidl\u0259rimizn qar\u015f\u0131s\u0131nda ba\u015f \u0259yir\u0259m. M\u0259n b\u00fct\u00fcn g\u0259ncl\u0259ri V\u0259t\u0259ni, torpa\u011f\u0131 sevm\u0259y\u0259 s\u0259sl\u0259yir\u0259m. V\u0259t\u0259n d\u0259, ana da m\u00fcq\u0259dd\u0259sdir. Ona g\u00f6r\u0259 d\u0259 V\u0259t\u0259n u\u011frunda \u00f6lm\u0259k olar, amma onu kim\u0259s\u0259 g\u00fcz\u0259\u015ft\u0259 getm\u0259k, torpaqdan pay verm\u0259k olmaz. Az\u0259rbaycan Ordusu Ali Ba\u015f Komandan\u0131n r\u0259hb\u0259rliyi il\u0259 V\u0259t\u0259n m\u00fcharib\u0259sind\u0259 d\u00fc\u015fm\u0259n \u00fcz\u0259rind\u0259ki q\u0259l\u0259b\u0259 il\u0259 bunun \u0259n g\u00f6z\u0259l \u00f6rn\u0259yini g\u00f6st\u0259rdi. Ali Ba\u015f Komandan\u0131m\u0131z\u0131n v\u0259 Birinci vitse-prezident Mehriban \u018fliyevan\u0131n z\u0259hm\u0259ti say\u0259sind\u0259 d\u00f6vl\u0259timiz indiki inki\u015faf m\u0259rh\u0259l\u0259sin\u0259 \u00e7at\u0131b, torpaqlar\u0131m\u0131z i\u015f\u011faldan azad edilib. Art\u0131q b\u00f6y\u00fck quruculuq, abadl\u0131q i\u015fl\u0259ri h\u0259yata ke\u00e7irilir\u201d.<\/p>\n\n\n\n<p>T\u0259dbird\u0259 \u00e7\u0131x\u0131\u015f ed\u0259n D\u00f6vl\u0259t G\u00f6mr\u00fck Komit\u0259sinin Sosial \u0130nnovasiyalar v\u0259 Analitik T\u0259hlil \u0130dar\u0259sinin r\u0259isi, g\u00f6mr\u00fck xidm\u0259ti polkovniki V\u00fcqar \u018fliyev \u0259vv\u0259lc\u0259 Komit\u0259 s\u0259dri S\u0259f\u0259r Mehdiyevin veteranlara \u00fcnvanlanan t\u0259brik m\u0259ktubunu oxuyub. B\u00fct\u00fcn veteranlar\u0131 qar\u015f\u0131dan g\u0259l\u0259n 9 may &#8212; Q\u0259l\u0259b\u0259 G\u00fcn\u00fc v\u0259 Ramazan bayram\u0131 m\u00fcnasib\u0259til\u0259 t\u0259brik ed\u0259n V\u00fcqar \u018fliyev Respublika Veteranlar T\u0259\u015fkilat\u0131n\u0131n f\u0259aliyy\u0259tini y\u00fcks\u0259k qiym\u0259tl\u0259ndirib, g\u0259ncl\u0259ri t\u0259\u015fkilat\u0131n i\u015find\u0259 yax\u0131ndan i\u015ftirak etm\u0259y\u0259, veteranlar\u0131n t\u0259cr\u00fcb\u0259sini \u00f6yr\u0259nm\u0259y\u0259 s\u0259sl\u0259yib. V\u0259t\u0259n m\u00fcharib\u0259sinin Az\u0259rbaycan tarixind\u0259 yeni s\u0259hif\u0259 a\u00e7d\u0131\u011f\u0131n\u0131 bildir\u0259n V\u00fcqar \u018fliyev Prezident \u0130lham \u018fliyevin r\u0259hb\u0259rliyi il\u0259 \u00f6lk\u0259mizin yax\u0131n g\u0259l\u0259c\u0259kd\u0259 yeni inki\u015faf m\u0259rh\u0259l\u0259sin\u0259 q\u0259d\u0259m qoyaca\u011f\u0131na inam\u0131n\u0131 vur\u011fulay\u0131b.<\/p>\n\n\n\n<p>T\u0259dbirin sonunda veteranlara D\u00f6vl\u0259t G\u00f6mr\u00fck Komit\u0259sinin g\u0259tirdiyi bayram sovqatlar\u0131 paylan\u0131l\u0131b.<\/p>\n","protected":false},"excerpt":{"rendered":"<p>Aprelin 30-da Az\u0259rbaycan Respublikas\u0131 M\u00fcharib\u0259, \u018fm\u0259k v\u0259 Silahl\u0131 Q\u00fcvv\u0259l\u0259r Veteranlar T\u0259\u015fkilat\u0131nda fa\u015fizm \u00fcz\u0259rind\u0259 Q\u0259l\u0259b\u0259nin 76-c\u0131&#8230;<\/p>\n","protected":false},"author":3,"featured_media":9909,"comment_status":"closed","ping_status":"closed","sticky":false,"template":"","format":"standard","meta":{"footnotes":""},"categories":[12],"tags":[],"class_list":["post-9908","post","type-post","status-publish","format-standard","has-post-thumbnail","hentry","category-veteran"],"featured_image_urls":{"full":["https:\/\/veteran.az\/wp-content\/uploads\/2021\/05\/16198005675559234767_1000x669.jpg",1000,625,false],"thumbnail":["https:\/\/veteran.az\/wp-content\/uploads\/2021\/05\/16198005675559234767_1000x669-150x150.jpg",150,150,true],"medium":["https:\/\/veteran.az\/wp-content\/uploads\/2021\/05\/16198005675559234767_1000x669-300x188.jpg",300,188,true],"medium_large":["https:\/\/veteran.az\/wp-content\/uploads\/2021\/05\/16198005675559234767_1000x669-768x480.jpg",640,400,true],"large":["https:\/\/veteran.az\/wp-content\/uploads\/2021\/05\/16198005675559234767_1000x669.jpg",640,400,false],"1536x1536":["https:\/\/veteran.az\/wp-content\/uploads\/2021\/05\/16198005675559234767_1000x669.jpg",1000,625,false],"2048x2048":["https:\/\/veteran.az\/wp-content\/uploads\/2021\/05\/16198005675559234767_1000x669.jpg",1000,625,false],"covernews-slider-full":["https:\/\/veteran.az\/wp-content\/uploads\/2021\/05\/16198005675559234767_1000x669.jpg",1000,625,false],"covernews-slider-center":["https:\/\/veteran.az\/wp-content\/uploads\/2021\/05\/16198005675559234767_1000x669-936x625.jpg",749,500,true],"covernews-featured":["https:\/\/veteran.az\/wp-content\/uploads\/2021\/05\/16198005675559234767_1000x669.jpg",1000,625,false],"covernews-medium":["https:\/\/veteran.az\/wp-content\/uploads\/2021\/05\/16198005675559234767_1000x669-720x380.jpg",540,285,true],"covernews-medium-square":["https:\/\/veteran.az\/wp-content\/uploads\/2021\/05\/16198005675559234767_1000x669-675x450.jpg",375,250,true]},"author_info":{"display_name":"Veteran.az","author_link":"https:\/\/veteran.az\/?author=3"},"category_info":"<a href=\"https:\/\/veteran.az\/?cat=12\" rel=\"category\">Veteran d\u00fcnyas\u0131<\/a>","tag_info":"Veteran d\u00fcnyas\u0131","comment_count":"0","_links":{"self":[{"href":"https:\/\/veteran.az\/index.php?rest_route=\/wp\/v2\/posts\/9908","targetHints":{"allow":["GET"]}}],"collection":[{"href":"https:\/\/veteran.az\/index.php?rest_route=\/wp\/v2\/posts"}],"about":[{"href":"https:\/\/veteran.az\/index.php?rest_route=\/wp\/v2\/types\/post"}],"author":[{"embeddable":true,"href":"https:\/\/veteran.az\/index.php?rest_route=\/wp\/v2\/users\/3"}],"replies":[{"embeddable":true,"href":"https:\/\/veteran.az\/index.php?rest_route=%2Fwp%2Fv2%2Fcomments&post=9908"}],"version-history":[{"count":1,"href":"https:\/\/veteran.az\/index.php?rest_route=\/wp\/v2\/posts\/9908\/revisions"}],"predecessor-version":[{"id":9910,"href":"https:\/\/veteran.az\/index.php?rest_route=\/wp\/v2\/posts\/9908\/revisions\/9910"}],"wp:featuredmedia":[{"embeddable":true,"href":"https:\/\/veteran.az\/index.php?rest_route=\/wp\/v2\/media\/9909"}],"wp:attachment":[{"href":"https:\/\/veteran.az\/index.php?rest_route=%2Fwp%2Fv2%2Fmedia&parent=9908"}],"wp:term":[{"taxonomy":"category","embeddable":true,"href":"https:\/\/veteran.az\/index.php?rest_route=%2Fwp%2Fv2%2Fcategories&post=9908"},{"taxonomy":"post_tag","embeddable":true,"href":"https:\/\/veteran.az\/index.php?rest_route=%2Fwp%2Fv2%2Ftags&post=9908"}],"curies":[{"name":"wp","href":"https:\/\/api.w.org\/{rel}","templated":true}]}}