{"id":9822,"date":"2021-04-27T10:41:43","date_gmt":"2021-04-27T06:41:43","guid":{"rendered":"http:\/\/veteran.az\/?p=9822"},"modified":"2021-04-27T10:41:44","modified_gmt":"2021-04-27T06:41:44","slug":"oz-siyasi-maraqlarina-gor%c9%99-h%c9%99qiq%c9%99tl%c9%99r%c9%99-goz-yuman-beyn%c9%99lxalq-quvv%c9%99l%c9%99r","status":"publish","type":"post","link":"https:\/\/veteran.az\/?p=9822","title":{"rendered":"\u00d6z siyasi maraqlar\u0131na g\u00f6r\u0259 h\u0259qiq\u0259tl\u0259r\u0259 g\u00f6z yuman beyn\u0259lxalq q\u00fcvv\u0259l\u0259r"},"content":{"rendered":"\n<p><strong>Do\u011frudan da, beyn\u0259lxalq m\u00fcnasib\u0259tl\u0259r sistemind\u0259 \u201cikili standartlar\u201d siyas\u0259tinin h\u00f6kmranl\u0131\u011f\u0131 t\u0259\u0259ss\u00fcf do\u011furur. \u0130kili standartlar siyas\u0259tin beyn\u0259lxalq riyakarl\u0131\u011f\u0131n t\u0259c\u0259ss\u00fcm\u00fcd\u00fcr. Qondarma \u201cerm\u0259ni soyq\u0131r\u0131m\u0131\u201dn\u0131n tan\u0131nmas\u0131 il\u0259 ba\u011fl\u0131 AB\u015e Prezidenti Co Baydenin 24 aprel tarixli b\u0259yanat\u0131 beyn\u0259lxalq m\u00fcnasib\u0259tl\u0259r sistemind\u0259 h\u00f6kmranl\u0131q ed\u0259n \u201cikili standartlar\u201d siyas\u0259tinin t\u0259zah\u00fcr\u00fcd\u00fcr.<\/strong><\/p>\n\n\n\n<p><br>Y\u00fcz il bundan \u0259vv\u0259l ba\u015f vermi\u015f hadis\u0259l\u0259r yanl\u0131\u015f \u015f\u0259kild\u0259 t\u0259qdim edil\u0259rk\u0259n, 30 il bundan \u0259vv\u0259l Erm\u0259nistan t\u0259r\u0259find\u0259n Xocal\u0131da az\u0259rbaycanl\u0131lara qar\u015f\u0131 t\u00f6r\u0259dil\u0259n soyq\u0131r\u0131m\u0131na h\u0259l\u0259 d\u0259 \u0259dal\u0259tli qiym\u0259t verilm\u0259m\u0259si q\u0259r\u0259zlilik v\u0259 ikili standart n\u00fcmun\u0259sidir. S\u00f6z\u00fcged\u0259n m\u0259s\u0259l\u0259 \u00fczr\u0259 beyn\u0259lxalq arbitr rolunu \u00f6z \u00fcz\u0259rin\u0259 g\u00f6t\u00fcr\u0259n AB\u015e obyektiv olmal\u0131d\u0131r. Bu c\u00fcr b\u0259yanatlar\u0131n m\u0259qs\u0259di \u0259g\u0259r tarixi faktlar\u0131n obyektiv ara\u015fd\u0131r\u0131lmas\u0131d\u0131rsa, siyasi m\u0259qs\u0259dl\u0259r\u0259 g\u00f6r\u0259 tarixi reall\u0131q t\u0259hrif edilm\u0259m\u0259li v\u0259 ara\u015fd\u0131rma bu sah\u0259d\u0259 ixtisasla\u015fm\u0131\u015f beyn\u0259lxalq t\u0259dqiqat institutlar\u0131na, h\u0259m\u00e7inin tan\u0131nm\u0131\u015f tarix\u00e7il\u0259r\u0259 h\u0259val\u0259 edilm\u0259lidir. R\u0259smi Ankara m\u0259hz bu m\u00f6vqed\u0259n \u00e7\u0131x\u0131\u015f ed\u0259r\u0259k \u00f6z arxivl\u0259rini tarix\u00e7il\u0259r\u0259 a\u00e7ma\u011fa haz\u0131r oldu\u011funu d\u0259f\u0259l\u0259rl\u0259 bildirib v\u0259 h\u0259qiq\u0259ti \u00fcz\u0259 \u00e7\u0131xarmaq namin\u0259 birg\u0259 komissiyan\u0131n yarad\u0131lmas\u0131 t\u0259klifini ir\u0259li s\u00fcr\u00fcb. Tarixi hadis\u0259l\u0259rin qiym\u0259tl\u0259ndirilm\u0259sind\u0259 m\u00fctl\u0259q obyektiv m\u00f6vqed\u0259n \u00e7\u0131x\u0131\u015f edilm\u0259lidir. 1915-ci il hadis\u0259l\u0259ri siyas\u0259t\u00e7il\u0259r deyil, tarix\u00e7il\u0259r t\u0259r\u0259find\u0259n ara\u015fd\u0131r\u0131lmal\u0131d\u0131r. Lakin m\u0259lum oldu\u011fu kimi, ba\u015f ver\u0259n hadis\u0259l\u0259ri \u00f6rt-basd\u0131r etm\u0259k ist\u0259y\u0259n, \u00f6z\u00fcn\u00fc m\u0259zlum \u00f6lk\u0259 kimi q\u0259l\u0259m\u0259 verm\u0259y\u0259 \u00e7al\u0131\u015fan Erm\u0259nistan h\u0259min d\u00f6vr\u00fcn hadis\u0259l\u0259rinin birg\u0259 tarixi komissiya t\u0259r\u0259find\u0259n ara\u015fd\u0131r\u0131lmas\u0131 bar\u0259d\u0259 T\u00fcrkiy\u0259nin t\u0259klifini q\u0259bul etm\u0259yib. Tarixin saxtala\u015fd\u0131r\u0131lmas\u0131, \u201ctarixin yenid\u0259n yaz\u0131lmas\u0131\u201d c\u0259hdl\u0259ri v\u0259 onun siyasi t\u0259zyiq m\u0259qs\u0259dil\u0259 istifad\u0259 edilm\u0259si q\u0259buledilm\u0259zdir. Sifari\u015fli siyasi m\u0259qs\u0259dl\u0259r\u0259 xidm\u0259t ed\u0259n b\u0259yanatlar beyn\u0259lxalq m\u00fcnasib\u0259tl\u0259r sisteminin dayan\u0131ql\u0131 inki\u015faf\u0131 \u00fc\u00e7\u00fcn t\u0259hdid yarada bil\u0259r. B\u0259zi \u00f6lk\u0259l\u0259rin r\u0259hb\u0259rl\u0259rinin 1915-ci il hadis\u0259l\u0259rini siyasil\u0259\u015fdirm\u0259k c\u0259hdl\u0259ri q\u0259buledilm\u0259zdir. AB\u015e Prezidentinin erm\u0259ni an\u0131m g\u00fcn\u00fc il\u0259 ba\u011fl\u0131 b\u0259yanat\u0131 tarixi h\u0259qiq\u0259tl\u0259rin t\u0259hrifidir. Telefon dan\u0131\u015f\u0131\u011f\u0131 zaman\u0131 Prezident \u0130lham \u018fliyev a\u00e7\u0131qlaman\u0131n regionda yaranmaqda olan \u0259m\u0259kda\u015fl\u0131q meyill\u0259rin\u0259 ciddi z\u0259r\u0259r vurdu\u011funu bildirib. Bu c\u00fcr b\u0259yanatlar q\u0259r\u0259zli xarakter da\u015f\u0131y\u0131r v\u0259 konkret \u00f6lk\u0259l\u0259rin siyasi maraqlar\u0131na xidm\u0259t edir. \u00d6lk\u0259l\u0259r v\u0259 xalqlar aras\u0131nda d\u00f6z\u00fcms\u00fczl\u00fck t\u0259lqin ed\u0259n bu c\u00fcr yana\u015fmalar dayan\u0131ql\u0131 s\u00fclh\u0259 t\u0259hdid t\u00f6r\u0259dir. D\u00fcnya tarixi daha bir beyn\u0259lxalq riyakarl\u0131q n\u00fcmun\u0259si il\u0259 \u201cz\u0259nginl\u0259\u015fdi\u201d.<\/p>\n\n\n\n<p> Qondarma \u201cerm\u0259ni soyq\u0131r\u0131m\u0131\u201d m\u0259s\u0259l\u0259sini siyasil\u0259\u015fdir\u0259r\u0259k g\u00fcnd\u0259m\u0259 g\u0259tir\u0259nl\u0259r h\u0259min d\u00f6vrd\u0259 erm\u0259ni silahl\u0131 d\u0259st\u0259l\u0259ri t\u0259r\u0259find\u0259n 500 mind\u0259n art\u0131q insan\u0131n k\u00fctl\u0259vi \u00f6ld\u00fcr\u00fclm\u0259si hallar\u0131, habel\u0259 erm\u0259ni da\u015fnaklar\u0131n 1918-ci ilin mart\u0131nda Bak\u0131da v\u0259 Az\u0259rbaycan\u0131n dig\u0259r regionlar\u0131nda t\u00f6r\u0259tdikl\u0259ri k\u00fctl\u0259vi q\u0131r\u011f\u0131nlara m\u00fcnasib\u0259td\u0259 susqunluq n\u00fcmayi\u015f etdirir. AB\u015e Prezidenti Co Baydenin erm\u0259ni an\u0131m g\u00fcn\u00fc m\u00fcnasib\u0259til\u0259 b\u0259yanat\u0131nda 1915-ci il hadis\u0259l\u0259ri il\u0259 ba\u011fl\u0131 tarixi h\u0259qiq\u0259tl\u0259rin t\u0259hrif olunmas\u0131 t\u0259\u0259ss\u00fcf do\u011furur. Son d\u00f6vrl\u0259r qondarma \u201cerm\u0259ni soyq\u0131r\u0131m\u0131\u201d iddialar\u0131n\u0131n d\u00fcnya g\u00fcnd\u0259mind\u0259 yer almas\u0131n\u0131n s\u0259b\u0259bkar\u0131 t\u0259kc\u0259 Erm\u0259nistan v\u0259 erm\u0259ni lobbisi deyil, h\u0259m\u00e7inin regionla ba\u011fl\u0131 imperialist maraqlar g\u00fcd\u0259n qlobal g\u00fccl\u0259rdir. <\/p>\n\n\n\n<p>Yax\u015f\u0131 olard\u0131 ki, \u201ctarixi h\u0259qiq\u0259tl\u0259r axtar\u0131\u015f\u0131\u201dnda olan q\u00fcvv\u0259l\u0259r erm\u0259ni mill\u0259t\u00e7il\u0259rind\u0259n M\u0259rk\u0259zi Anadoluda t\u00f6r\u0259tdikl\u0259ri amans\u0131z q\u0259tll\u0259rin hesab\u0131n\u0131 ist\u0259y\u0259rdil\u0259r.<\/p>\n\n\n\n<p><br>Saxtakarl\u0131q v\u0259 fitn\u0259karl\u0131q \u00fcz\u0259rind\u0259 qurulmu\u015f Erm\u0259nistan\u0131n m\u0259krli siyas\u0259ti h\u0259r yerd\u0259 \u00f6z \u00e7irkinliyi il\u0259 ciddi \u015f\u0259kild\u0259 biruz\u0259 verir. Tarixi saxtakarl\u0131qlar \u00fcz\u0259rind\u0259 qurulmu\u015f erm\u0259ni d\u00f6vl\u0259t\u00e7iliyi b\u00fct\u00fcn d\u00f6vrl\u0259rd\u0259 m\u00fcxt\u0259lif t\u0259xribatlara \u0259l at\u0131b. Onillikl\u0259r \u0259rzind\u0259 erm\u0259ni t\u0259bli\u011fat ma\u015f\u0131n\u0131 v\u0259 onun havadarlar\u0131 Osmanl\u0131 imperiyas\u0131nda erm\u0259nil\u0259r\u0259 qar\u015f\u0131 soyq\u0131r\u0131m\u0131 t\u00f6r\u0259dildiyini s\u00fcbut etm\u0259y\u0259 v\u0259 b\u00fct\u00fcn d\u00fcnyan\u0131 buna inand\u0131rma\u011fa c\u0259hd g\u00f6st\u0259rib. R\u0259smi \u0130r\u0259van\u0131n m\u0259krli siyas\u0259ti h\u0259l\u0259 d\u0259 d\u00fcnyada yay\u0131lmaqdad\u0131r. Bu c\u00fcr add\u0131mlar\u0131n arxas\u0131nda Erm\u0259nistana t\u0259zminat \u00f6d\u0259nilm\u0259si v\u0259 T\u00fcrkiy\u0259 \u0259razisinin bir hiss\u0259sinin onlara verilm\u0259si kimi c\u0259f\u0259ng t\u0259l\u0259b v\u0259 iddialar durur. Erm\u0259ni \u0259d\u0259biyyat\u0131nda T\u00fcrkiy\u0259nin \u015f\u0259rq \u0259yal\u0259tl\u0259rinin \u201cQ\u0259rbi Erm\u0259nistan\u201d adland\u0131r\u0131lmas\u0131 da h\u0259min iddialar\u0131n r\u0259smil\u0259\u015fdirilm\u0259sin\u0259 xidm\u0259t edir. Erm\u0259nistan\u0131n tarixi faktlar\u0131n saxtala\u015fd\u0131r\u0131lmas\u0131 v\u0259 ekspansiya siyas\u0259ti yaln\u0131z qarda\u015f T\u00fcrkiy\u0259y\u0259 qar\u015f\u0131 deyil, uzun ill\u0259r \u0259rzind\u0259 Az\u0259rbaycana qar\u015f\u0131 da h\u0259yata ke\u00e7irilib. T\u0259kc\u0259 1918-ci ilin mart soyq\u0131r\u0131m\u0131 zaman\u0131 12 mind\u0259n \u00e7ox t\u00fcrk-m\u00fcs\u0259lman \u00f6ld\u00fcr\u00fcl\u00fcb. XX \u0259srin dig\u0259r faci\u0259si Xocal\u0131 soyq\u0131r\u0131m\u0131d\u0131r. 1992-ci il fevral\u0131n 26-da Erm\u0259nistan h\u0259rbi birl\u0259\u015fm\u0259l\u0259ri t\u0259r\u0259find\u0259n 7 min \u0259halisi olan Xocal\u0131 \u015f\u0259h\u0259rind\u0259 amans\u0131z cinay\u0259t t\u00f6r\u0259dilib. Ba\u015f vermi\u015f bu faci\u0259l\u0259r t\u0259kc\u0259 Az\u0259rbaycan xalq\u0131na deyil, b\u00fct\u00fcn b\u0259\u015f\u0259riyy\u0259t\u0259 qar\u015f\u0131 y\u00f6n\u0259lmi\u015f \u0259n a\u011f\u0131r cinay\u0259tl\u0259rd\u0259ndir. Aqressiv erm\u0259ni siyas\u0259tinin t\u0259zah\u00fcr\u00fc olan bu cinay\u0259tl\u0259rin uzun ill\u0259rd\u0259n b\u0259ri \u00f6z siyasi-h\u00fcquqi qiym\u0259tini almamas\u0131 ikili siyas\u0259tin t\u0259c\u0259ss\u00fcm\u00fcd\u00fcr.<\/p>\n\n\n\n<p><br>\u018flb\u0259tt\u0259 ki, iki qarda\u015f \u00f6lk\u0259nin vahid m\u00f6vqeyi biz\u0259 d\u00fc\u015fm\u0259n olan d\u00f6vl\u0259tl\u0259r t\u0259r\u0259find\u0259n q\u0131sqancl\u0131qla qar\u015f\u0131lan\u0131r. \u0130ki qarda\u015f d\u00f6vl\u0259tin ba\u015f\u00e7\u0131lar\u0131 b\u00fct\u00fcn m\u0259s\u0259l\u0259l\u0259rd\u0259 oldu\u011fu kimi, bu d\u0259f\u0259 d\u0259 AB\u015e Prezidentinin m\u0259lum b\u0259yanat\u0131na qar\u015f\u0131 eyni m\u00f6vqed\u0259n \u00e7\u0131x\u0131\u015f edibl\u0259r. Aprelin 24-d\u0259 Az\u0259rbaycan Prezidenti il\u0259 T\u00fcrkiy\u0259 Prezidenti aras\u0131nda telefon dan\u0131\u015f\u0131\u011f\u0131 olub. Telefon dan\u0131\u015f\u0131\u011f\u0131 \u0259snas\u0131nda d\u00f6vl\u0259t ba\u015f\u00e7\u0131lar\u0131 AB\u015e Prezidenti C.Baydenin qondarma \u201cerm\u0259ni soyq\u0131r\u0131m\u0131\u201d il\u0259 \u0259laq\u0259dar b\u0259yanat\u0131n\u0131 q\u0131nay\u0131blar. Az\u0259rbaycan\u0131n m\u00f6vqeyi konkret v\u0259 birm\u0259nal\u0131d\u0131r. T\u00fcrkiy\u0259 Prezidenti il\u0259 telefon dan\u0131\u015f\u0131\u011f\u0131 zaman\u0131 bu q\u0259rar\u0131n yanl\u0131\u015f oldu\u011funu qeyd ed\u0259n Prezident \u0130lham \u018fliyev onu tarixi s\u0259hv adland\u0131r\u0131b. D\u00f6vl\u0259timizin ba\u015f\u00e7\u0131s\u0131 Az\u0259rbaycan\u0131n bu b\u0259yanat\u0131 q\u0259buledilm\u0259z hesab etdiyini vur\u011fulay\u0131b. Az\u0259rbaycan-T\u00fcrkiy\u0259 qarda\u015fl\u0131\u011f\u0131 b\u00fct\u00fcn s\u0131naqlardan inamla v\u0259 \u00fcz\u00fca\u011f \u00e7\u0131x\u0131b. D\u00f6vl\u0259timizin ba\u015f\u00e7\u0131s\u0131 Az\u0259rbaycan\u0131n h\u0259r zaman T\u00fcrkiy\u0259nin yan\u0131nda oldu\u011funu qeyd edib. \u018flb\u0259tt\u0259 ki, h\u0259mi\u015f\u0259 T\u00fcrkiy\u0259 Prezidenti d\u0259st\u0259y\u0259 v\u0259 ifad\u0259 etdiyi m\u00f6vqeyin\u0259 g\u00f6r\u0259 Prezident \u0130lham \u018fliyev\u0259 t\u0259\u015f\u0259kk\u00fcr\u00fcn\u00fc bildirib. O da \u00f6z n\u00f6vb\u0259sind\u0259 T\u00fcrkiy\u0259nin h\u0259r zaman Az\u0259rbaycan\u0131n yan\u0131nda oldu\u011funu bildirib. Az\u0259rbaycan il\u0259 T\u00fcrkiy\u0259 aras\u0131nda qarda\u015fl\u0131q v\u0259 dostluq m\u00fcnasib\u0259tl\u0259ri b\u00fct\u00fcn sah\u0259l\u0259rd\u0259 y\u00fcks\u0259l\u0259n x\u0259tt \u00fczr\u0259 inki\u015faf edir. Qarda\u015f T\u00fcrkiy\u0259y\u0259 d\u0259st\u0259k namin\u0259 Az\u0259rbaycanda n\u00f6vb\u0259ti d\u0259f\u0259 siyasi h\u0259mr\u0259ylik n\u00fcmun\u0259si ya\u015fand\u0131. <\/p>\n\n\n\n<p>Az\u0259rbaycanda f\u0259aliyy\u0259t g\u00f6st\u0259r\u0259n 48 siyasi partiya 24 aprel tarixind\u0259 m\u0259s\u0259l\u0259 il\u0259 ba\u011fl\u0131 birg\u0259 b\u0259yanat imzalayaraq, h\u0259r zaman qarda\u015f T\u00fcrkiy\u0259nin yan\u0131nda olduqlar\u0131n\u0131 v\u0259 x\u0259st\u0259 erm\u0259ni\u00e7ilik ideallar\u0131 b\u0259sl\u0259y\u0259n AB\u015e Prezidentinin qondarma \u201cerm\u0259ni soyq\u0131r\u0131m\u0131\u201d m\u0259s\u0259l\u0259sin\u0259 dair m\u00f6vqeyini q\u0259tiyy\u0259tl\u0259 pisl\u0259dikl\u0259rini b\u0259yan etmi\u015fl\u0259r. Siyasi partiyalar\u0131n s\u00f6z\u00fcged\u0259n b\u0259yanat\u0131 Az\u0259rbaycan-T\u00fcrkiy\u0259 m\u00fcnasib\u0259tl\u0259rinin qarda\u015fl\u0131q m\u00fcst\u0259vid\u0259 quruldu\u011funun n\u00f6vb\u0259ti s\u00fcbutu v\u0259 \u201c\u0130ki d\u00f6vl\u0259t bir mill\u0259t\u201d prinsipinin t\u0259c\u0259ss\u00fcm\u00fcd\u00fcr!..<\/p>\n\n\n\n<p> <strong>Ya\u015fas\u0131n m\u00fcst\u0259qil Az\u0259rbaycan Respublikas\u0131! E\u015fq olsun Az\u0259rbaycan xalq\u0131na! E\u015fq olsun Az\u0259rbaycan-T\u00fcrkiy\u0259 qarda\u015fl\u0131\u011f\u0131na!. Allah c\u0259mi \u015f\u0259hidl\u0259rimiz\u0259 r\u0259hm\u0259t etsin! <\/strong><\/p>\n\n\n\n<p><strong>Allah yaral\u0131 h\u0259rbi qulluq\u00e7ular\u0131m\u0131za \u015f\u0259fa versin! Allah, Az\u0259rbaycan Respublikas\u0131n\u0131n Prezidenti, Ali Ba\u015f Komandan, c\u0259nab \u0130lham \u018fliyevi qorusun!!!&#8230;<\/strong><\/p>\n\n\n\n<p> <strong>M\u00fcbariz Mirz\u0259 o\u011flu Mirzaliyev<\/strong><\/p>\n\n\n\n<p><strong> Az\u0259rbaycan Respublikas\u0131 \u015e\u0259hid Ail\u0259l\u0259rin\u0259 \u201cQay\u011f\u0131\u201d C\u0259miyy\u0259tinin X\u0259z\u0259r rayon \u015f\u00f6b\u0259sinin s\u0259dr m\u00fcavini BAKI \u015e\u018fH\u018fR\u0130, X\u018fZ\u018fR RAYON SAK\u0130N\u0130<\/strong><\/p>\n","protected":false},"excerpt":{"rendered":"<p>Do\u011frudan da, beyn\u0259lxalq m\u00fcnasib\u0259tl\u0259r sistemind\u0259 \u201cikili standartlar\u201d siyas\u0259tinin h\u00f6kmranl\u0131\u011f\u0131 t\u0259\u0259ss\u00fcf do\u011furur. \u0130kili standartlar siyas\u0259tin beyn\u0259lxalq&#8230;<\/p>\n","protected":false},"author":3,"featured_media":9823,"comment_status":"closed","ping_status":"closed","sticky":false,"template":"","format":"standard","meta":{"footnotes":""},"categories":[10],"tags":[],"class_list":["post-9822","post","type-post","status-publish","format-standard","has-post-thumbnail","hentry","category-avmvib"],"featured_image_urls":{"full":["https:\/\/veteran.az\/wp-content\/uploads\/2021\/04\/1404948.jpg",734,412,false],"thumbnail":["https:\/\/veteran.az\/wp-content\/uploads\/2021\/04\/1404948-150x150.jpg",150,150,true],"medium":["https:\/\/veteran.az\/wp-content\/uploads\/2021\/04\/1404948-300x168.jpg",300,168,true],"medium_large":["https:\/\/veteran.az\/wp-content\/uploads\/2021\/04\/1404948.jpg",640,359,false],"large":["https:\/\/veteran.az\/wp-content\/uploads\/2021\/04\/1404948.jpg",640,359,false],"1536x1536":["https:\/\/veteran.az\/wp-content\/uploads\/2021\/04\/1404948.jpg",734,412,false],"2048x2048":["https:\/\/veteran.az\/wp-content\/uploads\/2021\/04\/1404948.jpg",734,412,false],"covernews-slider-full":["https:\/\/veteran.az\/wp-content\/uploads\/2021\/04\/1404948.jpg",734,412,false],"covernews-slider-center":["https:\/\/veteran.az\/wp-content\/uploads\/2021\/04\/1404948.jpg",734,412,false],"covernews-featured":["https:\/\/veteran.az\/wp-content\/uploads\/2021\/04\/1404948.jpg",734,412,false],"covernews-medium":["https:\/\/veteran.az\/wp-content\/uploads\/2021\/04\/1404948-720x380.jpg",540,285,true],"covernews-medium-square":["https:\/\/veteran.az\/wp-content\/uploads\/2021\/04\/1404948-675x412.jpg",400,244,true]},"author_info":{"display_name":"Veteran.az","author_link":"https:\/\/veteran.az\/?author=3"},"category_info":"<a href=\"https:\/\/veteran.az\/?cat=10\" rel=\"category\">AVMV\u0130B<\/a>","tag_info":"AVMV\u0130B","comment_count":"0","_links":{"self":[{"href":"https:\/\/veteran.az\/index.php?rest_route=\/wp\/v2\/posts\/9822","targetHints":{"allow":["GET"]}}],"collection":[{"href":"https:\/\/veteran.az\/index.php?rest_route=\/wp\/v2\/posts"}],"about":[{"href":"https:\/\/veteran.az\/index.php?rest_route=\/wp\/v2\/types\/post"}],"author":[{"embeddable":true,"href":"https:\/\/veteran.az\/index.php?rest_route=\/wp\/v2\/users\/3"}],"replies":[{"embeddable":true,"href":"https:\/\/veteran.az\/index.php?rest_route=%2Fwp%2Fv2%2Fcomments&post=9822"}],"version-history":[{"count":1,"href":"https:\/\/veteran.az\/index.php?rest_route=\/wp\/v2\/posts\/9822\/revisions"}],"predecessor-version":[{"id":9824,"href":"https:\/\/veteran.az\/index.php?rest_route=\/wp\/v2\/posts\/9822\/revisions\/9824"}],"wp:featuredmedia":[{"embeddable":true,"href":"https:\/\/veteran.az\/index.php?rest_route=\/wp\/v2\/media\/9823"}],"wp:attachment":[{"href":"https:\/\/veteran.az\/index.php?rest_route=%2Fwp%2Fv2%2Fmedia&parent=9822"}],"wp:term":[{"taxonomy":"category","embeddable":true,"href":"https:\/\/veteran.az\/index.php?rest_route=%2Fwp%2Fv2%2Fcategories&post=9822"},{"taxonomy":"post_tag","embeddable":true,"href":"https:\/\/veteran.az\/index.php?rest_route=%2Fwp%2Fv2%2Ftags&post=9822"}],"curies":[{"name":"wp","href":"https:\/\/api.w.org\/{rel}","templated":true}]}}