{"id":9810,"date":"2021-04-27T02:13:22","date_gmt":"2021-04-26T22:13:22","guid":{"rendered":"http:\/\/veteran.az\/?p=9810"},"modified":"2021-04-27T02:13:22","modified_gmt":"2021-04-26T22:13:22","slug":"%c9%99rdogandan-bayden%c9%99-s%c9%99rt-reaksiya-rusvayciligi-ort-basdir-etm%c9%99k-ist%c9%99yirl%c9%99r","status":"publish","type":"post","link":"https:\/\/veteran.az\/?p=9810","title":{"rendered":"\u018frdo\u011fandan Bayden\u0259 S\u018fRT REAKS\u0130YA: &#171;R\u00fcsvay\u00e7\u0131l\u0131\u011f\u0131 \u00f6rt-basd\u0131r etm\u0259k ist\u0259yirl\u0259r&#187;"},"content":{"rendered":"\n<p><strong>&#171;Aprelin 24-d\u0259 AB\u015e Prezidenti Co Bayden \u00f6z \u00e7\u0131x\u0131\u015f\u0131nda co\u011frafiyam\u0131zda bir \u0259sr \u00f6nc\u0259 ya\u015fanan faci\u0259li hadis\u0259l\u0259rl\u0259 \u0259laq\u0259dar \u0259sass\u0131z, haqs\u0131z, h\u0259qiq\u0259tl\u0259r\u0259 uy\u011fun olmayan ifad\u0259l\u0259r\u0259 yol verib. He\u00e7 bir tarixi v\u0259 h\u00fcquqi \u0259sas\u0131 olmayan bu ifad\u0259l\u0259r mill\u0259timizin h\u0259r bir f\u0259rdi kimi bizi d\u0259 t\u0259\u0259ss\u00fcfl\u0259ndirdi&#187;.<\/strong><\/p>\n\n\n\n<p><strong><a target=\"_blank\" href=\"http:\/\/publika.az\/\" rel=\"noreferrer noopener\">Publika.az<\/a><\/strong>&nbsp;&#171;Haber Global&#187;a istinadla x\u0259b\u0259r verir ki, bu s\u00f6zl\u0259ri T\u00fcrkiy\u0259 Prezidenti R\u0259c\u0259b Tayyib \u018frdo\u011fan Nazirl\u0259r Kabinetinin n\u00f6vb\u0259ti iclas\u0131ndan sonra a\u00e7\u0131qlamas\u0131nda bildirib.<\/p>\n\n\n\n<p>R.T.\u018frdo\u011fan\u0131n s\u00f6zl\u0259rin\u0259 g\u00f6r\u0259, o, Co Baydenin radikal erm\u0259ni dair\u0259l\u0259rinin t\u0259zyiqi il\u0259 bel\u0259 bir ifad\u0259 i\u015fl\u0259tdiyini d\u00fc\u015f\u00fcn\u00fcr:<\/p>\n\n\n\n<p>\u201cBu v\u0259ziyy\u0259t ortaya \u00e7\u0131xan m\u0259nz\u0259r\u0259nin iki \u00f6lk\u0259 aras\u0131ndak\u0131 naraz\u0131l\u0131\u011f\u0131 aradan qald\u0131rmayacaq. T\u00fcrkiy\u0259 olaraq, tarixd\u0259 olan faci\u0259l\u0259rin m\u00fcqayis\u0259 olunmas\u0131n\u0131 humanist hal hesab etmirik, amma \u0259g\u0259r bel\u0259 bir yar\u0131\u015f ke\u00e7iril\u0259c\u0259ks\u0259, biz aln\u0131a\u00e7\u0131q, \u00fcz\u00fca\u011f \u00e7\u0131xaca\u011f\u0131m\u0131za \u0259minik. \u00c7\u00fcnki he\u00e7 bir yerd\u0259 erm\u0259nil\u0259r\u0259 aid toplu m\u0259zara rast g\u0259l\u0259 bilm\u0259zsiniz, amma t\u00fcrkl\u0259r\u0259 aid \u00e7ox sayda toplu m\u0259zarlar var. AB\u015e v\u0259 Avropa ba\u015fda olmaqla biz\u0259 qar\u015f\u0131 soyq\u0131r\u0131m\u0131 ittiham\u0131 y\u00f6n\u0259ld\u0259nl\u0259rin h\u0259r birinin tarixind\u0259 bu utancverici q\u0259tliamlar yer al\u0131b\u201d.<\/p>\n\n\n\n<p>\u201cOsmanl\u0131n\u0131n Balkanlardan v\u0259 Zaqafqaziyaya uzanan \u0259halisinin yar\u0131ya q\u0259d\u0259ri \u00f6l\u00fcm, yar\u0131s\u0131 s\u00fcrg\u00fcn ac\u0131s\u0131 ya\u015fay\u0131b. \u00dcst\u0259lik, biz bunu demirik. Q\u0259rbli tarix\u00e7il\u0259r deyir\u201d, &#8212; \u018frdo\u011fan vur\u011fulay\u0131b.<\/p>\n\n\n\n<p>T\u00fcrkiy\u0259 Prezidenti h\u0259m\u00e7inin vur\u011fulay\u0131b ki, erm\u0259ni terror \u015f\u0259b\u0259k\u0259l\u0259rini d\u0259st\u0259kl\u0259y\u0259n q\u00fcvv\u0259l\u0259r \u00f6z tarixl\u0259rind\u0259ki r\u00fcsvay\u00e7\u0131l\u0131\u011f\u0131 \u00f6rt-basd\u0131r etm\u0259k ist\u0259yirl\u0259r:<\/p>\n\n\n\n<p>\u201cBiz yen\u0259 d\u0259 \u0259vv\u0259lki fikrimizd\u0259yik. Tarixd\u0259ki hadis\u0259l\u0259rin ara\u015fd\u0131r\u0131lmas\u0131 v\u0259 h\u0259qiq\u0259tl\u0259rin ortaya \u00e7\u0131xar\u0131lmas\u0131 tarix\u00e7il\u0259r\u0259 h\u0259val\u0259 edilm\u0259lidir, siyas\u0259t\u00e7il\u0259r\u0259 yox. \u0130ll\u0259rdir ortaq tarixi komissiya qurulmas\u0131 t\u0259klifimiz\u0259 bir cavab ala bilm\u0259dik. Biz \u00f6z\u00fcm\u00fcz\u0259 bu q\u0259d\u0259r g\u00fcv\u0259n\u0259rk\u0259n qar\u015f\u0131 t\u0259r\u0259fin iddia\u00e7\u0131 olma\u011f\u0131na r\u0259\u011fm\u0259n h\u0259l\u0259 d\u0259 m\u0259s\u0259l\u0259ni siyasi arenaya da\u015f\u0131mas\u0131 \u0259slind\u0259 onlar\u0131n niyy\u0259tl\u0259rini a\u00e7\u0131q g\u00f6st\u0259rir\u201d.<\/p>\n\n\n\n<p>T\u00fcrkiy\u0259 Prezidenti AB\u015e Prezidentinin yanl\u0131\u015f add\u0131mdan geri d\u00f6nm\u0259sin\u0259 \u00fcmid etdiyini d\u0259 \u0259lav\u0259 edib.<\/p>\n","protected":false},"excerpt":{"rendered":"<p>&#171;Aprelin 24-d\u0259 AB\u015e Prezidenti Co Bayden \u00f6z \u00e7\u0131x\u0131\u015f\u0131nda co\u011frafiyam\u0131zda bir \u0259sr \u00f6nc\u0259 ya\u015fanan faci\u0259li hadis\u0259l\u0259rl\u0259&#8230;<\/p>\n","protected":false},"author":3,"featured_media":9811,"comment_status":"closed","ping_status":"closed","sticky":false,"template":"","format":"standard","meta":{"footnotes":""},"categories":[10],"tags":[],"class_list":["post-9810","post","type-post","status-publish","format-standard","has-post-thumbnail","hentry","category-avmvib"],"featured_image_urls":{"full":["https:\/\/veteran.az\/wp-content\/uploads\/2021\/04\/erdogan.jpg",800,450,false],"thumbnail":["https:\/\/veteran.az\/wp-content\/uploads\/2021\/04\/erdogan-150x150.jpg",150,150,true],"medium":["https:\/\/veteran.az\/wp-content\/uploads\/2021\/04\/erdogan-300x169.jpg",300,169,true],"medium_large":["https:\/\/veteran.az\/wp-content\/uploads\/2021\/04\/erdogan-768x432.jpg",640,360,true],"large":["https:\/\/veteran.az\/wp-content\/uploads\/2021\/04\/erdogan.jpg",640,360,false],"1536x1536":["https:\/\/veteran.az\/wp-content\/uploads\/2021\/04\/erdogan.jpg",800,450,false],"2048x2048":["https:\/\/veteran.az\/wp-content\/uploads\/2021\/04\/erdogan.jpg",800,450,false],"covernews-slider-full":["https:\/\/veteran.az\/wp-content\/uploads\/2021\/04\/erdogan.jpg",800,450,false],"covernews-slider-center":["https:\/\/veteran.az\/wp-content\/uploads\/2021\/04\/erdogan.jpg",800,450,false],"covernews-featured":["https:\/\/veteran.az\/wp-content\/uploads\/2021\/04\/erdogan.jpg",800,450,false],"covernews-medium":["https:\/\/veteran.az\/wp-content\/uploads\/2021\/04\/erdogan-720x380.jpg",540,285,true],"covernews-medium-square":["https:\/\/veteran.az\/wp-content\/uploads\/2021\/04\/erdogan-675x450.jpg",375,250,true]},"author_info":{"display_name":"Veteran.az","author_link":"https:\/\/veteran.az\/?author=3"},"category_info":"<a href=\"https:\/\/veteran.az\/?cat=10\" rel=\"category\">AVMV\u0130B<\/a>","tag_info":"AVMV\u0130B","comment_count":"0","_links":{"self":[{"href":"https:\/\/veteran.az\/index.php?rest_route=\/wp\/v2\/posts\/9810","targetHints":{"allow":["GET"]}}],"collection":[{"href":"https:\/\/veteran.az\/index.php?rest_route=\/wp\/v2\/posts"}],"about":[{"href":"https:\/\/veteran.az\/index.php?rest_route=\/wp\/v2\/types\/post"}],"author":[{"embeddable":true,"href":"https:\/\/veteran.az\/index.php?rest_route=\/wp\/v2\/users\/3"}],"replies":[{"embeddable":true,"href":"https:\/\/veteran.az\/index.php?rest_route=%2Fwp%2Fv2%2Fcomments&post=9810"}],"version-history":[{"count":1,"href":"https:\/\/veteran.az\/index.php?rest_route=\/wp\/v2\/posts\/9810\/revisions"}],"predecessor-version":[{"id":9812,"href":"https:\/\/veteran.az\/index.php?rest_route=\/wp\/v2\/posts\/9810\/revisions\/9812"}],"wp:featuredmedia":[{"embeddable":true,"href":"https:\/\/veteran.az\/index.php?rest_route=\/wp\/v2\/media\/9811"}],"wp:attachment":[{"href":"https:\/\/veteran.az\/index.php?rest_route=%2Fwp%2Fv2%2Fmedia&parent=9810"}],"wp:term":[{"taxonomy":"category","embeddable":true,"href":"https:\/\/veteran.az\/index.php?rest_route=%2Fwp%2Fv2%2Fcategories&post=9810"},{"taxonomy":"post_tag","embeddable":true,"href":"https:\/\/veteran.az\/index.php?rest_route=%2Fwp%2Fv2%2Ftags&post=9810"}],"curies":[{"name":"wp","href":"https:\/\/api.w.org\/{rel}","templated":true}]}}