{"id":9805,"date":"2021-04-26T14:46:27","date_gmt":"2021-04-26T10:46:27","guid":{"rendered":"http:\/\/veteran.az\/?p=9805"},"modified":"2021-04-26T14:46:28","modified_gmt":"2021-04-26T10:46:28","slug":"az%c9%99rbaycan-prezidenti-xocali-soyqirimi-13-olk%c9%99-t%c9%99r%c9%99find%c9%99n-taninmisdir","status":"publish","type":"post","link":"https:\/\/veteran.az\/?p=9805","title":{"rendered":"Az\u0259rbaycan Prezidenti: \u201cXocal\u0131 soyq\u0131r\u0131m\u0131 13 \u00f6lk\u0259 t\u0259r\u0259find\u0259n tan\u0131nm\u0131\u015fd\u0131r\u201d"},"content":{"rendered":"\n<p><strong>&#171;\u00d6t\u0259n il Az\u0259rbaycan \u0259razisinin 20 faizinin 30 il\u0259 yax\u0131n Erm\u0259nistan t\u0259r\u0259find\u0259n i\u015f\u011fal\u0131na son qoymu\u015fdur. \u0130\u015f\u011fal n\u0259tic\u0259sind\u0259 bir milyondan \u00e7ox az\u0259rbaycanl\u0131 do\u011fma torpaqlar\u0131ndan did\u0259rgin sal\u0131nm\u0131\u015fd\u0131r. Erm\u0259nistan 1992-ci ild\u0259 Xocal\u0131 soyq\u0131r\u0131m\u0131n\u0131 t\u00f6r\u0259d\u0259r\u0259k, qad\u0131nlar v\u0259 u\u015faqlar da daxil olmaqla 613 n\u0259f\u0259r g\u00fcnahs\u0131z dinc sakini q\u0259tl\u0259 yetirmi\u015fdir. Xocal\u0131 soyq\u0131r\u0131m\u0131 13 \u00f6lk\u0259 t\u0259r\u0259find\u0259n tan\u0131nm\u0131\u015fd\u0131r&#187;.<\/strong><\/p>\n\n\n\n<p>Bunu aprelin 26-da BMT-nin q\u0259rargah\u0131 Tailandda yerl\u0259\u015f\u0259n Asiya v\u0259 Sakit okean \u00fc\u00e7\u00fcn \u0130qtisadi v\u0259 Sosial Komissiyas\u0131n\u0131n &#171;Asiya v\u0259 Sakit okean h\u00f6vz\u0259sind\u0259 regional \u0259m\u0259kda\u015fl\u0131q vasit\u0259sil\u0259 b\u00f6hranlardan sonra daha g\u00fccl\u00fc inki\u015faf\u0131n t\u0259min olunmas\u0131&#187; m\u00f6vzusuna h\u0259sr edil\u0259n 77-ci sessiyas\u0131nda Az\u0259rbaycan Prezidenti \u0130lham \u018fliyev deyib.<\/p>\n\n\n\n<p>&#171;1993-c\u00fc ild\u0259 BMT T\u0259hl\u00fck\u0259sizlik \u015euras\u0131 Erm\u0259nistan silahl\u0131 q\u00fcvv\u0259l\u0259rinin Az\u0259rbaycan\u0131n i\u015f\u011fal edilmi\u015f \u0259razil\u0259rind\u0259n tam, d\u0259rhal v\u0259 qeyd-\u015f\u0259rtsiz \u00e7\u0131xar\u0131lmas\u0131n\u0131 t\u0259l\u0259b ed\u0259n 4 q\u0259tnam\u0259 q\u0259bul etmi\u015fdir. Lakin h\u0259min q\u0259tnam\u0259l\u0259r he\u00e7 vaxt Erm\u0259nistan t\u0259r\u0259find\u0259n icra edilm\u0259mi\u015fdir. M\u0259n ikili standartlara yol verilm\u0259m\u0259si \u00fc\u00e7\u00fcn t\u0259r\u0259fda\u015f \u00f6lk\u0259l\u0259ri BMT T\u0259hl\u00fck\u0259sizlik \u015euras\u0131n\u0131n q\u0259tnam\u0259l\u0259rinin icra mexanizml\u0259rinin t\u0259klif edilm\u0259si v\u0259 haz\u0131rlanmas\u0131 s\u0259yl\u0259rin\u0259 qo\u015fulma\u011fa d\u0259v\u0259t edir\u0259m. Biz T\u0259hl\u00fck\u0259sizlik \u015euras\u0131n\u0131n b\u0259zi q\u0259tnam\u0259l\u0259rinin bir ne\u00e7\u0259 g\u00fcn \u0259rzind\u0259 icra edildiyinin \u015fahidi olmu\u015fuq. Az\u0259rbaycana g\u0259ldikd\u0259 is\u0259 h\u0259min q\u0259tnam\u0259l\u0259r 27 il \u0259rzind\u0259 yerin\u0259 yetirilm\u0259mi\u015f qald\u0131. T\u0259hl\u00fck\u0259sizlik \u015euras\u0131n\u0131n q\u0259tnam\u0259l\u0259rinin t\u0259l\u0259bl\u0259rin\u0259 Erm\u0259nistan\u0131n \u0259m\u0259l ed\u0259c\u0259yin\u0259 dair he\u00e7 bir \u00fcmid yox idi. B\u00fct\u00fcn bu ill\u0259r \u0259rzind\u0259 Erm\u0259nistana qar\u015f\u0131 he\u00e7 bir t\u0259zyiq olmam\u0131\u015f v\u0259 sanksiyalar t\u0259tbiq edilm\u0259mi\u015fdir.<\/p>\n\n\n\n<p>\u018fksin\u0259, Erm\u0259nistan\u0131n h\u0259rbi-siyasi r\u0259hb\u0259rliyi Az\u0259rbaycan\u0131 \u201cyeni torpaqlar u\u011frunda yeni m\u00fcharib\u0259\u201d il\u0259 h\u0259d\u0259l\u0259yirdi. 2020-ci ilin iyul ay\u0131nda Erm\u0259nistan d\u00f6vl\u0259t s\u0259rh\u0259dind\u0259 h\u0259rbi t\u0259xribat t\u00f6r\u0259tmi\u015fdir. Avqust ay\u0131nda is\u0259 Erm\u0259nistan\u0131n diversiya qrupu t\u0259mas x\u0259ttini ke\u00e7m\u0259y\u0259 c\u0259hd etmi\u015fdir.<\/p>\n\n\n\n<p>Sentyabr\u0131n 27-d\u0259 Erm\u0259nistan Silahl\u0131 Q\u00fcvv\u0259l\u0259rimizi v\u0259 dinc sakinl\u0259rimizi a\u011f\u0131r artilleriya at\u0259\u015fin\u0259 tutaraq Az\u0259rbaycana qar\u015f\u0131 irimiqyasl\u0131 h\u0259rbi t\u0259cav\u00fcz\u0259 ba\u015flam\u0131\u015fd\u0131r. Az\u0259rbaycan \u00f6z v\u0259t\u0259nda\u015flar\u0131n\u0131 qorumaq \u00fc\u00e7\u00fcn \u0259ks-h\u00fccum \u0259m\u0259liyyat\u0131na ba\u015flamaq m\u0259cburiyy\u0259tind\u0259 qald\u0131. Az\u0259rbaycan \u00f6z\u00fc BMT T\u0259hl\u00fck\u0259sizlik \u015euras\u0131n\u0131n q\u0259tnam\u0259l\u0259rini v\u0259 beyn\u0259lxalq h\u00fcququn norma v\u0259 prinsipl\u0259rini icra etmi\u015f, tarixi \u0259dal\u0259ti v\u0259 \u0259razi b\u00fct\u00f6vl\u00fcy\u00fcn\u00fc b\u0259rpa etmi\u015fdir.<\/p>\n\n\n\n<p>44 g\u00fcnl\u00fck V\u0259t\u0259n m\u00fcharib\u0259si zaman\u0131 Erm\u0259nistan silahl\u0131 q\u00fcvv\u0259l\u0259ri tamamil\u0259 darmada\u011f\u0131n olunmu\u015fdur. Erm\u0259nistan 2020-ci il noyabr\u0131n 10-da kapitulyasiya akt\u0131n\u0131 imzalama\u011fa m\u0259cbur edilmi\u015fdir. Bel\u0259likl\u0259, Erm\u0259nistan-Az\u0259rbaycan m\u00fcnaqi\u015f\u0259si sona \u00e7atm\u0131\u015fd\u0131r. M\u00fcnaqi\u015f\u0259 tarixd\u0259 qalm\u0131\u015fd\u0131r&#187;, &#8212; d\u00f6vl\u0259t ba\u015f\u00e7\u0131s\u0131 bildirib.<\/p>\n","protected":false},"excerpt":{"rendered":"<p>&#171;\u00d6t\u0259n il Az\u0259rbaycan \u0259razisinin 20 faizinin 30 il\u0259 yax\u0131n Erm\u0259nistan t\u0259r\u0259find\u0259n i\u015f\u011fal\u0131na son qoymu\u015fdur. \u0130\u015f\u011fal&#8230;<\/p>\n","protected":false},"author":3,"featured_media":9806,"comment_status":"closed","ping_status":"closed","sticky":false,"template":"","format":"standard","meta":{"footnotes":""},"categories":[6],"tags":[],"class_list":["post-9805","post","type-post","status-publish","format-standard","has-post-thumbnail","hentry","category-cmiyyt"],"featured_image_urls":{"full":["https:\/\/veteran.az\/wp-content\/uploads\/2021\/04\/1619422464_5f6d8ff335219-gulchyvxo-d2mlp.jpg",770,415,false],"thumbnail":["https:\/\/veteran.az\/wp-content\/uploads\/2021\/04\/1619422464_5f6d8ff335219-gulchyvxo-d2mlp-150x150.jpg",150,150,true],"medium":["https:\/\/veteran.az\/wp-content\/uploads\/2021\/04\/1619422464_5f6d8ff335219-gulchyvxo-d2mlp-300x162.jpg",300,162,true],"medium_large":["https:\/\/veteran.az\/wp-content\/uploads\/2021\/04\/1619422464_5f6d8ff335219-gulchyvxo-d2mlp-768x414.jpg",640,345,true],"large":["https:\/\/veteran.az\/wp-content\/uploads\/2021\/04\/1619422464_5f6d8ff335219-gulchyvxo-d2mlp.jpg",640,345,false],"1536x1536":["https:\/\/veteran.az\/wp-content\/uploads\/2021\/04\/1619422464_5f6d8ff335219-gulchyvxo-d2mlp.jpg",770,415,false],"2048x2048":["https:\/\/veteran.az\/wp-content\/uploads\/2021\/04\/1619422464_5f6d8ff335219-gulchyvxo-d2mlp.jpg",770,415,false],"covernews-slider-full":["https:\/\/veteran.az\/wp-content\/uploads\/2021\/04\/1619422464_5f6d8ff335219-gulchyvxo-d2mlp.jpg",770,415,false],"covernews-slider-center":["https:\/\/veteran.az\/wp-content\/uploads\/2021\/04\/1619422464_5f6d8ff335219-gulchyvxo-d2mlp.jpg",770,415,false],"covernews-featured":["https:\/\/veteran.az\/wp-content\/uploads\/2021\/04\/1619422464_5f6d8ff335219-gulchyvxo-d2mlp.jpg",770,415,false],"covernews-medium":["https:\/\/veteran.az\/wp-content\/uploads\/2021\/04\/1619422464_5f6d8ff335219-gulchyvxo-d2mlp-720x380.jpg",540,285,true],"covernews-medium-square":["https:\/\/veteran.az\/wp-content\/uploads\/2021\/04\/1619422464_5f6d8ff335219-gulchyvxo-d2mlp-675x415.jpg",400,246,true]},"author_info":{"display_name":"Veteran.az","author_link":"https:\/\/veteran.az\/?author=3"},"category_info":"<a href=\"https:\/\/veteran.az\/?cat=6\" rel=\"category\">C\u0259miyy\u0259t<\/a>","tag_info":"C\u0259miyy\u0259t","comment_count":"0","_links":{"self":[{"href":"https:\/\/veteran.az\/index.php?rest_route=\/wp\/v2\/posts\/9805","targetHints":{"allow":["GET"]}}],"collection":[{"href":"https:\/\/veteran.az\/index.php?rest_route=\/wp\/v2\/posts"}],"about":[{"href":"https:\/\/veteran.az\/index.php?rest_route=\/wp\/v2\/types\/post"}],"author":[{"embeddable":true,"href":"https:\/\/veteran.az\/index.php?rest_route=\/wp\/v2\/users\/3"}],"replies":[{"embeddable":true,"href":"https:\/\/veteran.az\/index.php?rest_route=%2Fwp%2Fv2%2Fcomments&post=9805"}],"version-history":[{"count":1,"href":"https:\/\/veteran.az\/index.php?rest_route=\/wp\/v2\/posts\/9805\/revisions"}],"predecessor-version":[{"id":9807,"href":"https:\/\/veteran.az\/index.php?rest_route=\/wp\/v2\/posts\/9805\/revisions\/9807"}],"wp:featuredmedia":[{"embeddable":true,"href":"https:\/\/veteran.az\/index.php?rest_route=\/wp\/v2\/media\/9806"}],"wp:attachment":[{"href":"https:\/\/veteran.az\/index.php?rest_route=%2Fwp%2Fv2%2Fmedia&parent=9805"}],"wp:term":[{"taxonomy":"category","embeddable":true,"href":"https:\/\/veteran.az\/index.php?rest_route=%2Fwp%2Fv2%2Fcategories&post=9805"},{"taxonomy":"post_tag","embeddable":true,"href":"https:\/\/veteran.az\/index.php?rest_route=%2Fwp%2Fv2%2Ftags&post=9805"}],"curies":[{"name":"wp","href":"https:\/\/api.w.org\/{rel}","templated":true}]}}