{"id":9802,"date":"2021-04-26T00:53:45","date_gmt":"2021-04-25T20:53:45","guid":{"rendered":"http:\/\/veteran.az\/?p=9802"},"modified":"2021-04-26T00:53:46","modified_gmt":"2021-04-25T20:53:46","slug":"s%c9%99hidin-m%c9%99zarinda-bulbul-yuva-qurdu-foto","status":"publish","type":"post","link":"https:\/\/veteran.az\/?p=9802","title":{"rendered":"\u015e\u0259hidin m\u0259zar\u0131nda b\u00fclb\u00fcl yuva qurdu &#8212; Foto"},"content":{"rendered":"\n<p><strong>44 g\u00fcnl\u00fck V\u0259t\u0259n M\u00fcharib\u0259si Az\u0259rbaycan\u0131n q\u0259l\u0259b\u0259si il\u0259 ba\u015fa \u00e7atd\u0131. Bu q\u0259l\u0259b\u0259nin qazan\u0131lmas\u0131nda Az\u0259rbaycan Ordusunun misilsiz rol oynad\u0131\u011f\u0131 h\u0259r k\u0259s\u0259 b\u0259llidir. Az\u0259rbaycan o\u011fullar\u0131 canlar\u0131ndan ke\u00e7\u0259r\u0259k i\u015f\u011faldak\u0131 torpaqlar\u0131 d\u00fc\u015fm\u0259nd\u0259n geri qaytard\u0131lar. Bu yolda 3 min\u0259 q\u0259d\u0259r \u015f\u0259hid verdik. Minl\u0259rl\u0259 Qazimiz var.<\/strong><\/p>\n\n\n\n<p><a target=\"_blank\" href=\"https:\/\/axar.az\/\" rel=\"noreferrer noopener\">Axar.az<\/a>&nbsp;x\u0259b\u0259r verir ki, V\u0259t\u0259n u\u011furunda ged\u0259n d\u00f6y\u00fc\u015fl\u0259rd\u0259 \u015f\u0259hid olanlardan biri d\u0259 M\u00fcnasib Yusifov M\u00fcbariz o\u011fludur. M\u00fcnasib 2000-ci ilin 14 may tarixind\u0259 Tovuz rayonunun Yuxar\u0131 \u00d6ys\u00fczl\u00fc k\u0259ndind\u0259 anadan olub. M\u00fcdd\u0259td\u0259n art\u0131q h\u0259qiqi h\u0259rbi xidm\u0259t qulluq\u00e7usu olmu\u015f M\u00fcnasib \u015eu\u015fa istiqam\u0259tind\u0259 ged\u0259n d\u00f6y\u00fc\u015fl\u0259rd\u0259 \u015f\u0259hid olub. O, q\u0259l\u0259b\u0259y\u0259 c\u0259mi 2 g\u00fcn qalm\u0131\u015f can\u0131n\u0131 V\u0259t\u0259n torpa\u011f\u0131 \u00fc\u00e7\u00fcn f\u0259da edib.<\/p>\n\n\n\n<p>M\u00fcnasib Yusifov Yuxar\u0131 \u00d6ys\u00fczl\u00fc q\u0259biristanl\u0131\u011f\u0131nda uyuyur. Bu g\u00fcnl\u0259rd\u0259 onun q\u0259bri \u00fcst\u00fcn\u0259 ged\u0259n do\u011fmalar\u0131 son d\u0259r\u0259c\u0259 t\u0259sirli s\u0259hn\u0259y\u0259 \u015fahid olublar. Bir b\u00fclb\u00fcl \u015f\u0259hidin m\u0259zar\u0131 \u00fcst\u00fcnd\u0259 d\u00fcz\u0259ldilmi\u015f g\u00fcldanlar\u0131n i\u00e7ind\u0259ki g\u00fcll\u0259rin aras\u0131nda yuva qurub. Fotolardan g\u00f6r\u00fcnd\u00fcy\u00fc kimi, b\u00fclb\u00fcl yuvaya 5 yumurta qoyub. Yax\u0131nlar\u0131n\u0131n&nbsp;<a target=\"_blank\" href=\"http:\/\/musavat.com\/\" rel=\"noreferrer noopener\">Musavat.com<\/a>-a verdiyi m\u0259lumata g\u00f6r\u0259, ail\u0259si M\u00fcnasibi ziyar\u0259t\u0259 ged\u0259nd\u0259 qu\u015f u\u00e7ub yax\u0131nl\u0131qdak\u0131 a\u011facda g\u00f6zl\u0259yir, insanlar ged\u0259nd\u0259n sonra is\u0259 yuvas\u0131na qay\u0131d\u0131r.<\/p>\n\n\n\n<p>\u015e\u0259hidl\u0259rin Allah qat\u0131nda nec\u0259 q\u0259bul olundu\u011fu bar\u0259d\u0259 m\u00fcq\u0259dd\u0259s kitab\u0131m\u0131z olan Quranda yaz\u0131l\u0131b. H\u0259m\u00e7inin V\u0259t\u0259n \u00fc\u00e7\u00fcn can\u0131ndan ke\u00e7\u0259n igidl\u0259r\u0259 tarix\u0259n xalq\u0131n, el-oban\u0131n nec\u0259 b\u00f6y\u00fck sevgi, ehtiram b\u0259sl\u0259diyi m\u0259lumdur.<\/p>\n\n\n\n<p>M\u00fcnasibin \u2013 V\u0259t\u0259n \u00fc\u00e7\u00fcn can ver\u0259n bu igidin m\u0259zar\u0131nda b\u00fclb\u00fcl\u00fcn yuva qurmas\u0131 \u015f\u0259hidl\u0259r haqda yaz\u0131lanlar\u0131n, deyil\u0259nl\u0259rin n\u0259 q\u0259d\u0259r do\u011fru oldu\u011funun bir daha isbat\u0131d\u0131r. Allah\u0131n \u0259n m\u00fcq\u0259dd\u0259s b\u0259nd\u0259l\u0259ri \u015f\u0259hidl\u0259rdir. Onlar c\u0259nn\u0259tl\u0259 m\u00fcjd\u0259l\u0259nib. V\u0259t\u0259nin \u0259n m\u00fcq\u0259dd\u0259s \u00fcnvan\u0131 \u015e\u0259hid m\u0259zarlar\u0131d\u0131r. V\u0259t\u0259nin ba\u015flad\u0131\u011f\u0131 yer d\u0259 o m\u00fcbar\u0259k \u00fcnvanlard\u0131r.<\/p>\n\n\n\n<p>Xar\u0131b\u00fclb\u00fcl\u00fcn bitdiyi torpaqlarda \u015f\u0259hid olan igidin m\u0259zar\u0131 bir b\u00fclb\u00fcl\u0259 yuva olub&#8230;<\/p>\n\n\n\n<p>\u015e\u0259hidl\u0259r \u00f6lm\u0259z, V\u0259t\u0259n b\u00f6l\u00fcnm\u0259z.<\/p>\n","protected":false},"excerpt":{"rendered":"<p>44 g\u00fcnl\u00fck V\u0259t\u0259n M\u00fcharib\u0259si Az\u0259rbaycan\u0131n q\u0259l\u0259b\u0259si il\u0259 ba\u015fa \u00e7atd\u0131. Bu q\u0259l\u0259b\u0259nin qazan\u0131lmas\u0131nda Az\u0259rbaycan Ordusunun misilsiz&#8230;<\/p>\n","protected":false},"author":3,"featured_media":9803,"comment_status":"closed","ping_status":"closed","sticky":false,"template":"","format":"standard","meta":{"footnotes":""},"categories":[12],"tags":[],"class_list":["post-9802","post","type-post","status-publish","format-standard","has-post-thumbnail","hentry","category-veteran"],"featured_image_urls":{"full":["https:\/\/veteran.az\/wp-content\/uploads\/2021\/04\/bulbul-sehid1.jpg",660,371,false],"thumbnail":["https:\/\/veteran.az\/wp-content\/uploads\/2021\/04\/bulbul-sehid1-150x150.jpg",150,150,true],"medium":["https:\/\/veteran.az\/wp-content\/uploads\/2021\/04\/bulbul-sehid1-300x169.jpg",300,169,true],"medium_large":["https:\/\/veteran.az\/wp-content\/uploads\/2021\/04\/bulbul-sehid1.jpg",640,360,false],"large":["https:\/\/veteran.az\/wp-content\/uploads\/2021\/04\/bulbul-sehid1.jpg",640,360,false],"1536x1536":["https:\/\/veteran.az\/wp-content\/uploads\/2021\/04\/bulbul-sehid1.jpg",660,371,false],"2048x2048":["https:\/\/veteran.az\/wp-content\/uploads\/2021\/04\/bulbul-sehid1.jpg",660,371,false],"covernews-slider-full":["https:\/\/veteran.az\/wp-content\/uploads\/2021\/04\/bulbul-sehid1.jpg",660,371,false],"covernews-slider-center":["https:\/\/veteran.az\/wp-content\/uploads\/2021\/04\/bulbul-sehid1.jpg",660,371,false],"covernews-featured":["https:\/\/veteran.az\/wp-content\/uploads\/2021\/04\/bulbul-sehid1.jpg",660,371,false],"covernews-medium":["https:\/\/veteran.az\/wp-content\/uploads\/2021\/04\/bulbul-sehid1.jpg",540,304,false],"covernews-medium-square":["https:\/\/veteran.az\/wp-content\/uploads\/2021\/04\/bulbul-sehid1.jpg",400,225,false]},"author_info":{"display_name":"Veteran.az","author_link":"https:\/\/veteran.az\/?author=3"},"category_info":"<a href=\"https:\/\/veteran.az\/?cat=12\" rel=\"category\">Veteran d\u00fcnyas\u0131<\/a>","tag_info":"Veteran d\u00fcnyas\u0131","comment_count":"0","_links":{"self":[{"href":"https:\/\/veteran.az\/index.php?rest_route=\/wp\/v2\/posts\/9802","targetHints":{"allow":["GET"]}}],"collection":[{"href":"https:\/\/veteran.az\/index.php?rest_route=\/wp\/v2\/posts"}],"about":[{"href":"https:\/\/veteran.az\/index.php?rest_route=\/wp\/v2\/types\/post"}],"author":[{"embeddable":true,"href":"https:\/\/veteran.az\/index.php?rest_route=\/wp\/v2\/users\/3"}],"replies":[{"embeddable":true,"href":"https:\/\/veteran.az\/index.php?rest_route=%2Fwp%2Fv2%2Fcomments&post=9802"}],"version-history":[{"count":1,"href":"https:\/\/veteran.az\/index.php?rest_route=\/wp\/v2\/posts\/9802\/revisions"}],"predecessor-version":[{"id":9804,"href":"https:\/\/veteran.az\/index.php?rest_route=\/wp\/v2\/posts\/9802\/revisions\/9804"}],"wp:featuredmedia":[{"embeddable":true,"href":"https:\/\/veteran.az\/index.php?rest_route=\/wp\/v2\/media\/9803"}],"wp:attachment":[{"href":"https:\/\/veteran.az\/index.php?rest_route=%2Fwp%2Fv2%2Fmedia&parent=9802"}],"wp:term":[{"taxonomy":"category","embeddable":true,"href":"https:\/\/veteran.az\/index.php?rest_route=%2Fwp%2Fv2%2Fcategories&post=9802"},{"taxonomy":"post_tag","embeddable":true,"href":"https:\/\/veteran.az\/index.php?rest_route=%2Fwp%2Fv2%2Ftags&post=9802"}],"curies":[{"name":"wp","href":"https:\/\/api.w.org\/{rel}","templated":true}]}}