{"id":9754,"date":"2021-04-23T23:33:33","date_gmt":"2021-04-23T19:33:33","guid":{"rendered":"http:\/\/veteran.az\/?p=9754"},"modified":"2021-04-23T23:33:34","modified_gmt":"2021-04-23T19:33:34","slug":"general-%c9%99liaga-sixlinskinin-q%c9%99birustu-abid%c9%99si-acildi","status":"publish","type":"post","link":"https:\/\/veteran.az\/?p=9754","title":{"rendered":"General \u018flia\u011fa \u015e\u0131xlinskinin q\u0259bir\u00fcst\u00fc abid\u0259si a\u00e7\u0131ld\u0131"},"content":{"rendered":"\n<p><strong>\u201cArtilleriyan\u0131n Allah\u0131\u201d adland\u0131r\u0131lan general \u018flia\u011fa \u015e\u0131xlinskinin anadan olmas\u0131n\u0131n 156-c\u0131 ild\u00f6n\u00fcm\u00fc onun yeni q\u0259bir\u00fcst\u00fc abid\u0259sinin a\u00e7\u0131l\u0131\u015f\u0131 il\u0259 qeyd edilib.&nbsp;<\/strong><\/p>\n\n\n\n<p><strong>Demokrat.az<\/strong>&nbsp;x\u0259b\u0259r verir ki, d\u00f6vl\u0259t ba\u015f\u00e7\u0131s\u0131n\u0131n tap\u015f\u0131r\u0131\u011f\u0131na \u0259sas\u0259n, general\u0131n m\u0259zar\u0131n\u0131n \u0259traf\u0131 abadla\u015fd\u0131r\u0131l\u0131b, q\u0259bir\u00fcst\u00fc abid\u0259nin haz\u0131rlanmas\u0131 is\u0259 heyk\u0259lt\u0259ra\u015f Xanlar \u018fhm\u0259dova h\u0259val\u0259 olunub.<\/p>\n\n\n\n<p>\u018flia\u011fa \u015e\u0131xlinskinin varisi Solmaz \u015e\u0131xlinskayan\u0131n s\u00f6zl\u0259rin\u0259 g\u00f6r\u0259, m\u0259zar\u0131n abadla\u015fd\u0131r\u0131lmas\u0131 v\u0259 q\u0259bir\u00fcst\u00fc abid\u0259nin haz\u0131rlanmas\u0131 il\u0259 ba\u011fl\u0131 Prezident\u0259 m\u00fcraci\u0259t edib v\u0259 q\u0131sa m\u00fcdd\u0259t \u0259rzind\u0259 m\u00fcraci\u0259ti m\u00fcsb\u0259t cavabland\u0131r\u0131l\u0131b. G\u00f6st\u0259rdiyi diqq\u0259t v\u0259 qay\u011f\u0131ya g\u00f6r\u0259 Solmaz \u015e\u0131xlinskaya \u00f6z\u00fc v\u0259 ail\u0259si ad\u0131ndan Prezident \u0130lham \u018fliyev\u0259 minn\u0259tdarl\u0131\u011f\u0131n\u0131 bildirib.\u00a0<\/p>\n\n\n\n<p>Heyk\u0259lt\u0259ra\u015f Xanlar \u018fhm\u0259dov deyib ki, ill\u0259r \u00f6nc\u0259 \u018flia\u011fa \u015e\u0131xlinskinin ya\u015fad\u0131\u011f\u0131 evin qar\u015f\u0131s\u0131nda qoyulan xatir\u0259 l\u00f6vh\u0259sinin d\u0259 m\u00fc\u0259llifi odur: \u201c\u00c7ox m\u0259mnunam ki, q\u0259bir\u00fcst\u00fc abid\u0259sinin haz\u0131rlanmas\u0131n\u0131 da m\u0259n\u0259 h\u0259val\u0259 etdil\u0259r. D\u00f6vl\u0259timiz sa\u011f olsun, biz\u0259 bu i\u015fd\u0259 d\u0259st\u0259k oldu. Bir arzum var ki, artilleriya general\u0131 \u018flia\u011fa \u015e\u0131xlinskinin tuncdan b\u00fct\u00f6v heyk\u0259lini haz\u0131rlay\u0131m v\u0259 Bak\u0131da \u00f6z layiqli yerini tutsun\u201d.<\/p>\n\n\n\n<p>\u201c\u018flia\u011fa \u015e\u0131xlinski t\u0259kc\u0259 bizim n\u0259slin, soyad\u0131n f\u0259xri deyil, b\u00fct\u00fcn Az\u0259rbaycan\u0131n f\u0259xridir\u201d, &#8212; bu s\u00f6zl\u0259ri publisist El\u00e7in \u015e\u0131xl\u0131 deyib. O bildirib ki, general \u018flia\u011fa \u015e\u0131xlinski Az\u0259rbaycan ordusunun t\u0259m\u0259lini qoyanlardan biridir. \u0130lk h\u0259rbi nazirimiz S\u0259m\u0259da\u011fa Mehmandarov, onun m\u00fcavini is\u0259 \u018flia\u011fa \u015e\u0131xlinski olub. Bu insanlar canlar\u0131n\u0131 V\u0259t\u0259n yolunda qoyublar. Onlar V\u0259t\u0259n m\u00fcharib\u0259sind\u0259 qazand\u0131\u011f\u0131m\u0131z q\u0259l\u0259b\u0259nin b\u0259lk\u0259 d\u0259 o vaxtlar \u0259sas\u0131n\u0131 qoyanlardand\u0131r.<\/p>\n\n\n\n<p>Tarix\u00e7i Mehman S\u00fcleymanov bildirib ki, \u00c7ar Rusiyas\u0131 kimi b\u00f6y\u00fck imperiyan\u0131n ordusunda tan\u0131nm\u0131\u015f simalardan biri olmaq \u00e7ox \u00e7\u0259tin idi. \u018flia\u011fa \u015e\u0131xlinskinin elmi-praktik q\u0259na\u0259tl\u0259ri h\u0259m \u00c7ar Rusiyas\u0131n\u0131n ordusunda, h\u0259m d\u0259 Avropan\u0131n qabaqc\u0131l ordular\u0131nda t\u0259tbiq edilirdi. O, Az\u0259rbaycanda nizami ordunun, h\u0259rb t\u0259hsilinin, h\u0259rbi l\u00fc\u011f\u0259t\u00e7iliyin \u0259sas\u0131n\u0131 qoyub. 1917-ci ild\u0259 \u015e\u0131xlinski ilk d\u0259f\u0259 Tiflisd\u0259 az\u0259rbaycanl\u0131lardan ibar\u0259t milli korpus yarad\u0131b. Bununla da Az\u0259rbaycan Xalq C\u00fcmhuriyy\u0259tinin Milli Ordusunun t\u0259m\u0259l da\u015f\u0131n\u0131 qoyub. H\u0259m\u00e7inin general \u018flia\u011fa \u015e\u0131xlinskinin 1918-1920-ci ill\u0259rd\u0259 Qaraba\u011f\u0131n erm\u0259ni-da\u015fnak q\u00fcvv\u0259l\u0259rind\u0259n azad edilm\u0259sind\u0259 x\u00fcsusi xidm\u0259tl\u0259ri var. O, Az\u0259rbaycanda milli h\u0259rbi\u00e7i kadrlar\u0131n yeti\u015fm\u0259sind\u0259 m\u00fcst\u0259sna rol oynay\u0131b.<\/p>\n\n\n\n<p>Qeyd ed\u0259k ki, \u0259lli ild\u0259n \u00e7ox nizami orduda q\u00fcsursuz xidm\u0259t ed\u0259n \u018flia\u011fa \u015e\u0131xlinski h\u0259mi\u015f\u0259 birincil\u0259r s\u0131ras\u0131nda olub. Fitri istedada malik olan artilleriya general\u0131 b\u00fct\u00fcn varl\u0131\u011f\u0131 il\u0259 sevdiyi Az\u0259rbaycan xalq\u0131na \u00f6mr\u00fcn\u00fcn sonunad\u0259k s\u0259daq\u0259tl\u0259 xidm\u0259t edib.<\/p>\n\n\n\n<figure class=\"wp-block-image size-large\"><img loading=\"lazy\" decoding=\"async\" width=\"900\" height=\"484\" src=\"http:\/\/veteran.az\/wp-content\/uploads\/2021\/04\/177605884_200141601706653_3544047902705059262_n.jpg\" alt=\"\" class=\"wp-image-9757\" srcset=\"https:\/\/veteran.az\/wp-content\/uploads\/2021\/04\/177605884_200141601706653_3544047902705059262_n.jpg 900w, https:\/\/veteran.az\/wp-content\/uploads\/2021\/04\/177605884_200141601706653_3544047902705059262_n-300x161.jpg 300w, https:\/\/veteran.az\/wp-content\/uploads\/2021\/04\/177605884_200141601706653_3544047902705059262_n-768x413.jpg 768w\" sizes=\"auto, (max-width: 900px) 100vw, 900px\" \/><\/figure>\n\n\n\n<figure class=\"wp-block-image size-large\"><img loading=\"lazy\" decoding=\"async\" width=\"900\" height=\"484\" src=\"http:\/\/veteran.az\/wp-content\/uploads\/2021\/04\/174886176_310775893777397_7547469069209779310_n.jpg\" alt=\"\" class=\"wp-image-9755\" srcset=\"https:\/\/veteran.az\/wp-content\/uploads\/2021\/04\/174886176_310775893777397_7547469069209779310_n.jpg 900w, https:\/\/veteran.az\/wp-content\/uploads\/2021\/04\/174886176_310775893777397_7547469069209779310_n-300x161.jpg 300w, https:\/\/veteran.az\/wp-content\/uploads\/2021\/04\/174886176_310775893777397_7547469069209779310_n-768x413.jpg 768w\" sizes=\"auto, (max-width: 900px) 100vw, 900px\" \/><\/figure>\n\n\n\n<figure class=\"wp-block-image size-large\"><img loading=\"lazy\" decoding=\"async\" width=\"900\" height=\"484\" src=\"http:\/\/veteran.az\/wp-content\/uploads\/2021\/04\/177605884_814486729445619_4243327326918473589_n.jpg\" alt=\"\" class=\"wp-image-9756\" srcset=\"https:\/\/veteran.az\/wp-content\/uploads\/2021\/04\/177605884_814486729445619_4243327326918473589_n.jpg 900w, https:\/\/veteran.az\/wp-content\/uploads\/2021\/04\/177605884_814486729445619_4243327326918473589_n-300x161.jpg 300w, https:\/\/veteran.az\/wp-content\/uploads\/2021\/04\/177605884_814486729445619_4243327326918473589_n-768x413.jpg 768w\" sizes=\"auto, (max-width: 900px) 100vw, 900px\" \/><\/figure>\n","protected":false},"excerpt":{"rendered":"<p>\u201cArtilleriyan\u0131n Allah\u0131\u201d adland\u0131r\u0131lan general \u018flia\u011fa \u015e\u0131xlinskinin anadan olmas\u0131n\u0131n 156-c\u0131 ild\u00f6n\u00fcm\u00fc onun yeni q\u0259bir\u00fcst\u00fc abid\u0259sinin a\u00e7\u0131l\u0131\u015f\u0131&#8230;<\/p>\n","protected":false},"author":3,"featured_media":9758,"comment_status":"closed","ping_status":"closed","sticky":false,"template":"","format":"standard","meta":{"footnotes":""},"categories":[6],"tags":[],"class_list":["post-9754","post","type-post","status-publish","format-standard","has-post-thumbnail","hentry","category-cmiyyt"],"featured_image_urls":{"full":["https:\/\/veteran.az\/wp-content\/uploads\/2021\/04\/sixlinski.jpg",700,460,false],"thumbnail":["https:\/\/veteran.az\/wp-content\/uploads\/2021\/04\/sixlinski-150x150.jpg",150,150,true],"medium":["https:\/\/veteran.az\/wp-content\/uploads\/2021\/04\/sixlinski-300x197.jpg",300,197,true],"medium_large":["https:\/\/veteran.az\/wp-content\/uploads\/2021\/04\/sixlinski.jpg",640,421,false],"large":["https:\/\/veteran.az\/wp-content\/uploads\/2021\/04\/sixlinski.jpg",640,421,false],"1536x1536":["https:\/\/veteran.az\/wp-content\/uploads\/2021\/04\/sixlinski.jpg",700,460,false],"2048x2048":["https:\/\/veteran.az\/wp-content\/uploads\/2021\/04\/sixlinski.jpg",700,460,false],"covernews-slider-full":["https:\/\/veteran.az\/wp-content\/uploads\/2021\/04\/sixlinski.jpg",700,460,false],"covernews-slider-center":["https:\/\/veteran.az\/wp-content\/uploads\/2021\/04\/sixlinski.jpg",700,460,false],"covernews-featured":["https:\/\/veteran.az\/wp-content\/uploads\/2021\/04\/sixlinski.jpg",700,460,false],"covernews-medium":["https:\/\/veteran.az\/wp-content\/uploads\/2021\/04\/sixlinski-700x380.jpg",540,293,true],"covernews-medium-square":["https:\/\/veteran.az\/wp-content\/uploads\/2021\/04\/sixlinski-675x450.jpg",375,250,true]},"author_info":{"display_name":"Veteran.az","author_link":"https:\/\/veteran.az\/?author=3"},"category_info":"<a href=\"https:\/\/veteran.az\/?cat=6\" rel=\"category\">C\u0259miyy\u0259t<\/a>","tag_info":"C\u0259miyy\u0259t","comment_count":"0","_links":{"self":[{"href":"https:\/\/veteran.az\/index.php?rest_route=\/wp\/v2\/posts\/9754","targetHints":{"allow":["GET"]}}],"collection":[{"href":"https:\/\/veteran.az\/index.php?rest_route=\/wp\/v2\/posts"}],"about":[{"href":"https:\/\/veteran.az\/index.php?rest_route=\/wp\/v2\/types\/post"}],"author":[{"embeddable":true,"href":"https:\/\/veteran.az\/index.php?rest_route=\/wp\/v2\/users\/3"}],"replies":[{"embeddable":true,"href":"https:\/\/veteran.az\/index.php?rest_route=%2Fwp%2Fv2%2Fcomments&post=9754"}],"version-history":[{"count":1,"href":"https:\/\/veteran.az\/index.php?rest_route=\/wp\/v2\/posts\/9754\/revisions"}],"predecessor-version":[{"id":9759,"href":"https:\/\/veteran.az\/index.php?rest_route=\/wp\/v2\/posts\/9754\/revisions\/9759"}],"wp:featuredmedia":[{"embeddable":true,"href":"https:\/\/veteran.az\/index.php?rest_route=\/wp\/v2\/media\/9758"}],"wp:attachment":[{"href":"https:\/\/veteran.az\/index.php?rest_route=%2Fwp%2Fv2%2Fmedia&parent=9754"}],"wp:term":[{"taxonomy":"category","embeddable":true,"href":"https:\/\/veteran.az\/index.php?rest_route=%2Fwp%2Fv2%2Fcategories&post=9754"},{"taxonomy":"post_tag","embeddable":true,"href":"https:\/\/veteran.az\/index.php?rest_route=%2Fwp%2Fv2%2Ftags&post=9754"}],"curies":[{"name":"wp","href":"https:\/\/api.w.org\/{rel}","templated":true}]}}