{"id":972,"date":"2019-06-05T20:18:57","date_gmt":"2019-06-05T16:18:57","guid":{"rendered":"http:\/\/veteran.az\/?p=972"},"modified":"2019-06-06T14:57:57","modified_gmt":"2019-06-06T10:57:57","slug":"avmvib-muharib%c9%99-veteranlarinin-ramazan-bayramini-t%c9%99brik-etdi","status":"publish","type":"post","link":"https:\/\/veteran.az\/?p=972","title":{"rendered":"AVMV\u0130B m\u00fcharib\u0259 veteranlar\u0131n\u0131n Ramazan bayram\u0131n\u0131 t\u0259brik etdi"},"content":{"rendered":"\n<p>\n\nAVMV\u0130B R\u0259hb\u0259rliyi veteranlar \u00fc\u00e7\u00fcn iftar s\u00fcfr\u0259si a\u00e7d\u0131. M\u00fcbar\u0259k g\u00fcnl\u0259 ba\u011fl\u0131 dualar oxundu, \u015f\u0259hidl\u0259rimiz yad edildi v\u0259 torpaqlar\u0131m\u0131z\u0131n azad edilm\u0259si arzular\u0131 dil\u0259 g\u0259tirildi.<\/p>\n\n\n\n<p>M\u0259rasimd\u0259 \u00e7\u0131x\u0131\u015f ed\u0259n AVMV\u0130B s\u0259dri F\u00fczuli Rzaquliyev Az\u0259rbaycan xalq\u0131n\u0131, o c\u00fcml\u0259d\u0259n \u015f\u0259hid ail\u0259l\u0259rini v\u0259 m\u00fcharib\u0259 veteranlar\u0131n\u0131 bu m\u00fcq\u0259dd\u0259s g\u00fcn m\u00fcnasib\u0259tiyl\u0259 t\u0259brik ed\u0259r\u0259k dedi: &#171;Qurani-K\u0259rimin nazil oldu\u011fu m\u00fcbar\u0259k Ramazan ay\u0131 insanlar\u0131 g\u00f6z\u0259l niyy\u0259tl\u0259r v\u0259 xeyirxah \u0259m\u0259ll\u0259r namin\u0259 birliy\u0259 \u00e7a\u011f\u0131r\u0131r, onlar\u0131 \u0259min-amanl\u0131q, qarda\u015fl\u0131q v\u0259 b\u0259rab\u0259rlik yoluna d\u0259v\u0259t edir. M\u00fcs\u0259lmanlar bu ayda Allah v\u0259 din qar\u015f\u0131s\u0131nda vicdani borc v\u0259 v\u0259zif\u0259l\u0259rini l\u0259yaq\u0259tl\u0259 yerin\u0259 yetirm\u0259k f\u00fcrs\u0259ti qazan\u0131r, m\u0259n\u0259vi-ruhi kamilliyin n\u0259fs \u00fcz\u0259rind\u0259 q\u0259l\u0259b\u0259 sevincini ya\u015fay\u0131rlar.<\/p>\n\n\n\n<p>Xalq\u0131m\u0131z m\u00fcbar\u0259k Ramazan ay\u0131n\u0131, h\u0259r il oldu\u011fu kimi, bu il d\u0259 k\u00f6n\u00fcl xo\u015flu\u011fu il\u0259 qar\u015f\u0131lay\u0131r. Veteranlar\u0131m\u0131z da bayram sevincl\u0259rini b\u00f6l\u00fc\u015f\u00fcr, d\u00f6vl\u0259timizin rifah\u0131 v\u0259 t\u0259r\u0259qqisi \u00fc\u00e7\u00fcn dualar edirl\u0259r, \u015f\u0259hidl\u0259rimizin \u00f6lm\u0259z ruhuna dualar oxuyurlar. \u0130nan\u0131ram ki, bu m\u00fcq\u0259dd\u0259s bayram g\u00fcnl\u0259rind\u0259 etdiyiniz dua v\u0259 dil\u0259kl\u0259r, saf niyy\u0259tl\u0259r Tanr\u0131 d\u0259rgah\u0131nda q\u0259bul olunacaq, Uca Yaradan \u00f6z m\u0259rh\u0259m\u0259tini xalq\u0131m\u0131zdan \u0259sirg\u0259m\u0259y\u0259c\u0259kdir. Biz\u0259 \u015fah damar\u0131m\u0131zdan da yax\u0131n olan Allah Qaraba\u011f toirpaqlar\u0131n\u0131n azad edilm\u0259sini g\u00f6rm\u0259yi bu m\u00fcq\u0259dd\u0259s g\u00fcnl\u0259rin xatirin\u0259 h\u0259r birimiz\u0259 qism\u0259t el\u0259sin. Qaraba\u011f nisgiliyl\u0259 d\u00fcnyadan k\u00f6\u00e7\u0259n d\u00f6y\u00fc\u015f\u00e7\u00fc qarda\u015flar\u0131m\u0131za v\u0259 \u015f\u0259hid qarda\u015flar\u0131m\u0131za bir daha r\u0259hm\u0259tl\u0259r dil\u0259yir v\u0259 oruc tutan veteranlar\u0131m\u0131z\u0131 \u00fcr\u0259kd\u0259n t\u0259brik edir\u0259m.<\/p>\n\n\n\n<p>Allah orucunuzu q\u0259bul etsin!&#187;<\/p>\n\n\n\n<p>M\u0259rasimd\u0259 AVMV\u0130B s\u0259drinin m\u00fcavinl\u0259ri-Kamil \u015eirinov, Vahid Abdur\u0259hmanov, Abbas H\u00fcseynov, NTK s\u0259dri Niyazi Quliyev, M\u0259tbuat Xidm\u0259tinin r\u0259hb\u0259ri X. \u018fd\u0259bo\u011flu v\u0259 rayon \u015f\u00f6b\u0259sinin s\u0259drl\u0259ri, m\u00fcharib\u0259 vetyeranlar\u0131 i\u015ftirak edirdil\u0259r.<\/p>\n\n\n\n<p><strong>Az\u0259r Bayram<\/strong><br><\/p>\n\n\n\n<figure class=\"wp-block-image\"><img decoding=\"async\" src=\"https:\/\/i.resimyukle.xyz\/B9OAzM.jpg\" alt=\"AVMV\u0130B M\u00dcHAR\u0130B\u018f VETERANLARININ RAMAZAN BAYRAMINI T\u018fBR\u0130K ETD\u0130\"\/><\/figure>\n","protected":false},"excerpt":{"rendered":"<p>AVMV\u0130B R\u0259hb\u0259rliyi veteranlar \u00fc\u00e7\u00fcn iftar s\u00fcfr\u0259si a\u00e7d\u0131. M\u00fcbar\u0259k g\u00fcnl\u0259 ba\u011fl\u0131 dualar oxundu, \u015f\u0259hidl\u0259rimiz yad edildi&#8230;<\/p>\n","protected":false},"author":3,"featured_media":973,"comment_status":"closed","ping_status":"closed","sticky":false,"template":"","format":"standard","meta":{"footnotes":""},"categories":[12],"tags":[],"class_list":["post-972","post","type-post","status-publish","format-standard","has-post-thumbnail","hentry","category-veteran"],"featured_image_urls":{"full":["https:\/\/veteran.az\/wp-content\/uploads\/2019\/06\/0V6K6x.jpg",1032,581,false],"thumbnail":["https:\/\/veteran.az\/wp-content\/uploads\/2019\/06\/0V6K6x-150x150.jpg",150,150,true],"medium":["https:\/\/veteran.az\/wp-content\/uploads\/2019\/06\/0V6K6x-300x169.jpg",300,169,true],"medium_large":["https:\/\/veteran.az\/wp-content\/uploads\/2019\/06\/0V6K6x-768x432.jpg",640,360,true],"large":["https:\/\/veteran.az\/wp-content\/uploads\/2019\/06\/0V6K6x-1024x576.jpg",640,360,true],"1536x1536":["https:\/\/veteran.az\/wp-content\/uploads\/2019\/06\/0V6K6x.jpg",1032,581,false],"2048x2048":["https:\/\/veteran.az\/wp-content\/uploads\/2019\/06\/0V6K6x.jpg",1032,581,false],"covernews-slider-full":["https:\/\/veteran.az\/wp-content\/uploads\/2019\/06\/0V6K6x.jpg",1032,581,false],"covernews-slider-center":["https:\/\/veteran.az\/wp-content\/uploads\/2019\/06\/0V6K6x-936x581.jpg",800,497,true],"covernews-featured":["https:\/\/veteran.az\/wp-content\/uploads\/2019\/06\/0V6K6x-1024x576.jpg",1024,576,true],"covernews-medium":["https:\/\/veteran.az\/wp-content\/uploads\/2019\/06\/0V6K6x-720x380.jpg",540,285,true],"covernews-medium-square":["https:\/\/veteran.az\/wp-content\/uploads\/2019\/06\/0V6K6x-675x450.jpg",375,250,true]},"author_info":{"display_name":"Veteran.az","author_link":"https:\/\/veteran.az\/?author=3"},"category_info":"<a href=\"https:\/\/veteran.az\/?cat=12\" rel=\"category\">Veteran d\u00fcnyas\u0131<\/a>","tag_info":"Veteran d\u00fcnyas\u0131","comment_count":"0","_links":{"self":[{"href":"https:\/\/veteran.az\/index.php?rest_route=\/wp\/v2\/posts\/972","targetHints":{"allow":["GET"]}}],"collection":[{"href":"https:\/\/veteran.az\/index.php?rest_route=\/wp\/v2\/posts"}],"about":[{"href":"https:\/\/veteran.az\/index.php?rest_route=\/wp\/v2\/types\/post"}],"author":[{"embeddable":true,"href":"https:\/\/veteran.az\/index.php?rest_route=\/wp\/v2\/users\/3"}],"replies":[{"embeddable":true,"href":"https:\/\/veteran.az\/index.php?rest_route=%2Fwp%2Fv2%2Fcomments&post=972"}],"version-history":[{"count":1,"href":"https:\/\/veteran.az\/index.php?rest_route=\/wp\/v2\/posts\/972\/revisions"}],"predecessor-version":[{"id":974,"href":"https:\/\/veteran.az\/index.php?rest_route=\/wp\/v2\/posts\/972\/revisions\/974"}],"wp:featuredmedia":[{"embeddable":true,"href":"https:\/\/veteran.az\/index.php?rest_route=\/wp\/v2\/media\/973"}],"wp:attachment":[{"href":"https:\/\/veteran.az\/index.php?rest_route=%2Fwp%2Fv2%2Fmedia&parent=972"}],"wp:term":[{"taxonomy":"category","embeddable":true,"href":"https:\/\/veteran.az\/index.php?rest_route=%2Fwp%2Fv2%2Fcategories&post=972"},{"taxonomy":"post_tag","embeddable":true,"href":"https:\/\/veteran.az\/index.php?rest_route=%2Fwp%2Fv2%2Ftags&post=972"}],"curies":[{"name":"wp","href":"https:\/\/api.w.org\/{rel}","templated":true}]}}