{"id":9707,"date":"2021-04-21T23:47:01","date_gmt":"2021-04-21T19:47:01","guid":{"rendered":"http:\/\/veteran.az\/?p=9707"},"modified":"2021-04-21T23:47:02","modified_gmt":"2021-04-21T19:47:02","slug":"qeyri-neft-sektorunun-inkisafi-ucun-olk%c9%99mizd%c9%99-yeni-imkanlar-yaradilir","status":"publish","type":"post","link":"https:\/\/veteran.az\/?p=9707","title":{"rendered":"Qeyri-neft sektorunun inki\u015faf\u0131 \u00fc\u00e7\u00fcn \u00f6lk\u0259mizd\u0259 yeni imkanlar yarad\u0131l\u0131r"},"content":{"rendered":"\n<p><strong>Bir reall\u0131qd\u0131r ki, bu g\u00fcn s\u0259nayel\u0259\u015fm\u0259 v\u0259 qeyri-neft s\u0259nayesinin inki\u015faf\u0131 Az\u0259rbaycan Respublikas\u0131n\u0131n Prezidenti, c\u0259nab \u0130lham \u018fliyevin iqtisadiyyat\u0131n \u015fax\u0259l\u0259ndirilm\u0259si siyas\u0259tinin \u0259sas istiqam\u0259tl\u0259rind\u0259ndir. H\u0259r k\u0259s\u0259 m\u0259lumdur ki, qeyri-neft sektorunun inki\u015faf etdirilm\u0259si m\u0259s\u0259l\u0259si \u00f6lk\u0259mizd\u0259 diqq\u0259t m\u0259rk\u0259zind\u0259 saxlan\u0131l\u0131r. <\/strong><\/p>\n\n\n\n<p>Regionlar\u0131n inki\u015faf\u0131, m\u00fcasir iqtisadi v\u0259 sosial infrastrukturun yarad\u0131lmas\u0131 v\u0259 dig\u0259r layih\u0259l\u0259r realla\u015fd\u0131r\u0131l\u0131r. Hal-haz\u0131rda t\u0259sdiq olunmu\u015f b\u00fct\u00fcn d\u00f6vl\u0259t proqramlar\u0131 m\u0259rh\u0259l\u0259li \u015f\u0259kild\u0259 icra olunur. Vaxtil\u0259 q\u0259bul olunmu\u015f regionlar\u0131n sosial-iqtisadi inki\u015faf\u0131 proqram\u0131 u\u011furla icra edilir. T\u0259bii ki, d\u00f6vl\u0259tin b\u00fct\u00fcn t\u0259\u015f\u0259bb\u00fcsl\u0259rinin m\u0259rk\u0259zind\u0259 duran \u0259sas amil insan v\u0259 onun sosial rifah\u0131d\u0131r. B\u00fct\u00fcn g\u00f6r\u00fcl\u0259n i\u015fl\u0259r insanlar \u00fc\u00e7\u00fcn g\u00f6z\u0259l \u015f\u0259rait yarad\u0131r. \u0130nsanlar\u0131n ya\u015fay\u0131\u015f s\u0259viyy\u0259si yax\u015f\u0131la\u015f\u0131b. Biznes \u00fc\u00e7\u00fcn \u015f\u0259rait yax\u015f\u0131la\u015f\u0131b. Yeni\u00a0 a\u00e7\u0131lan obyektl\u0259r rayonlar\u0131n g\u0259l\u0259c\u0259k iqtisadi potensial\u0131n\u0131 b\u00f6y\u00fck d\u0259r\u0259c\u0259d\u0259 g\u00fccl\u0259ndir\u0259c\u0259kdir. Az\u0259rbaycanda k\u0259nd t\u0259s\u0259rr\u00fcfat\u0131 sah\u0259sind\u0259 apar\u0131lan islahatlar dayanmadan \u015fax\u0259l\u0259nir. B\u00f6y\u00fck aqroparklar\u0131n yarad\u0131lmas\u0131n\u0131n \u0259sas m\u0259qs\u0259di \u0259rzaq t\u0259hl\u00fck\u0259sizliyini t\u0259min etm\u0259kdir. Eyni zamanda, ki\u00e7ik fermer t\u0259s\u0259rr\u00fcfatlar\u0131n\u0131n inki\u015faf\u0131 il\u0259 ba\u011fl\u0131 praktiki i\u015fl\u0259r g\u00f6r\u00fcl\u00fcr. Bu iki istiqam\u0259t \u00fczr\u0259 k\u0259nd t\u0259s\u0259rr\u00fcfat\u0131 inki\u015faf edir. Bildiyiniz kimi, aqroparklar milli iqtisadiyyat\u0131m\u0131z\u0131n perspektiv istiqam\u0259t\u0259rind\u0259n biridir. Aqroparklar\u0131n \u00fcst\u00fcnl\u00fcy\u00fc ondan ibar\u0259tdir ki, burada daha bol m\u0259hsul yeti\u015fdirilir v\u0259 m\u0259hsuldarl\u0131q da daha y\u00fcks\u0259kdir. Bu, t\u0259biidir, \u00e7\u00fcnki burada \u0259n m\u00fcasir aqrotexniki t\u0259dbirl\u0259r t\u0259tbiq olunur.<\/p>\n\n\n\n<p> Regionlarda b\u00f6y\u00fck aqroparklar f\u0259aliyy\u0259t g\u00f6st\u0259rir v\u0259 minl\u0259rl\u0259 yerli sakin bu aqroparklarda i\u015fl\u0259 t\u0259min edilir. Bu c\u00fcr yana\u015fma bizim b\u00fct\u00fcn b\u00f6y\u00fck t\u0259s\u0259rr\u00fcfatlar\u0131m\u0131zda v\u0259 eyni zamanda, ki\u00e7ik fermer t\u0259s\u0259rr\u00fcfatlar\u0131nda t\u0259tbiq olunarsa, onda biz \u0259rzaq t\u0259hl\u00fck\u0259sizliyi m\u0259s\u0259l\u0259l\u0259ri il\u0259 ba\u011fl\u0131 i\u015fl\u0259rimizi tamamlam\u0131\u015f olaca\u011f\u0131q. \u00d6z\u0259l sektorun k\u0259nd t\u0259s\u0259rr\u00fcfat\u0131 sah\u0259sin\u0259 c\u0259lb olunmas\u0131nda d\u00f6vl\u0259t investisiyalar\u0131n\u0131n rolu \u0259v\u0259zolunmazd\u0131r. B\u00fct\u00f6vl\u00fckd\u0259 Az\u0259rbaycanda 50-d\u0259k aqropark\u0131n yarad\u0131lmas\u0131 n\u0259z\u0259rd\u0259 tutulur. Onlardan bir \u00e7oxu art\u0131q f\u0259aliyy\u0259td\u0259dir. \u00dcmumi investisiya qoyulu\u015fu iki milyard manatdan \u00e7oxdur. Bu i\u015fl\u0259r \u00f6z\u0259l sektorla birlikd\u0259 g\u00f6r\u00fclm\u0259lidir. D\u00f6vl\u0259t h\u0259m g\u00fcz\u0259\u015ftli \u015f\u0259rtl\u0259rl\u0259 m\u00fc\u0259yy\u0259n m\u0259bl\u0259\u011fd\u0259 kreditl\u0259r verir, eyni zamanda, infrastruktur layih\u0259l\u0259ri h\u0259yata ke\u00e7irir v\u0259 \u00f6z\u0259l sektor \u00fc\u00e7\u00fcn \u015f\u0259rait yarad\u0131r. \u00d6z\u0259l sektor is\u0259 bu v\u0259saiti t\u0259\u015fkil edir. Son bir ne\u00e7\u0259 il \u0259rzind\u0259 k\u0259nd t\u0259s\u0259rr\u00fcfat\u0131na qoyulan v\u0259sait iki milyard manat t\u0259\u015fkil edir. B\u00f6y\u00fck maliyy\u0259 tutumlu avtomobil s\u0259nayesinin inki\u015faf\u0131 \u00fc\u00e7\u00fcn d\u00f6vl\u0259t t\u0259r\u0259find\u0259n stimulla\u015fd\u0131r\u0131c\u0131 t\u0259dbirl\u0259r g\u00f6r\u00fcl\u00fcr. Art\u0131q avtomobil s\u0259nayesi Az\u0259rbaycanda inki\u015faf edir v\u0259 biz bu sah\u0259d\u0259 bir ne\u00e7\u0259 \u00f6lk\u0259 il\u0259 b\u0259rab\u0259r \u00e7al\u0131\u015f\u0131r\u0131q. N\u00f6vb\u0259ti m\u0259rh\u0259l\u0259d\u0259 lokalla\u015fman\u0131 daha da art\u0131rmaq g\u00fcnd\u0259likd\u0259 duran m\u0259s\u0259l\u0259l\u0259rd\u0259n biridir.<\/p>\n\n\n\n<p>H\u0259m\u00e7inin, \u0259razil\u0259rimizin b\u0259rpas\u0131 v\u0259 inki\u015faf\u0131 \u00fcmummilli m\u0259s\u0259l\u0259dir v\u0259 bu i\u015fl\u0259r planl\u0131 \u015f\u0259kild\u0259 apar\u0131l\u0131r. \u0130\u015f\u011faldan azad olunmu\u015f \u0259razil\u0259rin minalardan t\u0259mizl\u0259nm\u0259si \u00fc\u00e7\u00fcn b\u00fct\u00fcn potensiallar s\u0259f\u0259rb\u0259r olunub. Minalardan t\u0259mizl\u0259m\u0259 prosesi dayanmadan davam edir. Burada \u0259n b\u00f6y\u00fck \u00e7\u0259tinlik ondan ibar\u0259tdir ki, Erm\u0259nistan t\u0259r\u0259fi biz\u0259 mina x\u0259rit\u0259l\u0259rini vermir, bundan imtina edir. Halbuki biz d\u0259qiq bilirik ki, onlarda bel\u0259 x\u0259rit\u0259l\u0259r var. Sad\u0259c\u0259 olaraq, bu x\u0259rit\u0259l\u0259ri verm\u0259m\u0259k Erm\u0259nistan\u0131n n\u00f6vb\u0259ti h\u0259rbi cinay\u0259tidir. M\u00fcharib\u0259 ba\u015fa \u00e7atandan sonra mina x\u0259rit\u0259l\u0259ri verilm\u0259diyi \u00fc\u00e7\u00fcn 100-d\u0259n \u00e7ox ancaq m\u00fclki v\u0259t\u0259nda\u015f yaralan\u0131b v\u0259 h\u0259lak olub. Yeni avadanl\u0131q al\u0131n\u0131r, Minat\u0259mizl\u0259m\u0259 Agentliyinin \u015ftat vahidl\u0259rinin art\u0131r\u0131lmas\u0131 il\u0259 ba\u011fl\u0131 S\u0259r\u0259ncam verilib. Eyni zamanda, h\u0259m T\u00fcrkiy\u0259d\u0259n, h\u0259m Rusiyadan bu sah\u0259d\u0259 k\u00f6m\u0259k g\u00f6st\u0259r\u0259n h\u0259rb\u00e7il\u0259r d\u0259 bu i\u015fl\u0259rl\u0259 m\u0259\u015f\u011fuldurlar. Az\u0259rbaycan M\u00fcdafi\u0259 Nazirliyind\u0259 bir ne\u00e7\u0259 istehkam\u00e7\u0131 tabor yarad\u0131l\u0131b ki, onlar da bu i\u015fl\u0259rd\u0259 f\u0259al i\u015ftirak edirl\u0259r v\u0259 bu g\u00fcn\u0259 q\u0259d\u0259r \u0259n b\u00f6y\u00fck sah\u0259ni m\u0259hz M\u00fcdafi\u0259 Nazirliyi t\u0259mizl\u0259yib. \u0130\u015f\u011faldan azad olunmu\u015f \u0259razil\u0259rd\u0259 infrastruktur layih\u0259l\u0259rinin icras\u0131 davam edir. Azad edilmi\u015f \u0259razinin elektrik t\u0259chizat\u0131 bu ilin sonuna q\u0259d\u0259r ba\u015fa \u00e7atacaq. H\u0259m x\u0259tl\u0259r \u00e7\u0259kilir, h\u0259m yeni yar\u0131mstansiyalar tikilir. \u015eu\u015fa \u015f\u0259h\u0259ri indi elektrik enerjisi il\u0259 tam t\u0259min edilib v\u0259 haz\u0131rda Da\u015fk\u0259s\u0259nd\u0259n K\u0259lb\u0259c\u0259r\u0259 yeni \u00f6t\u00fcr\u00fcc\u00fc x\u0259tl\u0259r in\u015fa edilir. <\/p>\n\n\n\n<p>Bu, \u00e7ox a\u011f\u0131r bir i\u015fdir. \u00c7\u00fcnki bu infrastruktur layih\u0259si Murov da\u011flar\u0131ndan ke\u00e7m\u0259lidir. Orada da\u011flar\u0131n h\u00fcnd\u00fcrl\u00fcy\u00fc 3500 metr\u0259 \u00e7at\u0131r. \u00d6lk\u0259mizd\u0259 yol infrastrukturunun inki\u015faf\u0131 \u0259lav\u0259 imkanlar yaradacaqd\u0131r. Azad olunmu\u015f \u0259razil\u0259rd\u0259 yol infrastrukturunun yarad\u0131lmas\u0131 il\u0259 ba\u011fl\u0131 b\u00fct\u00fcn istiqam\u0259tl\u0259r \u00fczr\u0259 i\u015fl\u0259r gedir. \u0130lk n\u00f6vb\u0259d\u0259, F\u00fczuli-\u015eu\u015fa yolu, Z\u0259f\u0259r yolu, magistral yolumuz, eyni zamanda, yax\u0131n g\u0259l\u0259c\u0259kd\u0259 Horadiz-Z\u0259ngilan avtomobil yolunun t\u0259m\u0259li qoyulacaq. F\u00fczuli-Hadrut, F\u00fczuli-C\u0259bray\u0131l, B\u0259rd\u0259-A\u011fdam, G\u00f6yg\u00f6l-To\u011fanal\u0131-K\u0259lb\u0259c\u0259r avtomobil yollar\u0131n\u0131n tikintisi art\u0131q ba\u015flam\u0131\u015fd\u0131r v\u0259 bununla paralel olaraq B\u0259rd\u0259-A\u011fdam v\u0259 Horadiz-Z\u0259ngilan-A\u011fb\u0259nd d\u0259mir yolu infrastrukturu da yarad\u0131lmaqdad\u0131r. Bu yol Z\u0259ng\u0259zur d\u0259hlizin\u0259 g\u0259lib \u00e7atacaq v\u0259 art\u0131q c\u0259dv\u0259l \u00fczr\u0259 i\u015fl\u0259r gedir. B\u0259rpa i\u015fl\u0259ri m\u0259rh\u0259l\u0259li v\u0259 planl\u0131 \u015f\u0259kild\u0259 icra olunacaqd\u0131r. K\u0259ndl\u0259rin b\u0259rpas\u0131 da m\u0259rh\u0259l\u0259l\u0259r\u0259 b\u00f6l\u00fcnm\u0259lidir. \u0130lk n\u00f6vb\u0259d\u0259, m\u00f6vcud infrastruktura yax\u0131n olan k\u0259ndl\u0259r b\u0259rpa olunmal\u0131d\u0131r. Bu da t\u0259biidir, \u00e7\u00fcnki h\u0259m vaxt, h\u0259m s\u0259m\u0259r\u0259lilik bax\u0131m\u0131ndan bu, daha m\u0259qs\u0259d\u0259uy\u011fundur. Ona g\u00f6r\u0259 A\u011fdam, F\u00fczuli, C\u0259bray\u0131l rayonlar\u0131n\u0131n ke\u00e7mi\u015f t\u0259mas x\u0259ttin\u0259 yax\u0131n olan k\u0259ndl\u0259rinin b\u0259rpas\u0131 il\u0259 ba\u011fl\u0131 m\u00fcvafiq g\u00f6st\u0259ri\u015fl\u0259r verilib.<\/p>\n\n\n\n<p>B\u00fct\u00fcn bunlardan \u0259lav\u0259, hava limanlar\u0131n\u0131n in\u015fas\u0131 regionun daha s\u00fcr\u0259tli inki\u015faf\u0131na s\u0259b\u0259b olacaqd\u0131r. F\u00fczuli Beyn\u0259lxalq Hava Liman\u0131n\u0131n tikintisi s\u00fcr\u0259tl\u0259 gedir v\u0259 yax\u0131n g\u0259l\u0259c\u0259kd\u0259 Z\u0259ngilan rayonunda yeni hava liman\u0131n\u0131n tikintisin\u0259 start veril\u0259c\u0259kdir. \u00dc\u00e7\u00fcnc\u00fc hava liman\u0131 La\u00e7\u0131n rayonu \u0259razisind\u0259 in\u015fa edil\u0259c\u0259k. \u0130\u015f\u011faldan azad edilmi\u015f torpaqlar\u0131n \u0259razisi 4 L\u00fcksemburqa b\u0259rab\u0259rdir. M\u00fcharib\u0259 ba\u015fa \u00e7atandan d\u0259rhal sonra b\u00fct\u00fcn infrastruktur layih\u0259l\u0259rin\u0259 start verildi. \u00c7ox b\u00f6y\u00fck h\u0259cmli bir i\u015fdir. D\u00f6rd L\u00fcksemburq boyda \u0259razini biz s\u0131f\u0131rdan tikm\u0259liyik, qurmal\u0131y\u0131q. \u00c7\u00fcnki m\u0259nfur d\u00fc\u015fm\u0259n torpaqlarda h\u0259r \u015feyi, b\u00fct\u00fcn binalar\u0131 da\u011f\u0131d\u0131b. \u0130ndi bunu b\u00fct\u00fcn xarici qonaqlar da g\u00f6r\u00fcrl\u0259r. \u00d6z g\u00f6zl\u0259ri il\u0259 erm\u0259ni v\u0259h\u015filiyini g\u00f6r\u00fcrl\u0259r. Bu, misli g\u00f6r\u00fcnm\u0259mi\u015f v\u0259h\u015filikdir.<\/p>\n\n\n\n<p>He\u00e7 \u015f\u00fcbh\u0259siz ki, milli maraqlar\u0131n t\u0259min olunmas\u0131 b\u00fct\u00fcn m\u0259s\u0259l\u0259l\u0259rd\u0259 m\u00fctl\u0259q prioritetdir.&nbsp; Biz bu m\u00fcharib\u0259d\u0259 t\u0259kc\u0259 \u00f6z \u0259razi b\u00fct\u00f6vl\u00fcy\u00fcm\u00fcz\u00fc b\u0259rpa etm\u0259mi\u015fik, h\u0259m d\u0259 erm\u0259ni fa\u015fizmini m\u0259hv etmi\u015fik. D\u00fcnya tarixind\u0259 bir \u00e7ox m\u00fcharib\u0259l\u0259r olub, ancaq bu q\u0259d\u0259r q\u0259ddarl\u0131q, bu q\u0259d\u0259r d\u00fc\u015fm\u0259n\u00e7ilik d\u00fcnya m\u00fcharib\u0259 tarixind\u0259 olmay\u0131b. H\u0259tta \u0130kinci D\u00fcnya m\u00fcharib\u0259si il\u0259 m\u00fcqayis\u0259 ets\u0259k, o vaxt bel\u0259 v\u0259h\u015filiy\u0259 yol verilmirdi, dini abid\u0259l\u0259r da\u011f\u0131d\u0131lm\u0131rd\u0131. Erm\u0259ni fa\u015fizmi b\u00fct\u00fcn \u00f6lk\u0259l\u0259rd\u0259 olmu\u015f fa\u015fizml\u0259rin \u0259n eyb\u0259c\u0259ridir, \u0259n q\u0259ddar fa\u015fizmdir. Bu, bizim tarixi missiyam\u0131zd\u0131r \u2013 t\u0259kc\u0259 Az\u0259rbaycan xalq\u0131 qar\u015f\u0131s\u0131nda yox, d\u00fcnya qar\u015f\u0131s\u0131nda. Erm\u0259ni fa\u015fizmi m\u0259hv edilib. Onu m\u0259hv ed\u0259n Az\u0259rbaycan xalq\u0131 olmu\u015fdur. R\u0259smi \u0130r\u0259van uzun ill\u0259r \u0259rzind\u0259 t\u00f6r\u0259diyi cinay\u0259tl\u0259r\u0259 g\u00f6r\u0259 m\u0259suliyy\u0259t da\u015f\u0131mal\u0131d\u0131r. \u0130\u015f\u011fal n\u0259tic\u0259sind\u0259 vurulmu\u015f ziyan\u0131n hesablanmas\u0131 prosesi davam etdirilir, xarici m\u00fct\u0259x\u0259ssisl\u0259r c\u0259lb edilib. Bizim planlar\u0131m\u0131z Erm\u0259nistan\u0131 beyn\u0259lxalq m\u0259hk\u0259m\u0259l\u0259r\u0259 verm\u0259kdir. Bunun \u00fc\u00e7\u00fcn xarici m\u00fct\u0259x\u0259ssisl\u0259r c\u0259lb olunacaq. Bizim t\u0259bii s\u0259rv\u0259tl\u0259rimizd\u0259n qanunsuz istifad\u0259 etmi\u015f Erm\u0259nistan v\u0259 onun xarici t\u0259r\u0259fda\u015flar\u0131 da beyn\u0259lxalq m\u0259hk\u0259m\u0259 il\u0259 \u00fczl\u0259\u015f\u0259c\u0259kl\u0259r. \u00c7\u00fcnki q\u0131z\u0131l yataqlar\u0131m\u0131z\u0131n, mis yataqlar\u0131m\u0131z\u0131n, dig\u0259r t\u0259bii s\u0259rv\u0259tl\u0259rimizin erm\u0259nil\u0259r t\u0259r\u0259find\u0259n talanmas\u0131, qanunsuz istismar\u0131 beyn\u0259lxalq cinay\u0259t hesab olunur v\u0259 bu istiqam\u0259td\u0259 d\u0259 h\u00fcquqi prosedurlara start verilib. Milli maraqlar\u0131m\u0131z\u0131n t\u0259min edilm\u0259si \u00fc\u00e7\u00fcn b\u00fct\u00fcn laz\u0131mi add\u0131mlar at\u0131lacaqd\u0131r. Z\u0259ng\u0259zur d\u0259hlizinin yarad\u0131lmas\u0131 bizim milli, tarixi v\u0259 g\u0259l\u0259c\u0259k maraqlar\u0131m\u0131za tam cavab verir. Biz Z\u0259ng\u0259zur d\u0259hlizini icra ed\u0259c\u0259yik, Erm\u0259nistan bunu ist\u0259s\u0259 d\u0259, ist\u0259m\u0259s\u0259 d\u0259. \u0130st\u0259s\u0259, daha asan h\u0259ll ed\u0259c\u0259yik, ist\u0259m\u0259s\u0259 d\u0259 zorla h\u0259ll ed\u0259c\u0259yik. B\u00fct\u00fcn g\u00fccl\u0259r s\u0259f\u0259rb\u0259r olunub ki, bu layih\u0259 icra edilsin. \u018fminlikl\u0259 dey\u0259 bil\u0259rik ki, Az\u0259rbaycan xalq\u0131 101 il bundan \u0259vv\u0259l bizim \u0259limizd\u0259n al\u0131nm\u0131\u015f Z\u0259ng\u0259zura qay\u0131dacaqd\u0131r.<\/p>\n\n\n\n<p>H\u0259m\u00e7inin, q\u0131sa zaman k\u0259siyind\u0259 \u201c\u0130sg\u0259nd\u0259r-M\u201d raketl\u0259ri il\u0259 ba\u011fl\u0131 m\u0259s\u0259l\u0259l\u0259r\u0259 m\u00fctl\u0259q ayd\u0131nl\u0131q g\u0259tirilm\u0259lidir. \u201c\u0130sg\u0259nd\u0259r-M\u201d raketl\u0259rinin \u015eu\u015fa \u015f\u0259h\u0259rind\u0259 tap\u0131lmas\u0131 v\u0259 bu m\u0259s\u0259l\u0259 il\u0259 ba\u011fl\u0131 bu g\u00fcn\u0259 q\u0259d\u0259r tam cavab\u0131n verilm\u0259m\u0259si, \u0259lb\u0259tt\u0259 ki, Az\u0259rbaycan xalq\u0131nda v\u0259 Az\u0259rbaycan r\u0259hb\u0259rliyind\u0259 haql\u0131 olaraq t\u0259\u0259ss\u00fcf v\u0259 t\u0259\u0259cc\u00fcb hissi oyad\u0131r. Bu m\u0259s\u0259l\u0259y\u0259 ayd\u0131nl\u0131q g\u0259tiril\u0259c\u0259k. Strateji t\u0259r\u0259fda\u015flar aras\u0131nda m\u00fcnasib\u0259tl\u0259r s\u0259mimi olmal\u0131d\u0131r. Az\u0259rbaycan b\u00fct\u00fcn strateji t\u0259r\u0259fda\u015flarla h\u0259mi\u015f\u0259 s\u0259mimi olub, h\u0259mi\u015f\u0259 \u00f6z s\u00f6z\u00fcn\u00fcn \u00fcst\u00fcnd\u0259 durmu\u015fdur, \u00f6z s\u00f6z\u00fcn\u00fc yerin\u0259 yetirmi\u015fdir. Az\u0259rbaycan \u00f6z prinsipial m\u00f6vqeyini bundan sonra da n\u00fcmayi\u015f etdir\u0259c\u0259kdir.<\/p>\n\n\n\n<p>Bu g\u00fcn d\u00fcnyada Az\u0259rbaycan kimi inki\u015faf \u00fc\u00e7\u00fcn bir \u00e7ox amill\u0259ri \u00f6z\u00fcnd\u0259 ehtiva ed\u0259n \u00f6lk\u0259l\u0259rin say\u0131 azd\u0131r. Az\u0259rbaycanda laz\u0131m olan b\u00fct\u00fcn istehsalat sah\u0259l\u0259rinin yarad\u0131lmas\u0131, yeni investisiyalar c\u0259lb edilm\u0259si \u00fc\u00e7\u00fcn&nbsp; g\u00f6z\u0259l biznes&nbsp; m\u00fchiti, siyasi sabitlik, xalq-iqtidar birliyi,&nbsp; &nbsp; t\u0259hl\u00fck\u0259sizlik t\u0259min edilib, \u0259lveri\u015fli co\u011frafi yerl\u0259\u015fm\u0259, infrastruktur, haz\u0131rl\u0131ql\u0131 pe\u015f\u0259kar kadrlar,&nbsp; ixrac bazarlar\u0131, qon\u015fu \u00f6lk\u0259l\u0259rl\u0259 yax\u015f\u0131 i\u015fg\u00fczar m\u00fcnasib\u0259tl\u0259r&nbsp; var. Az\u0259rbaycanda&nbsp; kadr islahatlar\u0131, struktur islahatlar\u0131, iqtisadi islahatlar, sosial sah\u0259d\u0259 islahatlar u\u011furla apar\u0131l\u0131r.<\/p>\n\n\n\n<p>Bir s\u00f6zl\u0259, bu g\u00fcn qeyri-neft sektoru s\u00fcr\u0259tl\u0259 inki\u015faf edir v\u0259 haz\u0131rda \u00fcmumi daxili m\u0259hsulun 70 faizd\u0259n \u00e7oxunu t\u0259\u015fkil edir. Prezidentimiz, c\u0259nab \u0130lham \u018fliyevin d\u0259 dediyi kimi, Az\u0259rbaycan\u0131n h\u0259d\u0259fi ixracat\u0131 \u015fax\u0259l\u0259ndirm\u0259k v\u0259 ixracy\u00f6n\u00fcml\u00fc qeyri-neft m\u0259hsullar\u0131n\u0131n siyah\u0131s\u0131n\u0131 geni\u015fl\u0259ndirm\u0259kdir. Bu istiqam\u0259td\u0259 d\u0259 real u\u011furlar \u0259ld\u0259 edilir. Az\u0259rbaycan d\u00f6vl\u0259ti iqtisadi inki\u015faf\u0131 qeyri-neft sektorunun inki\u015faf\u0131nda g\u00f6r\u00fcr v\u0259 \u00f6lk\u0259 iqtisadiyyat\u0131n\u0131n dayan\u0131ql\u0131 inki\u015faf\u0131n\u0131 m\u00fc\u0259yy\u0259nl\u0259\u015fdir\u0259n sah\u0259l\u0259rd\u0259 islahatlar h\u0259yata ke\u00e7irir. M\u0259hz m\u0259qs\u0259dy\u00f6nl\u00fc siyas\u0259t say\u0259sind\u0259 son ill\u0259rd\u0259 Az\u0259rbaycanda qeyri-neft sektorunun inki\u015faf\u0131n\u0131n neft sektorunun art\u0131m dinamikas\u0131n\u0131 \u00fcst\u0259l\u0259m\u0259si m\u0259mnunluq do\u011furur v\u0259 bu tendensiyan\u0131n davam etm\u0259sini \u015f\u0259rtl\u0259ndir\u0259n \u0259lveri\u015fli investisiya-biznes \u015f\u0259raiti h\u00f6km s\u00fcr\u00fcr. \u018fn \u0259sas\u0131, d\u00f6vl\u0259tin qeyri-neft sektoruna d\u0259st\u0259yinin g\u00fccl\u0259ndirilm\u0259si iqtisadiyyat\u0131n dayan\u0131ql\u0131 inki\u015faf\u0131n\u0131 t\u0259min ed\u0259c\u0259k, n\u00f6vb\u0259ti ill\u0259rd\u0259 h\u0259yata ke\u00e7iril\u0259c\u0259k \u00e7ox ciddi islahatlar v\u0259 d\u0259rin islahatlar v\u0259t\u0259nda\u015flar\u0131m\u0131z\u0131n ya\u015fay\u0131\u015f s\u0259viyy\u0259sini daha da yax\u015f\u0131la\u015fd\u0131racaqd\u0131r!\u2026<\/p>\n\n\n\n<p>Ya\u015fas\u0131n m\u00fcst\u0259qil, \u00e7i\u00e7\u0259kl\u0259n\u0259n Az\u0259rbaycan Respublikas\u0131! E\u015fq olsun Az\u0259rbaycan xalq\u0131na! Allah, Az\u0259rbaycan Respublikas\u0131n\u0131n Prezidenti, c\u0259nab \u0130lham \u018fliyevi qorusun!<\/p>\n\n\n\n<p><strong>M\u00fc\u015ffiq \u018fliyev<\/strong><\/p>\n\n\n\n<p><strong>Az\u0259rbaycan Respublikas\u0131 \u015e\u0259hid Ail\u0259l\u0259rin\u0259 \u201cQay\u011f\u0131\u201d C\u0259miyy\u0259tinin s\u0259dri,\u00a0Az\u0259rbaycan V\u0259t\u0259n M\u00fcharib\u0259si Veteranlar\u0131 \u0130ctimai Birliyi S\u0259drinin\u00a0humanitar m\u0259s\u0259l\u0259l\u0259r \u00fczr\u0259 s\u0259lahiyy\u0259tli n\u00fcmay\u0259nd\u0259si, X\u0259z\u0259r rayon sakini\u00a0<\/strong><\/p>\n","protected":false},"excerpt":{"rendered":"<p>Bir reall\u0131qd\u0131r ki, bu g\u00fcn s\u0259nayel\u0259\u015fm\u0259 v\u0259 qeyri-neft s\u0259nayesinin inki\u015faf\u0131 Az\u0259rbaycan Respublikas\u0131n\u0131n Prezidenti, c\u0259nab \u0130lham&#8230;<\/p>\n","protected":false},"author":3,"featured_media":9708,"comment_status":"closed","ping_status":"closed","sticky":false,"template":"","format":"standard","meta":{"footnotes":""},"categories":[6],"tags":[],"class_list":["post-9707","post","type-post","status-publish","format-standard","has-post-thumbnail","hentry","category-cmiyyt"],"featured_image_urls":{"full":["https:\/\/veteran.az\/wp-content\/uploads\/2021\/04\/ictimai_d6de25dd385a50993f339d153ae21a7d_heszc79bmq8oipvx2tyl-620x460-1.jpg",620,460,false],"thumbnail":["https:\/\/veteran.az\/wp-content\/uploads\/2021\/04\/ictimai_d6de25dd385a50993f339d153ae21a7d_heszc79bmq8oipvx2tyl-620x460-1-150x150.jpg",150,150,true],"medium":["https:\/\/veteran.az\/wp-content\/uploads\/2021\/04\/ictimai_d6de25dd385a50993f339d153ae21a7d_heszc79bmq8oipvx2tyl-620x460-1-300x223.jpg",300,223,true],"medium_large":["https:\/\/veteran.az\/wp-content\/uploads\/2021\/04\/ictimai_d6de25dd385a50993f339d153ae21a7d_heszc79bmq8oipvx2tyl-620x460-1.jpg",620,460,false],"large":["https:\/\/veteran.az\/wp-content\/uploads\/2021\/04\/ictimai_d6de25dd385a50993f339d153ae21a7d_heszc79bmq8oipvx2tyl-620x460-1.jpg",620,460,false],"1536x1536":["https:\/\/veteran.az\/wp-content\/uploads\/2021\/04\/ictimai_d6de25dd385a50993f339d153ae21a7d_heszc79bmq8oipvx2tyl-620x460-1.jpg",620,460,false],"2048x2048":["https:\/\/veteran.az\/wp-content\/uploads\/2021\/04\/ictimai_d6de25dd385a50993f339d153ae21a7d_heszc79bmq8oipvx2tyl-620x460-1.jpg",620,460,false],"covernews-slider-full":["https:\/\/veteran.az\/wp-content\/uploads\/2021\/04\/ictimai_d6de25dd385a50993f339d153ae21a7d_heszc79bmq8oipvx2tyl-620x460-1.jpg",620,460,false],"covernews-slider-center":["https:\/\/veteran.az\/wp-content\/uploads\/2021\/04\/ictimai_d6de25dd385a50993f339d153ae21a7d_heszc79bmq8oipvx2tyl-620x460-1.jpg",620,460,false],"covernews-featured":["https:\/\/veteran.az\/wp-content\/uploads\/2021\/04\/ictimai_d6de25dd385a50993f339d153ae21a7d_heszc79bmq8oipvx2tyl-620x460-1.jpg",620,460,false],"covernews-medium":["https:\/\/veteran.az\/wp-content\/uploads\/2021\/04\/ictimai_d6de25dd385a50993f339d153ae21a7d_heszc79bmq8oipvx2tyl-620x460-1-620x380.jpg",540,331,true],"covernews-medium-square":["https:\/\/veteran.az\/wp-content\/uploads\/2021\/04\/ictimai_d6de25dd385a50993f339d153ae21a7d_heszc79bmq8oipvx2tyl-620x460-1-620x450.jpg",344,250,true]},"author_info":{"display_name":"Veteran.az","author_link":"https:\/\/veteran.az\/?author=3"},"category_info":"<a href=\"https:\/\/veteran.az\/?cat=6\" rel=\"category\">C\u0259miyy\u0259t<\/a>","tag_info":"C\u0259miyy\u0259t","comment_count":"0","_links":{"self":[{"href":"https:\/\/veteran.az\/index.php?rest_route=\/wp\/v2\/posts\/9707","targetHints":{"allow":["GET"]}}],"collection":[{"href":"https:\/\/veteran.az\/index.php?rest_route=\/wp\/v2\/posts"}],"about":[{"href":"https:\/\/veteran.az\/index.php?rest_route=\/wp\/v2\/types\/post"}],"author":[{"embeddable":true,"href":"https:\/\/veteran.az\/index.php?rest_route=\/wp\/v2\/users\/3"}],"replies":[{"embeddable":true,"href":"https:\/\/veteran.az\/index.php?rest_route=%2Fwp%2Fv2%2Fcomments&post=9707"}],"version-history":[{"count":1,"href":"https:\/\/veteran.az\/index.php?rest_route=\/wp\/v2\/posts\/9707\/revisions"}],"predecessor-version":[{"id":9709,"href":"https:\/\/veteran.az\/index.php?rest_route=\/wp\/v2\/posts\/9707\/revisions\/9709"}],"wp:featuredmedia":[{"embeddable":true,"href":"https:\/\/veteran.az\/index.php?rest_route=\/wp\/v2\/media\/9708"}],"wp:attachment":[{"href":"https:\/\/veteran.az\/index.php?rest_route=%2Fwp%2Fv2%2Fmedia&parent=9707"}],"wp:term":[{"taxonomy":"category","embeddable":true,"href":"https:\/\/veteran.az\/index.php?rest_route=%2Fwp%2Fv2%2Fcategories&post=9707"},{"taxonomy":"post_tag","embeddable":true,"href":"https:\/\/veteran.az\/index.php?rest_route=%2Fwp%2Fv2%2Ftags&post=9707"}],"curies":[{"name":"wp","href":"https:\/\/api.w.org\/{rel}","templated":true}]}}