{"id":9684,"date":"2021-04-20T23:37:30","date_gmt":"2021-04-20T19:37:30","guid":{"rendered":"http:\/\/veteran.az\/?p=9684"},"modified":"2021-04-20T23:37:31","modified_gmt":"2021-04-20T19:37:31","slug":"prezident-ilk-b%c9%99rpa-olunacaq-k%c9%99ndl%c9%99rin-adin-aciqladi","status":"publish","type":"post","link":"https:\/\/veteran.az\/?p=9684","title":{"rendered":"Prezident ilk b\u0259rpa olunacaq k\u0259ndl\u0259rin ad\u0131n A\u00c7IQLADI"},"content":{"rendered":"\n<p><strong>&#171;B\u00fct\u00fcn \u015f\u0259h\u0259rl\u0259rin ba\u015f planlar\u0131 haz\u0131rlan\u0131r. Hesab edir\u0259m ki, bu, ilk n\u00f6vb\u0259d\u0259, A\u011fdam \u015f\u0259h\u0259rini \u0259hat\u0259 ed\u0259c\u0259k. \u00dcmid edir\u0259m, may ay\u0131n\u0131n sonuna q\u0259d\u0259r A\u011fdam \u015f\u0259h\u0259rinin ba\u015f plan\u0131n\u0131n ilkin versiyas\u0131 t\u0259qdim olunacaq v\u0259 \u0259lb\u0259tt\u0259 ki, ondan sonra, o c\u00fcml\u0259d\u0259n A\u011fdam rayonunun ictimaiyy\u0259ti il\u0259 birlikd\u0259 m\u00fczakir\u0259 edil\u0259c\u0259k. Dig\u0259r \u015f\u0259h\u0259rl\u0259rimizin d\u0259 ba\u015f planlar\u0131 haz\u0131rlan\u0131r\u201d.<\/strong><\/p>\n\n\n\n<p><br>Sfera.az x\u0259b\u0259r verir ki, bunu Prezident \u0130lham \u018fliyev Az\u0259rbaycan Televiziyas\u0131na m\u00fcsahib\u0259si zaman\u0131 bildirib.<\/p>\n\n\n\n<p><br>K\u0259ndl\u0259rin b\u0259rpas\u0131na g\u0259ldikd\u0259, d\u00f6vl\u0259t ba\u015f\u00e7\u0131s\u0131 bildirib ki, burada da biz i\u015fl\u0259rimizi m\u0259rh\u0259l\u0259l\u0259r\u0259 b\u00f6lm\u0259liyik:<br><\/p>\n\n\n\n<p>&#171;\u0130lk n\u00f6vb\u0259d\u0259, biz m\u00f6vcud infrastruktura yax\u0131n olan k\u0259ndl\u0259ri b\u0259rpa etm\u0259liyik. Bu da t\u0259biidir, \u00e7\u00fcnki h\u0259m vaxt, h\u0259m s\u0259m\u0259r\u0259lilik bax\u0131m\u0131ndan bu, daha m\u0259qs\u0259d\u0259uy\u011fundur. Ona g\u00f6r\u0259 A\u011fdam, F\u00fczuli, C\u0259bray\u0131l rayonlar\u0131n\u0131n ke\u00e7mi\u015f t\u0259mas x\u0259ttin\u0259 yax\u0131n olan k\u0259ndl\u0259rinin b\u0259rpas\u0131 il\u0259 ba\u011fl\u0131 m\u00fcvafiq g\u00f6st\u0259ri\u015fl\u0259r verilib.<\/p>\n\n\n\n<p><br>Xaricd\u0259n bir \u00e7ox t\u0259klifl\u0259r g\u0259lm\u0259kd\u0259dir, bir \u00e7ox xarici t\u0259r\u0259fda\u015flar\u0131m\u0131z Qaraba\u011f\u0131n b\u0259rpas\u0131 i\u015find\u0259 f\u0259al i\u015ftirak etm\u0259k ist\u0259yirl\u0259r. Biz d\u0259, \u0259lb\u0259tt\u0259 ki, bunu alq\u0131\u015flay\u0131r\u0131q. T\u0259bii ki, b\u00fct\u00fcn t\u0259klifl\u0259r t\u0259hlil edil\u0259c\u0259k v\u0259 m\u00fczakir\u0259 olunacaq. Biz bu i\u015fl\u0259ri maksimum s\u0259m\u0259r\u0259 il\u0259 g\u00f6rm\u0259liyik ki, azad edilmi\u015f torpaqlara qay\u0131dacaq v\u0259t\u0259nda\u015flar \u00fc\u00e7\u00fcn \u0259n g\u00f6z\u0259l \u015f\u0259rait yarad\u0131ls\u0131n\u201d.<\/p>\n","protected":false},"excerpt":{"rendered":"<p>&#171;B\u00fct\u00fcn \u015f\u0259h\u0259rl\u0259rin ba\u015f planlar\u0131 haz\u0131rlan\u0131r. Hesab edir\u0259m ki, bu, ilk n\u00f6vb\u0259d\u0259, A\u011fdam \u015f\u0259h\u0259rini \u0259hat\u0259 ed\u0259c\u0259k&#8230;.<\/p>\n","protected":false},"author":3,"featured_media":9685,"comment_status":"closed","ping_status":"closed","sticky":false,"template":"","format":"standard","meta":{"footnotes":""},"categories":[6],"tags":[],"class_list":["post-9684","post","type-post","status-publish","format-standard","has-post-thumbnail","hentry","category-cmiyyt"],"featured_image_urls":{"full":["https:\/\/veteran.az\/wp-content\/uploads\/2021\/04\/1618943904_prezident-1.jpg",637,400,false],"thumbnail":["https:\/\/veteran.az\/wp-content\/uploads\/2021\/04\/1618943904_prezident-1-150x150.jpg",150,150,true],"medium":["https:\/\/veteran.az\/wp-content\/uploads\/2021\/04\/1618943904_prezident-1-300x188.jpg",300,188,true],"medium_large":["https:\/\/veteran.az\/wp-content\/uploads\/2021\/04\/1618943904_prezident-1.jpg",637,400,false],"large":["https:\/\/veteran.az\/wp-content\/uploads\/2021\/04\/1618943904_prezident-1.jpg",637,400,false],"1536x1536":["https:\/\/veteran.az\/wp-content\/uploads\/2021\/04\/1618943904_prezident-1.jpg",637,400,false],"2048x2048":["https:\/\/veteran.az\/wp-content\/uploads\/2021\/04\/1618943904_prezident-1.jpg",637,400,false],"covernews-slider-full":["https:\/\/veteran.az\/wp-content\/uploads\/2021\/04\/1618943904_prezident-1.jpg",637,400,false],"covernews-slider-center":["https:\/\/veteran.az\/wp-content\/uploads\/2021\/04\/1618943904_prezident-1.jpg",637,400,false],"covernews-featured":["https:\/\/veteran.az\/wp-content\/uploads\/2021\/04\/1618943904_prezident-1.jpg",637,400,false],"covernews-medium":["https:\/\/veteran.az\/wp-content\/uploads\/2021\/04\/1618943904_prezident-1-637x380.jpg",540,322,true],"covernews-medium-square":["https:\/\/veteran.az\/wp-content\/uploads\/2021\/04\/1618943904_prezident-1.jpg",398,250,false]},"author_info":{"display_name":"Veteran.az","author_link":"https:\/\/veteran.az\/?author=3"},"category_info":"<a href=\"https:\/\/veteran.az\/?cat=6\" rel=\"category\">C\u0259miyy\u0259t<\/a>","tag_info":"C\u0259miyy\u0259t","comment_count":"0","_links":{"self":[{"href":"https:\/\/veteran.az\/index.php?rest_route=\/wp\/v2\/posts\/9684","targetHints":{"allow":["GET"]}}],"collection":[{"href":"https:\/\/veteran.az\/index.php?rest_route=\/wp\/v2\/posts"}],"about":[{"href":"https:\/\/veteran.az\/index.php?rest_route=\/wp\/v2\/types\/post"}],"author":[{"embeddable":true,"href":"https:\/\/veteran.az\/index.php?rest_route=\/wp\/v2\/users\/3"}],"replies":[{"embeddable":true,"href":"https:\/\/veteran.az\/index.php?rest_route=%2Fwp%2Fv2%2Fcomments&post=9684"}],"version-history":[{"count":1,"href":"https:\/\/veteran.az\/index.php?rest_route=\/wp\/v2\/posts\/9684\/revisions"}],"predecessor-version":[{"id":9686,"href":"https:\/\/veteran.az\/index.php?rest_route=\/wp\/v2\/posts\/9684\/revisions\/9686"}],"wp:featuredmedia":[{"embeddable":true,"href":"https:\/\/veteran.az\/index.php?rest_route=\/wp\/v2\/media\/9685"}],"wp:attachment":[{"href":"https:\/\/veteran.az\/index.php?rest_route=%2Fwp%2Fv2%2Fmedia&parent=9684"}],"wp:term":[{"taxonomy":"category","embeddable":true,"href":"https:\/\/veteran.az\/index.php?rest_route=%2Fwp%2Fv2%2Fcategories&post=9684"},{"taxonomy":"post_tag","embeddable":true,"href":"https:\/\/veteran.az\/index.php?rest_route=%2Fwp%2Fv2%2Ftags&post=9684"}],"curies":[{"name":"wp","href":"https:\/\/api.w.org\/{rel}","templated":true}]}}