{"id":9673,"date":"2021-04-20T11:30:54","date_gmt":"2021-04-20T07:30:54","guid":{"rendered":"http:\/\/veteran.az\/?p=9673"},"modified":"2021-04-20T11:39:34","modified_gmt":"2021-04-20T07:39:34","slug":"az%c9%99rbaycan-ordusunun-itkin-dus%c9%99n-%c9%99sg%c9%99rinin-n%c9%99si-tapilib","status":"publish","type":"post","link":"https:\/\/veteran.az\/?p=9673","title":{"rendered":"Az\u0259rbaycan Ordusunun itkin d\u00fc\u015f\u0259n \u0259sg\u0259rinin n\u0259\u015fi tap\u0131l\u0131b"},"content":{"rendered":"\n<p><strong>Az\u0259rbaycan Ordusunun V\u0259t\u0259n m\u00fcharib\u0259sind\u0259 itkin d\u00fc\u015f\u0259n daha bir h\u0259rbi qulluq\u00e7usunun n\u0259\u015fi tap\u0131l\u0131b.<\/strong><\/p>\n\n\n\n<p>Noyabr\u0131n 2-d\u0259n itkin d\u00fc\u015f\u0259n \u0259sg\u0259r <strong>K\u0259rimli Qalas\u0131 M\u00fcsl\u00fcm o\u011flu<\/strong>nun torpaqlar\u0131m\u0131z\u0131n azadl\u0131\u011f\u0131 u\u011frunda ged\u0259n d\u00f6y\u00fc\u015fl\u0259rd\u0259 \u015f\u0259hid oldu\u011fu t\u0259sdiql\u0259nib.<\/p>\n\n\n\n<figure class=\"wp-block-image size-large\"><img loading=\"lazy\" decoding=\"async\" width=\"640\" height=\"462\" src=\"http:\/\/veteran.az\/wp-content\/uploads\/2021\/04\/sehid-qalasi.jpg\" alt=\"\" class=\"wp-image-9676\" srcset=\"https:\/\/veteran.az\/wp-content\/uploads\/2021\/04\/sehid-qalasi.jpg 640w, https:\/\/veteran.az\/wp-content\/uploads\/2021\/04\/sehid-qalasi-300x217.jpg 300w\" sizes=\"auto, (max-width: 640px) 100vw, 640px\" \/><\/figure>\n\n\n\n<p>\u015e\u0259hidin n\u0259\u015fi Hac\u0131qabul rayonunun Mu\u011fan q\u0259s\u0259b\u0259sin\u0259 g\u0259tiril\u0259c\u0259k v\u0259 vida m\u0259rasimind\u0259n sonra q\u0259s\u0259b\u0259 q\u0259biristanl\u0131\u011f\u0131nda d\u0259fn edil\u0259c\u0259k.<\/p>\n\n\n\n<p>Qeyd ed\u0259k ki, Q.K\u0259rimli 2000-ci il yanvar\u0131n 8-d\u0259 Hac\u0131qabul rayonunun Mu\u011fan q\u0259s\u0259b\u0259sind\u0259 anadan olub. Nobar\u0131n 2-d\u0259 onunla \u0259laq\u0259 k\u0259silib v\u0259 bar\u0259sind\u0259 he\u00e7 bir m\u0259lumat almaq m\u00fcmk\u00fcn olmay\u0131b. Q.K\u0259rimli \u015eu\u015fan\u0131n Da\u015falt\u0131 k\u0259ndi u\u011frunda ged\u0259n d\u00f6y\u00fc\u015fl\u0259rd\u0259 itkin d\u00fc\u00fcb.<\/p>\n\n\n\n<p>Prezident \u0130lham \u018fliyevin \u00f6t\u0259n ilin dekabr\u0131n 18-d\u0259 imzalad\u0131\u011f\u0131 s\u0259r\u0259ncam il\u0259 \u0259sg\u0259r K\u0259rimli Qalas\u0131 M\u00fcsl\u00fcm o\u011flu \u201cC\u0259sur d\u00f6y\u00fc\u015f\u00e7\u00fc\u201d medal\u0131 il\u0259 t\u0259ltif edilib. O, Az\u0259rbaycan Respublikas\u0131 \u0259razil\u0259rinin i\u015f\u011faldan azad olunmas\u0131 zaman\u0131 d\u00f6y\u00fc\u015f tap\u015f\u0131r\u0131qlar\u0131n\u0131 u\u011furla yerin\u0259 yetirdiyin\u0259, d\u00fc\u015fm\u0259nin \u0259sas qrupla\u015fmalar\u0131n\u0131 v\u0259 texnikas\u0131n\u0131 m\u0259hv etm\u0259kl\u0259 qo\u015funlar\u0131m\u0131z\u0131n d\u00f6y\u00fc\u015f qabiliyy\u0259tinin qorunub saxlan\u0131lmas\u0131nda f\u0259rql\u0259ndiyin\u0259 g\u00f6r\u0259 t\u0259ltif olunub.<\/p>\n","protected":false},"excerpt":{"rendered":"<p>Az\u0259rbaycan Ordusunun V\u0259t\u0259n m\u00fcharib\u0259sind\u0259 itkin d\u00fc\u015f\u0259n daha bir h\u0259rbi qulluq\u00e7usunun n\u0259\u015fi tap\u0131l\u0131b. Noyabr\u0131n 2-d\u0259n itkin&#8230;<\/p>\n","protected":false},"author":3,"featured_media":9674,"comment_status":"closed","ping_status":"closed","sticky":false,"template":"","format":"standard","meta":{"footnotes":""},"categories":[6],"tags":[],"class_list":["post-9673","post","type-post","status-publish","format-standard","has-post-thumbnail","hentry","category-cmiyyt"],"featured_image_urls":{"full":["https:\/\/veteran.az\/wp-content\/uploads\/2021\/04\/8965-1.jpg",700,466,false],"thumbnail":["https:\/\/veteran.az\/wp-content\/uploads\/2021\/04\/8965-1-150x150.jpg",150,150,true],"medium":["https:\/\/veteran.az\/wp-content\/uploads\/2021\/04\/8965-1-300x200.jpg",300,200,true],"medium_large":["https:\/\/veteran.az\/wp-content\/uploads\/2021\/04\/8965-1.jpg",640,426,false],"large":["https:\/\/veteran.az\/wp-content\/uploads\/2021\/04\/8965-1.jpg",640,426,false],"1536x1536":["https:\/\/veteran.az\/wp-content\/uploads\/2021\/04\/8965-1.jpg",700,466,false],"2048x2048":["https:\/\/veteran.az\/wp-content\/uploads\/2021\/04\/8965-1.jpg",700,466,false],"covernews-slider-full":["https:\/\/veteran.az\/wp-content\/uploads\/2021\/04\/8965-1.jpg",700,466,false],"covernews-slider-center":["https:\/\/veteran.az\/wp-content\/uploads\/2021\/04\/8965-1.jpg",700,466,false],"covernews-featured":["https:\/\/veteran.az\/wp-content\/uploads\/2021\/04\/8965-1.jpg",700,466,false],"covernews-medium":["https:\/\/veteran.az\/wp-content\/uploads\/2021\/04\/8965-1-700x380.jpg",540,293,true],"covernews-medium-square":["https:\/\/veteran.az\/wp-content\/uploads\/2021\/04\/8965-1-675x450.jpg",375,250,true]},"author_info":{"display_name":"Veteran.az","author_link":"https:\/\/veteran.az\/?author=3"},"category_info":"<a href=\"https:\/\/veteran.az\/?cat=6\" rel=\"category\">C\u0259miyy\u0259t<\/a>","tag_info":"C\u0259miyy\u0259t","comment_count":"0","_links":{"self":[{"href":"https:\/\/veteran.az\/index.php?rest_route=\/wp\/v2\/posts\/9673","targetHints":{"allow":["GET"]}}],"collection":[{"href":"https:\/\/veteran.az\/index.php?rest_route=\/wp\/v2\/posts"}],"about":[{"href":"https:\/\/veteran.az\/index.php?rest_route=\/wp\/v2\/types\/post"}],"author":[{"embeddable":true,"href":"https:\/\/veteran.az\/index.php?rest_route=\/wp\/v2\/users\/3"}],"replies":[{"embeddable":true,"href":"https:\/\/veteran.az\/index.php?rest_route=%2Fwp%2Fv2%2Fcomments&post=9673"}],"version-history":[{"count":2,"href":"https:\/\/veteran.az\/index.php?rest_route=\/wp\/v2\/posts\/9673\/revisions"}],"predecessor-version":[{"id":9677,"href":"https:\/\/veteran.az\/index.php?rest_route=\/wp\/v2\/posts\/9673\/revisions\/9677"}],"wp:featuredmedia":[{"embeddable":true,"href":"https:\/\/veteran.az\/index.php?rest_route=\/wp\/v2\/media\/9674"}],"wp:attachment":[{"href":"https:\/\/veteran.az\/index.php?rest_route=%2Fwp%2Fv2%2Fmedia&parent=9673"}],"wp:term":[{"taxonomy":"category","embeddable":true,"href":"https:\/\/veteran.az\/index.php?rest_route=%2Fwp%2Fv2%2Fcategories&post=9673"},{"taxonomy":"post_tag","embeddable":true,"href":"https:\/\/veteran.az\/index.php?rest_route=%2Fwp%2Fv2%2Ftags&post=9673"}],"curies":[{"name":"wp","href":"https:\/\/api.w.org\/{rel}","templated":true}]}}