{"id":9655,"date":"2021-04-20T01:26:03","date_gmt":"2021-04-19T21:26:03","guid":{"rendered":"http:\/\/veteran.az\/?p=9655"},"modified":"2021-04-20T01:26:04","modified_gmt":"2021-04-19T21:26:04","slug":"atasi-k%c9%99lb%c9%99c%c9%99rd%c9%99-ol%c9%99n-ogluna-s%c9%99hid-statusu-ist%c9%99yir","status":"publish","type":"post","link":"https:\/\/veteran.az\/?p=9655","title":{"rendered":"Atas\u0131 K\u0259lb\u0259c\u0259rd\u0259 \u00f6l\u0259n o\u011fluna \u015f\u0259hid statusu ist\u0259yir"},"content":{"rendered":"\n<p><strong>Bu ilin yanvar\u0131n 28-d\u0259 K\u0259lb\u0259c\u0259rd\u0259 h\u0259lak olan F\u0259thulla Siracovun atas\u0131 Qas\u0131m Siracov o\u011fluna \u015f\u0259hidlik statusu verilm\u0259m\u0259sind\u0259n naraz\u0131d\u0131r.<\/strong><\/p>\n\n\n\n<p><br>Bu bar\u0259d\u0259 &#171;Qafqazinfo\u201dya m\u00fcraci\u0259t ed\u0259n Q.Siracov bildirib ki, 2001-ci il t\u0259v\u0259ll\u00fcdl\u00fc o\u011flunun \u00f6t\u0259n ilin oktyabr\u0131nda xidm\u0259ti ba\u015fa \u00e7atsa da, m\u00fcharib\u0259y\u0259 g\u00f6r\u0259 t\u0259rxis edilm\u0259yib:<\/p>\n\n\n\n<p><br>&#171;F\u0259thulla h\u0259rbi xidm\u0259tini Murovda\u011fda edib. Sentyabr\u0131n 27-d\u0259 d\u00f6y\u00fc\u015fl\u0259r ba\u015flad\u0131\u011f\u0131ndan m\u00fcharib\u0259y\u0259 qat\u0131l\u0131b. O, &#171;K\u0259lb\u0259c\u0259rin azad olunmas\u0131na g\u00f6r\u0259\u201d medal\u0131 il\u0259 t\u0259ltif edilib. M\u00fcharib\u0259 bitdikd\u0259n sonra ay yar\u0131m \u00c7ayk\u0259ndd\u0259 olublar. Bu ilin yanvar\u0131n 11-d\u0259 K\u0259lb\u0259c\u0259rd\u0259 Pora da\u011f\u0131 istiqam\u0259tind\u0259 xidm\u0259t\u0259 g\u00f6nd\u0259rilib. Yanvar\u0131n 28-d\u0259 v\u0259fat edib. Biz\u0259 g\u0259l\u0259n birinci bildiri\u015fd\u0259 v\u0259fat s\u0259b\u0259bi olaraq a\u011fciy\u0259r-\u00fcr\u0259k \u00e7at\u0131\u015fmazl\u0131\u011f\u0131 diaqnozu qeyd edilib. Daha sonra \u00f6l\u00fcm \u015f\u0259had\u0259tnam\u0259sind\u0259 d\u0259qiql\u0259\u015fdirilm\u0259mi\u015f bakterial pnevmaniya diaqnozu yaz\u0131l\u0131b.<\/p>\n\n\n\n<p>Biz \u015eabran rayonu G\u0259ndov k\u0259ndind\u0259 ya\u015fay\u0131r\u0131q. O\u011flumu t\u0259mt\u0259raqla, orkestrl\u0259, iki bayraqla g\u0259tirib d\u0259fn etdil\u0259r. D\u0259fnd\u0259 \u015f\u0259hid deyib yad el\u0259dil\u0259r. Ancaq bayra\u011f\u0131 m\u0259n\u0259 ver\u0259rk\u0259n dedil\u0259r ki, bayra\u011f\u0131 \u0259sg\u0259rin atas\u0131na t\u0259qdim edirik. M\u0259n d\u0259 o g\u00fcn \u00f6z\u00fcmd\u0259 deyildim. Sonradan videog\u00f6r\u00fcnt\u00fcl\u0259r\u0259 baxanda bunun \u015fahidi olduq. \u015e\u0259hidin atas\u0131na veririk dem\u0259dil\u0259r. Onun \u00f6l\u00fcm bildiri\u015find\u0259 yaz\u0131l\u0131b ki, yanvar\u0131n 28-d\u0259 K\u0259lb\u0259c\u0259r rayonu Pora da\u011f\u0131nda d\u00f6y\u00fc\u015f m\u00f6vqeyind\u0259 d\u00fc\u015fm\u0259nl\u0259 bilavasit\u0259 t\u0259mas x\u0259tti v\u0259ziyy\u0259tind\u0259 d\u00f6y\u00fc\u015f tap\u015f\u0131r\u0131\u011f\u0131n\u0131 yerin\u0259 yetir\u0259rk\u0259n v\u0259 xidm\u0259ti v\u0259zif\u0259sini icra ed\u0259rk\u0259n v\u0259fat edib. \u015e\u0259hidlik \u00fc\u00e7\u00fcn h\u0259lak oldu yaz\u0131lmal\u0131ym\u0131\u015f. Buna g\u00f6r\u0259 d\u0259 ona \u015f\u0259hid statusu ala bilmir\u0259m.<\/p>\n\n\n\n<p><br>1 il 9 ay \u00f6vlad\u0131m xidm\u0259td\u0259 olub. Ona qoyulmu\u015f diaqnoza inanm\u0131ram. Xidm\u0259td\u0259 oldu\u011fu m\u00fcdd\u0259td\u0259 bir d\u0259f\u0259 d\u0259 olsun hospitala d\u00fc\u015fm\u0259yib. \u018fsg\u0259r olmam\u0131\u015fdan qabaq da x\u0259st\u0259l\u0259nm\u0259yib. \u018fsg\u0259rliy\u0259 ged\u0259nd\u0259 d\u0259 komissiyadan ke\u00e7ib. X\u0259st\u0259 olsayd\u0131, \u0259sg\u0259rliy\u0259 aparmazd\u0131lar. 3 bac\u0131n\u0131n bir qarda\u015f\u0131 idi. Evin ki\u00e7ik u\u015fa\u011f\u0131 idi. Biz g\u00f6zl\u0259yirdik ki, o\u011flum h\u0259rbi xidm\u0259td\u0259n qay\u0131d\u0131b bacard\u0131\u011f\u0131 bir i\u015fl\u0259 m\u0259\u015f\u011ful olub ail\u0259sin\u0259 baxacaq. M\u0259nim 61 ya\u015f\u0131m var. \u0130\u015fl\u0259y\u0259 bilmir\u0259m. \u0130ndi d\u0259 h\u0259r yer\u0259 m\u00fcraci\u0259t edir\u0259m ki, o\u011flumun haqq\u0131n\u0131 b\u0259rpa ed\u0259k\u201d.<br>Q.Siracov eyni zamanda \u0259lav\u0259 edib ki, bu g\u00fcn m\u00f6vcud probleml\u0259 ba\u011fl\u0131 \u015eabran rayonu icra hakimiyy\u0259ti ba\u015f\u00e7\u0131s\u0131n\u0131n q\u0259bulunda da olub: &#171;\u0130cra ba\u015f\u00e7\u0131s\u0131 bildirdi ki, o\u011fluma \u015f\u0259hid statusu verilm\u0259siyl\u0259 ba\u011fl\u0131 aidiyyat\u0131 orqanlarla dan\u0131\u015f\u0131qlar aparacaq. Ba\u015f\u00e7\u0131 m\u0259s\u0259l\u0259nin m\u00fcsb\u0259t istiqam\u0259td\u0259 h\u0259ll edil\u0259c\u0259yini vur\u011fulad\u0131\u201d.<\/p>\n\n\n\n<p><br>Qeyd ed\u0259k ki, &#171;Qafqazinfo\u201d Q.Siracovun m\u00fcraci\u0259tiyl\u0259 ba\u011fl\u0131 M\u00fcdafi\u0259 Nazirliyinin m\u0259tbuat xidm\u0259tin\u0259 sor\u011fu g\u00f6nd\u0259rib.<\/p>\n","protected":false},"excerpt":{"rendered":"<p>Bu ilin yanvar\u0131n 28-d\u0259 K\u0259lb\u0259c\u0259rd\u0259 h\u0259lak olan F\u0259thulla Siracovun atas\u0131 Qas\u0131m Siracov o\u011fluna \u015f\u0259hidlik statusu&#8230;<\/p>\n","protected":false},"author":3,"featured_media":9656,"comment_status":"closed","ping_status":"closed","sticky":false,"template":"","format":"standard","meta":{"footnotes":""},"categories":[6],"tags":[],"class_list":["post-9655","post","type-post","status-publish","format-standard","has-post-thumbnail","hentry","category-cmiyyt"],"featured_image_urls":{"full":["https:\/\/veteran.az\/wp-content\/uploads\/2021\/04\/1618840213_untitled-1.jpg",800,450,false],"thumbnail":["https:\/\/veteran.az\/wp-content\/uploads\/2021\/04\/1618840213_untitled-1-150x150.jpg",150,150,true],"medium":["https:\/\/veteran.az\/wp-content\/uploads\/2021\/04\/1618840213_untitled-1-300x169.jpg",300,169,true],"medium_large":["https:\/\/veteran.az\/wp-content\/uploads\/2021\/04\/1618840213_untitled-1-768x432.jpg",640,360,true],"large":["https:\/\/veteran.az\/wp-content\/uploads\/2021\/04\/1618840213_untitled-1.jpg",640,360,false],"1536x1536":["https:\/\/veteran.az\/wp-content\/uploads\/2021\/04\/1618840213_untitled-1.jpg",800,450,false],"2048x2048":["https:\/\/veteran.az\/wp-content\/uploads\/2021\/04\/1618840213_untitled-1.jpg",800,450,false],"covernews-slider-full":["https:\/\/veteran.az\/wp-content\/uploads\/2021\/04\/1618840213_untitled-1.jpg",800,450,false],"covernews-slider-center":["https:\/\/veteran.az\/wp-content\/uploads\/2021\/04\/1618840213_untitled-1.jpg",800,450,false],"covernews-featured":["https:\/\/veteran.az\/wp-content\/uploads\/2021\/04\/1618840213_untitled-1.jpg",800,450,false],"covernews-medium":["https:\/\/veteran.az\/wp-content\/uploads\/2021\/04\/1618840213_untitled-1-720x380.jpg",540,285,true],"covernews-medium-square":["https:\/\/veteran.az\/wp-content\/uploads\/2021\/04\/1618840213_untitled-1-675x450.jpg",375,250,true]},"author_info":{"display_name":"Veteran.az","author_link":"https:\/\/veteran.az\/?author=3"},"category_info":"<a href=\"https:\/\/veteran.az\/?cat=6\" rel=\"category\">C\u0259miyy\u0259t<\/a>","tag_info":"C\u0259miyy\u0259t","comment_count":"0","_links":{"self":[{"href":"https:\/\/veteran.az\/index.php?rest_route=\/wp\/v2\/posts\/9655","targetHints":{"allow":["GET"]}}],"collection":[{"href":"https:\/\/veteran.az\/index.php?rest_route=\/wp\/v2\/posts"}],"about":[{"href":"https:\/\/veteran.az\/index.php?rest_route=\/wp\/v2\/types\/post"}],"author":[{"embeddable":true,"href":"https:\/\/veteran.az\/index.php?rest_route=\/wp\/v2\/users\/3"}],"replies":[{"embeddable":true,"href":"https:\/\/veteran.az\/index.php?rest_route=%2Fwp%2Fv2%2Fcomments&post=9655"}],"version-history":[{"count":1,"href":"https:\/\/veteran.az\/index.php?rest_route=\/wp\/v2\/posts\/9655\/revisions"}],"predecessor-version":[{"id":9657,"href":"https:\/\/veteran.az\/index.php?rest_route=\/wp\/v2\/posts\/9655\/revisions\/9657"}],"wp:featuredmedia":[{"embeddable":true,"href":"https:\/\/veteran.az\/index.php?rest_route=\/wp\/v2\/media\/9656"}],"wp:attachment":[{"href":"https:\/\/veteran.az\/index.php?rest_route=%2Fwp%2Fv2%2Fmedia&parent=9655"}],"wp:term":[{"taxonomy":"category","embeddable":true,"href":"https:\/\/veteran.az\/index.php?rest_route=%2Fwp%2Fv2%2Fcategories&post=9655"},{"taxonomy":"post_tag","embeddable":true,"href":"https:\/\/veteran.az\/index.php?rest_route=%2Fwp%2Fv2%2Ftags&post=9655"}],"curies":[{"name":"wp","href":"https:\/\/api.w.org\/{rel}","templated":true}]}}