{"id":9498,"date":"2021-04-12T23:34:15","date_gmt":"2021-04-12T19:34:15","guid":{"rendered":"http:\/\/veteran.az\/?p=9498"},"modified":"2021-04-12T23:34:17","modified_gmt":"2021-04-12T19:34:17","slug":"q%c9%99rar-verildi-ki-ilham-%c9%99liyevi-devirm%c9%99liyik-v%c9%99-cevrilis-c%c9%99hdl%c9%99ri-oldu-prezidentd%c9%99n-sensasion-aciqlama","status":"publish","type":"post","link":"https:\/\/veteran.az\/?p=9498","title":{"rendered":"Q\u0259rar verildi ki, \u0130lham \u018fliyevi devirm\u0259liyik v\u0259 \u00e7evrili\u015f c\u0259hdl\u0259ri oldu&#8230; &#8212; Prezidentd\u0259n SENSAS\u0130ON A\u00c7IQLAMA"},"content":{"rendered":"\n<p><strong>\u201cM\u0259n 2003-c\u00fc ild\u0259 hakimiyy\u0259t\u0259 g\u0259l\u0259r\u0259k, Prezident v\u0259zif\u0259sin\u0259 ba\u015flayaraq s\u00f6z vermi\u015fdim ki, \u0259razi b\u00fct\u00f6vl\u00fcy\u00fcn\u00fc qoruyaca\u011fam v\u0259 bu s\u00f6z\u0259 \u0259m\u0259l etdim. Az\u0259rbaycan\u0131n \u0259razi b\u00fct\u00f6vl\u00fcy\u00fc 17 il \u0259rzind\u0259 qorundu. D\u00fc\u015fm\u0259nin b\u00fct\u00fcn c\u0259hdl\u0259rin\u0259 baxmayaraq, h\u0259r hans\u0131 bir g\u00fcz\u0259\u015ft edilm\u0259di. Halbuki t\u0259zyiql\u0259r d\u0259 olmu\u015fdur, t\u0259hdidl\u0259r d\u0259 olmu\u015fdur. M\u0259n\u0259 qar\u015f\u0131 \u00e7evrili\u015f c\u0259hdl\u0259ri olmu\u015fdur\u201d.<\/strong><\/p>\n\n\n\n<p><strong>AZSABAH.COM<\/strong>-un x\u0259b\u0259rin\u0259 g\u00f6r\u0259, bunu Az\u0259rbaycan Respublikas\u0131n\u0131n Prezidenti \u0130lham \u018fliyev aprelin 12-d\u0259 Bak\u0131da H\u0259rbi Q\u0259nim\u0259tl\u0259r Park\u0131n\u0131n a\u00e7\u0131l\u0131\u015f\u0131nda i\u015ftirak ed\u0259rk\u0259n deyib.<\/p>\n\n\n\n<p>\u201c2003-c\u00fc ild\u0259 Azadl\u0131q meydan\u0131nda AXC-M\u00fcsavat c\u00fctl\u00fcy\u00fcn\u00fcn t\u00f6r-t\u00f6k\u00fcnt\u00fcl\u0259ri h\u0259rbi \u00e7evrili\u015f etm\u0259k ist\u0259mi\u015fdil\u0259r, al\u0131nmad\u0131, xalq d\u0259st\u0259kl\u0259m\u0259di. 2005-ci ild\u0259 Az\u0259rbaycanda \u201cnar\u0131nc\u0131 inqilab\u201d t\u0259\u015fkil etm\u0259k ist\u0259mi\u015fdil\u0259r. Art\u0131q ba\u015flar\u0131na nar\u0131nc\u0131 bantlar ba\u011flam\u0131\u015fd\u0131lar. Nar\u0131nc\u0131 \u00e7ad\u0131rlar g\u0259tirilmi\u015fdi. N\u0259 idi m\u0259qs\u0259d? M\u0259qs\u0259d satq\u0131nlar\u0131 hakimiyy\u0259t\u0259 g\u0259tirm\u0259k, onlar\u0131n \u0259li il\u0259 Qaraba\u011f\u0131 erm\u0259nil\u0259r\u0259 verm\u0259k v\u0259 Az\u0259rbaycana r\u0259hb\u0259rlik etm\u0259k. M\u0259n bunu qoymurdum. Ona g\u00f6r\u0259 b\u0259zi xarici paytaxtlarda q\u0259rar verildi ki, \u0130lham \u018fliyevi devirm\u0259liyik. O vaxt da \u201cnar\u0131nc\u0131 inqilab\u201d d\u0259bi var idi. Orada-burada inqilablar ba\u015f verirdi. Bu inqilablar\u0131n ax\u0131r\u0131 n\u0259 oldu, indi h\u0259r k\u0259s g\u00f6r\u00fcr. \u00d6lk\u0259l\u0259r b\u0259rbad v\u0259ziyy\u0259td\u0259dir, b\u00f6hrandan \u00e7\u0131xa bilmirl\u0259r, art\u0131q 15-17 ildir b\u00f6hran h\u00f6km s\u00fcr\u00fcr. O \u00f6lk\u0259l\u0259rin b\u00f6hrandan \u00e7\u0131xma ehtimal\u0131 \u00e7ox a\u015fa\u011f\u0131d\u0131r. Yen\u0259 d\u0259 xalq arxamda durdu. Yen\u0259 d\u0259 xalq m\u00fcst\u0259qil siyas\u0259ti d\u0259st\u0259kl\u0259di. B\u00fct\u00fcn t\u0259zyiql\u0259r\u0259, b\u00fct\u00fcn c\u0259hdl\u0259r\u0259, &#8212; ondan sonra da c\u0259hdl\u0259r olmu\u015fdu, &#8212; baxmayaraq, Qaraba\u011f m\u0259s\u0259l\u0259sind\u0259 bir faiz g\u00fcz\u0259\u015ft\u0259 getm\u0259dim. Bunun \u0259ksin\u0259, 2003-c\u00fc ild\u0259 Prezident se\u00e7il\u0259nd\u0259n sonra demi\u015fdim ki, art\u0131q n\u0259 dan\u0131\u015f\u0131l\u0131b, qals\u0131n k\u0259narda. M\u0259n bunu tan\u0131m\u0131ram. S\u0131f\u0131rdan ba\u015flamal\u0131y\u0131q dan\u0131\u015f\u0131qlara, s\u0131f\u0131rdan. B\u00fct\u00fcn t\u0259zyiql\u0259r\u0259 baxmayaraq, buna nail oldum. M\u0259hz bunun n\u0259tic\u0259sind\u0259 Madrid prinsipl\u0259ri ortal\u0131\u011fa \u00e7\u0131xd\u0131. B\u0259li, Madrid prinsipl\u0259ri bizi tam qane etmirdi. M\u0259n bunu gizl\u0259tmir\u0259m. Ancaq Madrid prinsipl\u0259rinin \u0259sas\u0131nda bizim torpaqlar\u0131m\u0131z\u0131n azad edilm\u0259si n\u0259z\u0259rd\u0259 tutulurdu. M\u0259n d\u0259f\u0259l\u0259rl\u0259 demi\u015fdim ki, he\u00e7 vaxt \u00f6lk\u0259mizin \u0259razi b\u00fct\u00f6vl\u00fcy\u00fc dan\u0131\u015f\u0131qlar m\u00f6vzusu olmay\u0131b, olmayacaq v\u0259 h\u0259yat bunu t\u0259sdiql\u0259di. M\u0259nim o vaxt dan\u0131\u015f\u0131qlar\u0131n u\u011furla ba\u015fa \u00e7atmas\u0131na inam\u0131m var idi. \u00c7\u00fcnki m\u0259n bu v\u0259zif\u0259y\u0259 t\u0259z\u0259 se\u00e7ilmi\u015fdim, h\u0259l\u0259 b\u00f6y\u00fck siyas\u0259tin, riyakarl\u0131\u011f\u0131n n\u0259 d\u0259r\u0259c\u0259d\u0259 geni\u015f v\u00fcs\u0259t almas\u0131ndan x\u0259b\u0259rsiz idim. Hesab edirdim ki, kim, hans\u0131 t\u0259r\u0259fm\u00fcqabil n\u0259yi deyirs\u0259, o da h\u0259qiq\u0259tdir. Sonra anlad\u0131m ki, b\u00fct\u00fcn bu ill\u0259r \u0259rzind\u0259 bizi aldatma\u011fa \u00e7al\u0131\u015fm\u0131\u015flar. M\u0259s\u0259l\u0259ni h\u0259ll etm\u0259k yox, dondurmaq ist\u0259mi\u015fdil\u0259r. Bu m\u0259s\u0259l\u0259 il\u0259 bilavasit\u0259 m\u0259\u015f\u011ful olan beyn\u0259lxalq qurumlar bu torpaqlar\u0131 erm\u0259ni tapda\u011f\u0131n\u0131n alt\u0131nda daim saxlamaq ist\u0259mi\u015fdil\u0259r. Onu sonra anlad\u0131m\u201d, &#8212; Prezident bildirib.<\/p>\n","protected":false},"excerpt":{"rendered":"<p>\u201cM\u0259n 2003-c\u00fc ild\u0259 hakimiyy\u0259t\u0259 g\u0259l\u0259r\u0259k, Prezident v\u0259zif\u0259sin\u0259 ba\u015flayaraq s\u00f6z vermi\u015fdim ki, \u0259razi b\u00fct\u00f6vl\u00fcy\u00fcn\u00fc qoruyaca\u011fam v\u0259&#8230;<\/p>\n","protected":false},"author":3,"featured_media":9500,"comment_status":"closed","ping_status":"closed","sticky":false,"template":"","format":"standard","meta":{"footnotes":""},"categories":[6],"tags":[],"class_list":["post-9498","post","type-post","status-publish","format-standard","has-post-thumbnail","hentry","category-cmiyyt"],"featured_image_urls":{"full":["https:\/\/veteran.az\/wp-content\/uploads\/2021\/04\/172591693_10158280514074397_6095319858826639212_n.jpg",1024,683,false],"thumbnail":["https:\/\/veteran.az\/wp-content\/uploads\/2021\/04\/172591693_10158280514074397_6095319858826639212_n-150x150.jpg",150,150,true],"medium":["https:\/\/veteran.az\/wp-content\/uploads\/2021\/04\/172591693_10158280514074397_6095319858826639212_n-300x200.jpg",300,200,true],"medium_large":["https:\/\/veteran.az\/wp-content\/uploads\/2021\/04\/172591693_10158280514074397_6095319858826639212_n-768x512.jpg",640,427,true],"large":["https:\/\/veteran.az\/wp-content\/uploads\/2021\/04\/172591693_10158280514074397_6095319858826639212_n.jpg",640,427,false],"1536x1536":["https:\/\/veteran.az\/wp-content\/uploads\/2021\/04\/172591693_10158280514074397_6095319858826639212_n.jpg",1024,683,false],"2048x2048":["https:\/\/veteran.az\/wp-content\/uploads\/2021\/04\/172591693_10158280514074397_6095319858826639212_n.jpg",1024,683,false],"covernews-slider-full":["https:\/\/veteran.az\/wp-content\/uploads\/2021\/04\/172591693_10158280514074397_6095319858826639212_n.jpg",1024,683,false],"covernews-slider-center":["https:\/\/veteran.az\/wp-content\/uploads\/2021\/04\/172591693_10158280514074397_6095319858826639212_n-936x683.jpg",685,500,true],"covernews-featured":["https:\/\/veteran.az\/wp-content\/uploads\/2021\/04\/172591693_10158280514074397_6095319858826639212_n.jpg",1024,683,false],"covernews-medium":["https:\/\/veteran.az\/wp-content\/uploads\/2021\/04\/172591693_10158280514074397_6095319858826639212_n-720x380.jpg",540,285,true],"covernews-medium-square":["https:\/\/veteran.az\/wp-content\/uploads\/2021\/04\/172591693_10158280514074397_6095319858826639212_n-675x450.jpg",375,250,true]},"author_info":{"display_name":"Veteran.az","author_link":"https:\/\/veteran.az\/?author=3"},"category_info":"<a href=\"https:\/\/veteran.az\/?cat=6\" rel=\"category\">C\u0259miyy\u0259t<\/a>","tag_info":"C\u0259miyy\u0259t","comment_count":"0","_links":{"self":[{"href":"https:\/\/veteran.az\/index.php?rest_route=\/wp\/v2\/posts\/9498","targetHints":{"allow":["GET"]}}],"collection":[{"href":"https:\/\/veteran.az\/index.php?rest_route=\/wp\/v2\/posts"}],"about":[{"href":"https:\/\/veteran.az\/index.php?rest_route=\/wp\/v2\/types\/post"}],"author":[{"embeddable":true,"href":"https:\/\/veteran.az\/index.php?rest_route=\/wp\/v2\/users\/3"}],"replies":[{"embeddable":true,"href":"https:\/\/veteran.az\/index.php?rest_route=%2Fwp%2Fv2%2Fcomments&post=9498"}],"version-history":[{"count":1,"href":"https:\/\/veteran.az\/index.php?rest_route=\/wp\/v2\/posts\/9498\/revisions"}],"predecessor-version":[{"id":9501,"href":"https:\/\/veteran.az\/index.php?rest_route=\/wp\/v2\/posts\/9498\/revisions\/9501"}],"wp:featuredmedia":[{"embeddable":true,"href":"https:\/\/veteran.az\/index.php?rest_route=\/wp\/v2\/media\/9500"}],"wp:attachment":[{"href":"https:\/\/veteran.az\/index.php?rest_route=%2Fwp%2Fv2%2Fmedia&parent=9498"}],"wp:term":[{"taxonomy":"category","embeddable":true,"href":"https:\/\/veteran.az\/index.php?rest_route=%2Fwp%2Fv2%2Fcategories&post=9498"},{"taxonomy":"post_tag","embeddable":true,"href":"https:\/\/veteran.az\/index.php?rest_route=%2Fwp%2Fv2%2Ftags&post=9498"}],"curies":[{"name":"wp","href":"https:\/\/api.w.org\/{rel}","templated":true}]}}