{"id":9484,"date":"2021-04-12T13:53:36","date_gmt":"2021-04-12T09:53:36","guid":{"rendered":"http:\/\/veteran.az\/?p=9484"},"modified":"2021-04-12T13:53:38","modified_gmt":"2021-04-12T09:53:38","slug":"prezident-muxalif%c9%99ti-t%c9%99msil-ed%c9%99n-vitse-spikeri-t%c9%99ltif-etdi","status":"publish","type":"post","link":"https:\/\/veteran.az\/?p=9484","title":{"rendered":"Prezident m\u00fcxalif\u0259ti t\u0259msil ed\u0259n vitse-spikeri t\u0259ltif etdi"},"content":{"rendered":"\n<p>Az\u0259rbaycan Respublikas\u0131n\u0131n ictimai-siyasi h\u0259yat\u0131nda f\u0259al i\u015ftirak\u0131na g\u00f6r\u0259 F\u0259zail Feyruz o\u011flu \u0130brahimli \u201c\u015e\u00f6hr\u0259t\u201d ordeni il\u0259 t\u0259ltif edilib.<\/p>\n\n\n\n<p><a href=\"https:\/\/report.az\/daxili-siyaset\/prezident-fezail-ibrahimlini-teltif-etdi\/\" target=\"_blank\" rel=\"noreferrer noopener\">&#171;Report&#187;<\/a>un x\u0259b\u0259rin\u0259 g\u00f6r\u0259, bununla ba\u011fl\u0131 Prezident \u0130lham \u018fliyev s\u0259r\u0259ncam imzalay\u0131b.<\/p>\n\n\n\n<p>Qeyd ed\u0259k ki, F\u0259zail \u0130brahimli Milli M\u0259clis s\u0259drinin m\u00fcavini, parlamentin \u0130ctimai birlikl\u0259r v\u0259 dini qurumlar komit\u0259sinin s\u0259dridir. VHP s\u0259drinin birinci m\u00fcavini olan F.\u0130brahimli parlament r\u0259hb\u0259rliyind\u0259 m\u00fcxalif\u0259ti t\u0259msil edir.<\/p>\n\n\n\n<p>F.\u0130brahimli 1951-ci il aprelin 12-d\u0259 Yard\u0131ml\u0131 rayonunun \u00c7anaqbulaq k\u0259ndind\u0259 anadan olub. Bu g\u00fcn onun 70 ya\u015f\u0131 tamam olur.<\/p>\n\n\n\n<figure class=\"wp-block-image size-large is-resized\"><img loading=\"lazy\" decoding=\"async\" src=\"http:\/\/veteran.az\/wp-content\/uploads\/2021\/04\/555994d2-4f66-41f9-9ee0-f34cf3ac89f7.jpg\" alt=\"\" class=\"wp-image-9485\" width=\"575\" height=\"462\" srcset=\"https:\/\/veteran.az\/wp-content\/uploads\/2021\/04\/555994d2-4f66-41f9-9ee0-f34cf3ac89f7.jpg 531w, https:\/\/veteran.az\/wp-content\/uploads\/2021\/04\/555994d2-4f66-41f9-9ee0-f34cf3ac89f7-300x241.jpg 300w\" sizes=\"auto, (max-width: 575px) 100vw, 575px\" \/><\/figure>\n","protected":false},"excerpt":{"rendered":"<p>Az\u0259rbaycan Respublikas\u0131n\u0131n ictimai-siyasi h\u0259yat\u0131nda f\u0259al i\u015ftirak\u0131na g\u00f6r\u0259 F\u0259zail Feyruz o\u011flu \u0130brahimli \u201c\u015e\u00f6hr\u0259t\u201d ordeni il\u0259 t\u0259ltif&#8230;<\/p>\n","protected":false},"author":3,"featured_media":9486,"comment_status":"closed","ping_status":"closed","sticky":false,"template":"","format":"standard","meta":{"footnotes":""},"categories":[6],"tags":[],"class_list":["post-9484","post","type-post","status-publish","format-standard","has-post-thumbnail","hentry","category-cmiyyt"],"featured_image_urls":{"full":["https:\/\/veteran.az\/wp-content\/uploads\/2021\/04\/06295b54-db1c-3f2f-a11c-b45323fc199a_850.jpg",850,530,false],"thumbnail":["https:\/\/veteran.az\/wp-content\/uploads\/2021\/04\/06295b54-db1c-3f2f-a11c-b45323fc199a_850-150x150.jpg",150,150,true],"medium":["https:\/\/veteran.az\/wp-content\/uploads\/2021\/04\/06295b54-db1c-3f2f-a11c-b45323fc199a_850-300x187.jpg",300,187,true],"medium_large":["https:\/\/veteran.az\/wp-content\/uploads\/2021\/04\/06295b54-db1c-3f2f-a11c-b45323fc199a_850-768x479.jpg",640,399,true],"large":["https:\/\/veteran.az\/wp-content\/uploads\/2021\/04\/06295b54-db1c-3f2f-a11c-b45323fc199a_850.jpg",640,399,false],"1536x1536":["https:\/\/veteran.az\/wp-content\/uploads\/2021\/04\/06295b54-db1c-3f2f-a11c-b45323fc199a_850.jpg",850,530,false],"2048x2048":["https:\/\/veteran.az\/wp-content\/uploads\/2021\/04\/06295b54-db1c-3f2f-a11c-b45323fc199a_850.jpg",850,530,false],"covernews-slider-full":["https:\/\/veteran.az\/wp-content\/uploads\/2021\/04\/06295b54-db1c-3f2f-a11c-b45323fc199a_850.jpg",850,530,false],"covernews-slider-center":["https:\/\/veteran.az\/wp-content\/uploads\/2021\/04\/06295b54-db1c-3f2f-a11c-b45323fc199a_850.jpg",800,500,false],"covernews-featured":["https:\/\/veteran.az\/wp-content\/uploads\/2021\/04\/06295b54-db1c-3f2f-a11c-b45323fc199a_850.jpg",850,530,false],"covernews-medium":["https:\/\/veteran.az\/wp-content\/uploads\/2021\/04\/06295b54-db1c-3f2f-a11c-b45323fc199a_850-720x380.jpg",540,285,true],"covernews-medium-square":["https:\/\/veteran.az\/wp-content\/uploads\/2021\/04\/06295b54-db1c-3f2f-a11c-b45323fc199a_850-675x450.jpg",375,250,true]},"author_info":{"display_name":"Veteran.az","author_link":"https:\/\/veteran.az\/?author=3"},"category_info":"<a href=\"https:\/\/veteran.az\/?cat=6\" rel=\"category\">C\u0259miyy\u0259t<\/a>","tag_info":"C\u0259miyy\u0259t","comment_count":"0","_links":{"self":[{"href":"https:\/\/veteran.az\/index.php?rest_route=\/wp\/v2\/posts\/9484","targetHints":{"allow":["GET"]}}],"collection":[{"href":"https:\/\/veteran.az\/index.php?rest_route=\/wp\/v2\/posts"}],"about":[{"href":"https:\/\/veteran.az\/index.php?rest_route=\/wp\/v2\/types\/post"}],"author":[{"embeddable":true,"href":"https:\/\/veteran.az\/index.php?rest_route=\/wp\/v2\/users\/3"}],"replies":[{"embeddable":true,"href":"https:\/\/veteran.az\/index.php?rest_route=%2Fwp%2Fv2%2Fcomments&post=9484"}],"version-history":[{"count":1,"href":"https:\/\/veteran.az\/index.php?rest_route=\/wp\/v2\/posts\/9484\/revisions"}],"predecessor-version":[{"id":9487,"href":"https:\/\/veteran.az\/index.php?rest_route=\/wp\/v2\/posts\/9484\/revisions\/9487"}],"wp:featuredmedia":[{"embeddable":true,"href":"https:\/\/veteran.az\/index.php?rest_route=\/wp\/v2\/media\/9486"}],"wp:attachment":[{"href":"https:\/\/veteran.az\/index.php?rest_route=%2Fwp%2Fv2%2Fmedia&parent=9484"}],"wp:term":[{"taxonomy":"category","embeddable":true,"href":"https:\/\/veteran.az\/index.php?rest_route=%2Fwp%2Fv2%2Fcategories&post=9484"},{"taxonomy":"post_tag","embeddable":true,"href":"https:\/\/veteran.az\/index.php?rest_route=%2Fwp%2Fv2%2Ftags&post=9484"}],"curies":[{"name":"wp","href":"https:\/\/api.w.org\/{rel}","templated":true}]}}