{"id":9375,"date":"2021-04-05T23:45:14","date_gmt":"2021-04-05T19:45:14","guid":{"rendered":"http:\/\/veteran.az\/?p=9375"},"modified":"2021-04-05T23:45:15","modified_gmt":"2021-04-05T19:45:15","slug":"ir%c9%99vandan-turkiy%c9%99-aciqlamasi-bunu-movcud-v%c9%99ziyy%c9%99t-dikt%c9%99-edir","status":"publish","type":"post","link":"https:\/\/veteran.az\/?p=9375","title":{"rendered":"\u0130r\u0259vandan T\u00fcrkiy\u0259 a\u00e7\u0131qlamas\u0131: \u201cBunu m\u00f6vcud v\u0259ziyy\u0259t dikt\u0259 edir\u201d"},"content":{"rendered":"\n<p><strong>\u201cB\u0259zi r\u0259smil\u0259rin Erm\u0259nistan-T\u00fcrkiy\u0259 m\u00fcnasib\u0259tl\u0259ri il\u0259 ba\u011fl\u0131 a\u00e7\u0131qlamalar\u0131 b\u00f6lg\u0259d\u0259 ba\u015f ver\u0259n d\u0259yi\u015fiklikl\u0259r kontekstind\u0259 verilib\u201d.<\/strong><\/p>\n\n\n\n<p><a target=\"_blank\" href=\"http:\/\/teleqraf.com\/\" rel=\"noreferrer noopener\">Teleqraf.com<\/a>&nbsp;x\u0259b\u0259r verir ki, bunu parlamentd\u0259ki hakim \u201cM\u0259nim add\u0131m\u0131m\u201d fraksiyas\u0131n\u0131n r\u0259hb\u0259ri Lilit Makunts deyib.<\/p>\n\n\n\n<p>Onun s\u00f6zl\u0259rin\u0259 g\u00f6r\u0259, Erm\u0259nistan-T\u00fcrkiy\u0259 m\u00fcnasib\u0259tl\u0259rinin normalla\u015fmas\u0131n\u0131n \u0259leyhin\u0259 \u00e7\u0131xanlar regiondak\u0131 m\u00f6vcud reall\u0131\u011f\u0131 n\u0259z\u0259r\u0259 almal\u0131d\u0131rlar.<\/p>\n\n\n\n<p>Fraksiya r\u0259hb\u0259ri bel\u0259 bir a\u00e7\u0131qlaman\u0131n verilm\u0259sinin b\u00f6lg\u0259d\u0259ki m\u00f6vcud reall\u0131\u011f\u0131n dikt\u0259 etdiyini s\u00f6yl\u0259yib.<\/p>\n\n\n\n<p>Makuntsa g\u00f6r\u0259, m\u00fcnasib\u0259tl\u0259rin normalla\u015fd\u0131r\u0131lmas\u0131 \u00fc\u00e7\u00fcn T\u00fcrkiy\u0259 d\u0259 bu y\u00f6nd\u0259 add\u0131mlar atmal\u0131d\u0131r.<\/p>\n\n\n\n<p>Qeyd ed\u0259k ki, bundan \u0259vv\u0259l Ba\u015f nazir Nikol Pa\u015finyan b\u00f6lg\u0259d\u0259 Erm\u0259nistan \u0259traf\u0131nda \u0259lveri\u015fli atmosfer yaratma\u011f\u0131n laz\u0131m oldu\u011funu v\u0259 bunun \u00fc\u00e7\u00fcn b\u00f6lg\u0259 \u00f6lk\u0259l\u0259ri il\u0259 \u0259laq\u0259l\u0259r\u0259 yana\u015fman\u0131n d\u0259yi\u015fm\u0259li oldu\u011funu deyib. Bundan bir ne\u00e7\u0259 g\u00fcn sonra T\u0259hl\u00fck\u0259sizlik \u015euras\u0131n\u0131n katibi Armen Qriqoryan da, buna b\u0259nz\u0259r a\u00e7\u0131qlama il\u0259 \u00e7\u0131x\u0131\u015f edib.<\/p>\n\n\n\n<p>Erm\u0259nistan r\u0259smil\u0259rinin a\u00e7\u0131qlamas\u0131 \u00f6lk\u0259 m\u00fcxalif\u0259tinin naraz\u0131l\u0131\u011f\u0131na s\u0259b\u0259b olub.<\/p>\n","protected":false},"excerpt":{"rendered":"<p>\u201cB\u0259zi r\u0259smil\u0259rin Erm\u0259nistan-T\u00fcrkiy\u0259 m\u00fcnasib\u0259tl\u0259ri il\u0259 ba\u011fl\u0131 a\u00e7\u0131qlamalar\u0131 b\u00f6lg\u0259d\u0259 ba\u015f ver\u0259n d\u0259yi\u015fiklikl\u0259r kontekstind\u0259 verilib\u201d. Teleqraf.com&nbsp;x\u0259b\u0259r verir&#8230;<\/p>\n","protected":false},"author":3,"featured_media":9376,"comment_status":"closed","ping_status":"closed","sticky":false,"template":"","format":"standard","meta":{"footnotes":""},"categories":[7],"tags":[],"class_list":["post-9375","post","type-post","status-publish","format-standard","has-post-thumbnail","hentry","category-dunya"],"featured_image_urls":{"full":["https:\/\/veteran.az\/wp-content\/uploads\/2021\/04\/ermenistan_turizm.jpg",275,183,false],"thumbnail":["https:\/\/veteran.az\/wp-content\/uploads\/2021\/04\/ermenistan_turizm-150x150.jpg",150,150,true],"medium":["https:\/\/veteran.az\/wp-content\/uploads\/2021\/04\/ermenistan_turizm.jpg",275,183,false],"medium_large":["https:\/\/veteran.az\/wp-content\/uploads\/2021\/04\/ermenistan_turizm.jpg",275,183,false],"large":["https:\/\/veteran.az\/wp-content\/uploads\/2021\/04\/ermenistan_turizm.jpg",275,183,false],"1536x1536":["https:\/\/veteran.az\/wp-content\/uploads\/2021\/04\/ermenistan_turizm.jpg",275,183,false],"2048x2048":["https:\/\/veteran.az\/wp-content\/uploads\/2021\/04\/ermenistan_turizm.jpg",275,183,false],"covernews-slider-full":["https:\/\/veteran.az\/wp-content\/uploads\/2021\/04\/ermenistan_turizm.jpg",275,183,false],"covernews-slider-center":["https:\/\/veteran.az\/wp-content\/uploads\/2021\/04\/ermenistan_turizm.jpg",275,183,false],"covernews-featured":["https:\/\/veteran.az\/wp-content\/uploads\/2021\/04\/ermenistan_turizm.jpg",275,183,false],"covernews-medium":["https:\/\/veteran.az\/wp-content\/uploads\/2021\/04\/ermenistan_turizm.jpg",275,183,false],"covernews-medium-square":["https:\/\/veteran.az\/wp-content\/uploads\/2021\/04\/ermenistan_turizm.jpg",275,183,false]},"author_info":{"display_name":"Veteran.az","author_link":"https:\/\/veteran.az\/?author=3"},"category_info":"<a href=\"https:\/\/veteran.az\/?cat=7\" rel=\"category\">D\u00fcnya<\/a>","tag_info":"D\u00fcnya","comment_count":"0","_links":{"self":[{"href":"https:\/\/veteran.az\/index.php?rest_route=\/wp\/v2\/posts\/9375","targetHints":{"allow":["GET"]}}],"collection":[{"href":"https:\/\/veteran.az\/index.php?rest_route=\/wp\/v2\/posts"}],"about":[{"href":"https:\/\/veteran.az\/index.php?rest_route=\/wp\/v2\/types\/post"}],"author":[{"embeddable":true,"href":"https:\/\/veteran.az\/index.php?rest_route=\/wp\/v2\/users\/3"}],"replies":[{"embeddable":true,"href":"https:\/\/veteran.az\/index.php?rest_route=%2Fwp%2Fv2%2Fcomments&post=9375"}],"version-history":[{"count":1,"href":"https:\/\/veteran.az\/index.php?rest_route=\/wp\/v2\/posts\/9375\/revisions"}],"predecessor-version":[{"id":9377,"href":"https:\/\/veteran.az\/index.php?rest_route=\/wp\/v2\/posts\/9375\/revisions\/9377"}],"wp:featuredmedia":[{"embeddable":true,"href":"https:\/\/veteran.az\/index.php?rest_route=\/wp\/v2\/media\/9376"}],"wp:attachment":[{"href":"https:\/\/veteran.az\/index.php?rest_route=%2Fwp%2Fv2%2Fmedia&parent=9375"}],"wp:term":[{"taxonomy":"category","embeddable":true,"href":"https:\/\/veteran.az\/index.php?rest_route=%2Fwp%2Fv2%2Fcategories&post=9375"},{"taxonomy":"post_tag","embeddable":true,"href":"https:\/\/veteran.az\/index.php?rest_route=%2Fwp%2Fv2%2Ftags&post=9375"}],"curies":[{"name":"wp","href":"https:\/\/api.w.org\/{rel}","templated":true}]}}