{"id":9362,"date":"2021-04-05T01:50:21","date_gmt":"2021-04-04T21:50:21","guid":{"rendered":"http:\/\/veteran.az\/?p=9362"},"modified":"2021-04-05T01:50:23","modified_gmt":"2021-04-04T21:50:23","slug":"qazinin-doyus-yolu-qirilan-qolumu-goturub-ozumu-hospitala-catdirdim","status":"publish","type":"post","link":"https:\/\/veteran.az\/?p=9362","title":{"rendered":"Qazinin D\u00d6Y\u00dc\u015e YOLU: &#171;Q\u0131r\u0131lan qolumu g\u00f6t\u00fcr\u00fcb \u00f6z\u00fcm\u00fc hospitala \u00e7atd\u0131rd\u0131m&#187;"},"content":{"rendered":"\n<p><strong>\u0130kinci Qaraba\u011f m\u00fcharib\u0259si biz\u0259 igidl\u0259rimizi, q\u0259hr\u0259manlar\u0131m\u0131z\u0131 tan\u0131td\u0131. Onlar aras\u0131nda \u0259sl\u0259n Z\u0259ngilandan olan, 1978-ci il t\u0259v\u0259ll\u00fcdl\u00fc El\u015f\u0259n Mustafayev d\u0259 var.<\/strong><\/p>\n\n\n\n<p><strong><a target=\"_blank\" href=\"https:\/\/publika.az\/\" rel=\"noreferrer noopener\">Publika.az<\/a><\/strong>&nbsp;&#171;Sputnik Az\u0259rbaycan&#187;a istinadla x\u0259b\u0259r verir ki, o, m\u00fcharib\u0259nin ba\u015flamas\u0131ndan iki g\u00fcn sonra qism\u0259n s\u0259f\u0259rb\u0259rlik elan olunanda xidm\u0259t\u0259 \u00e7a\u011f\u0131r\u0131l\u0131b, C\u0259bray\u0131l v\u0259 F\u00fczuli rayonlar\u0131n\u0131n azad olunmas\u0131nda yax\u0131ndan i\u015ftirak edib.<\/p>\n\n\n\n<p>&#171;Atam v\u0259 \u00f6z ail\u0259m d\u00f6y\u00fc\u015fl\u0259rd\u0259 olma\u011f\u0131mdan x\u0259b\u0259rdar idil\u0259r. Lakin anamdan bunu gizl\u0259tmi\u015fdim. Yaralananda bir m\u00fcdd\u0259t ail\u0259m m\u0259nd\u0259n x\u0259b\u0259rsiz qald\u0131, narahat oldular. Onlarla yaln\u0131z bir ne\u00e7\u0259 g\u00fcnd\u0259n sonra \u0259laq\u0259 saxlaya bildim&#187;, &#8212; dey\u0259 El\u015f\u0259n Mustafayev bildirib.<\/p>\n\n\n\n<p>Minaatan \u00e7ox yax\u0131nl\u0131\u011f\u0131na d\u00fc\u015fd\u00fcy\u00fcnd\u0259n d\u00f6y\u00fc\u015f yolda\u015flar\u0131 \u00f6nc\u0259 onun \u015f\u0259hid oldu\u011funu z\u0259nn edibl\u0259r:<\/p>\n\n\n\n<p>&#171;Oktyabr\u0131n 24-d\u0259 F\u00fczuli rayonunun Qar\u011fabazar k\u0259ndind\u0259 ged\u0259n d\u00f6y\u00fc\u015fl\u0259rd\u0259 a\u011f\u0131r yaralanm\u0131\u015fam. D\u00fc\u015fm\u0259nin a\u00e7d\u0131\u011f\u0131 minaatan at\u0259\u015fi n\u0259tic\u0259sind\u0259 m\u0259rmi \u00e7ox yax\u0131n m\u0259saf\u0259y\u0259 d\u00fc\u015f\u00fcb v\u0259 q\u0259lp\u0259 qolumu q\u0131r\u0131b. Qolumu g\u00f6t\u00fcr\u00fcb \u0259sg\u0259rl\u0259rimin k\u00f6m\u0259yi il\u0259 \u00f6z\u00fcm\u00fc C\u0259bray\u0131l rayonunun Da\u015fk\u0259s\u0259n k\u0259ndind\u0259ki s\u0259hra hospital\u0131na \u00e7atd\u0131ra bildim&#187;.<\/p>\n\n\n\n<p>Lakin \u00e7oxlu qan itirdiyi \u00fc\u00e7\u00fcn o, hu\u015funu itirib: &#171;Ay\u0131landa is\u0259 art\u0131q Bak\u0131da, M\u00fcdafi\u0259 Nazirliyinin Ba\u015f H\u0259rbi Hospital\u0131nda idim. \u018fm\u0259liyyat olundum v\u0259 qolum \u0259m\u0259liyyatla yerin\u0259 b\u0259rpa edildi.<\/p>\n\n\n\n<p>Bu q\u0131sa m\u00fcdd\u0259td\u0259 yeddi d\u0259f\u0259 \u0259m\u0259liyyat olunmu\u015fam. Qolumun \u0259z\u0259l\u0259 sistemi bel nahiy\u0259md\u0259n, s\u00fcm\u00fcy\u00fc \u00e7anaq s\u00fcm\u00fcy\u00fcnd\u0259n, damarlar\u0131 aya\u011f\u0131mdan g\u00f6t\u00fcr\u00fcl\u0259r\u0259k qolumun b\u0259rpas\u0131nda istifad\u0259 edilib. Lakin qolum haz\u0131rda i\u015fl\u0259mir. Deyil\u0259n\u0259 g\u00f6r\u0259, uzun m\u00fcdd\u0259tlik reabilitasiyadan sonra az da olsa qolum i\u015fl\u0259y\u0259c\u0259k&#187;.<\/p>\n\n\n\n<p>Yaral\u0131 \u0259sg\u0259rimizl\u0259 bir q\u0259d\u0259r \u00e7\u0259tin d\u00f6y\u00fc\u015fl\u0259r haqda da dan\u0131\u015fd\u0131q. \u00c7ox t\u0259vaz\u00f6kard\u0131r. Detallara varm\u0131r: &#171;\u018fn \u00e7\u0259tin d\u00f6y\u00fc\u015fl\u0259rimd\u0259n biri F\u00fczuli rayonunun K\u00fcrdl\u0259r, Qar\u011fabazar\u0131 k\u0259ndl\u0259rind\u0259 olub. H\u0259min k\u0259ndl\u0259rin relyefin\u0259, \u0259razinin d\u00fcz\u0259nlik olmas\u0131na g\u00f6r\u0259 \u00e7ox \u00e7\u0259tinlikl\u0259rimiz olub. D\u00f6y\u00fc\u015fl\u0259rd\u0259 \u015f\u0259hidimiz v\u0259 yaralananlar\u0131m\u0131z da olub. H\u0259min k\u0259ndl\u0259r d\u00fc\u015fm\u0259nd\u0259n azad olundu\u011fu bir vaxtda is\u0259 m\u0259n yaraland\u0131m v\u0259 hospitala yerl\u0259\u015fdirildim&#187;.<\/p>\n\n\n\n<p>&#171;A\u011f\u0131r g\u00fcnl\u0259rimizin ham\u0131s\u0131 yaddaqalan idi. D\u00f6y\u00fc\u015fl\u0259r a\u011f\u0131r ke\u00e7s\u0259 d\u0259, d\u00f6y\u00fc\u015f ruhumuz y\u00fcks\u0259k olub. Ancaq qaba\u011fa at\u0131laraq ir\u0259li getm\u0259yi d\u00fc\u015f\u00fcn\u00fcrd\u00fck, i\u00e7imizd\u0259 n\u0259 bir qorxu, n\u0259 d\u0259 ruh d\u00fc\u015fk\u00fcnl\u00fcy\u00fc var idi&#187;, &#8212; dey\u0259 h\u0259ms\u00f6hb\u0259timiz \u0259lav\u0259 edib.<\/p>\n\n\n\n<p>Qeyd ed\u0259k ki, El\u015f\u0259n Mustafayev ail\u0259lidir, 3 \u00f6vlad\u0131 var.<\/p>\n","protected":false},"excerpt":{"rendered":"<p>\u0130kinci Qaraba\u011f m\u00fcharib\u0259si biz\u0259 igidl\u0259rimizi, q\u0259hr\u0259manlar\u0131m\u0131z\u0131 tan\u0131td\u0131. Onlar aras\u0131nda \u0259sl\u0259n Z\u0259ngilandan olan, 1978-ci il t\u0259v\u0259ll\u00fcdl\u00fc&#8230;<\/p>\n","protected":false},"author":3,"featured_media":9363,"comment_status":"closed","ping_status":"closed","sticky":false,"template":"","format":"standard","meta":{"footnotes":""},"categories":[12],"tags":[],"class_list":["post-9362","post","type-post","status-publish","format-standard","has-post-thumbnail","hentry","category-veteran"],"featured_image_urls":{"full":["https:\/\/veteran.az\/wp-content\/uploads\/2021\/04\/426475228.jpg",800,450,false],"thumbnail":["https:\/\/veteran.az\/wp-content\/uploads\/2021\/04\/426475228-150x150.jpg",150,150,true],"medium":["https:\/\/veteran.az\/wp-content\/uploads\/2021\/04\/426475228-300x169.jpg",300,169,true],"medium_large":["https:\/\/veteran.az\/wp-content\/uploads\/2021\/04\/426475228-768x432.jpg",640,360,true],"large":["https:\/\/veteran.az\/wp-content\/uploads\/2021\/04\/426475228.jpg",640,360,false],"1536x1536":["https:\/\/veteran.az\/wp-content\/uploads\/2021\/04\/426475228.jpg",800,450,false],"2048x2048":["https:\/\/veteran.az\/wp-content\/uploads\/2021\/04\/426475228.jpg",800,450,false],"covernews-slider-full":["https:\/\/veteran.az\/wp-content\/uploads\/2021\/04\/426475228.jpg",800,450,false],"covernews-slider-center":["https:\/\/veteran.az\/wp-content\/uploads\/2021\/04\/426475228.jpg",800,450,false],"covernews-featured":["https:\/\/veteran.az\/wp-content\/uploads\/2021\/04\/426475228.jpg",800,450,false],"covernews-medium":["https:\/\/veteran.az\/wp-content\/uploads\/2021\/04\/426475228-720x380.jpg",540,285,true],"covernews-medium-square":["https:\/\/veteran.az\/wp-content\/uploads\/2021\/04\/426475228-675x450.jpg",375,250,true]},"author_info":{"display_name":"Veteran.az","author_link":"https:\/\/veteran.az\/?author=3"},"category_info":"<a href=\"https:\/\/veteran.az\/?cat=12\" rel=\"category\">Veteran d\u00fcnyas\u0131<\/a>","tag_info":"Veteran d\u00fcnyas\u0131","comment_count":"0","_links":{"self":[{"href":"https:\/\/veteran.az\/index.php?rest_route=\/wp\/v2\/posts\/9362","targetHints":{"allow":["GET"]}}],"collection":[{"href":"https:\/\/veteran.az\/index.php?rest_route=\/wp\/v2\/posts"}],"about":[{"href":"https:\/\/veteran.az\/index.php?rest_route=\/wp\/v2\/types\/post"}],"author":[{"embeddable":true,"href":"https:\/\/veteran.az\/index.php?rest_route=\/wp\/v2\/users\/3"}],"replies":[{"embeddable":true,"href":"https:\/\/veteran.az\/index.php?rest_route=%2Fwp%2Fv2%2Fcomments&post=9362"}],"version-history":[{"count":1,"href":"https:\/\/veteran.az\/index.php?rest_route=\/wp\/v2\/posts\/9362\/revisions"}],"predecessor-version":[{"id":9364,"href":"https:\/\/veteran.az\/index.php?rest_route=\/wp\/v2\/posts\/9362\/revisions\/9364"}],"wp:featuredmedia":[{"embeddable":true,"href":"https:\/\/veteran.az\/index.php?rest_route=\/wp\/v2\/media\/9363"}],"wp:attachment":[{"href":"https:\/\/veteran.az\/index.php?rest_route=%2Fwp%2Fv2%2Fmedia&parent=9362"}],"wp:term":[{"taxonomy":"category","embeddable":true,"href":"https:\/\/veteran.az\/index.php?rest_route=%2Fwp%2Fv2%2Fcategories&post=9362"},{"taxonomy":"post_tag","embeddable":true,"href":"https:\/\/veteran.az\/index.php?rest_route=%2Fwp%2Fv2%2Ftags&post=9362"}],"curies":[{"name":"wp","href":"https:\/\/api.w.org\/{rel}","templated":true}]}}