{"id":9291,"date":"2021-04-02T02:31:24","date_gmt":"2021-04-01T22:31:24","guid":{"rendered":"http:\/\/veteran.az\/?p=9291"},"modified":"2021-04-02T02:31:25","modified_gmt":"2021-04-01T22:31:25","slug":"bayraktar-az%c9%99rbaycanli-h%c9%99rbcil%c9%99r%c9%99-paxlava-payladi","status":"publish","type":"post","link":"https:\/\/veteran.az\/?p=9291","title":{"rendered":"Bayraktar az\u0259rbaycanl\u0131 h\u0259rb\u00e7il\u0259r\u0259 paxlava paylad\u0131"},"content":{"rendered":"\n<p><strong>X\u0259b\u0259r verildiyi kimi, Bak\u0131da s\u0259f\u0259rd\u0259 olan T\u00fcrkiy\u0259nin \u201cBaykar\u201d \u015firk\u0259tinin texniki direktoru Sel\u00e7uk Bayraktar \u201cQaraba\u011f ordeni\u201d il\u0259 t\u0259ltif olunub.<\/strong><\/p>\n\n\n\n<p>Bu y\u00fcks\u0259k m\u00fckafata g\u00f6r\u0259 Prezident \u0130lham \u018fliyev\u0259 t\u0259\u015f\u0259kk\u00fcr\u00fcn\u00fc bildir\u0259n Sel\u00e7uk Bayraktar Tvitter hesab\u0131nda bunlar\u0131 yaz\u0131b:<\/p>\n\n\n\n<p>&#171;Atam \u00d6zdemir Bayraktar v\u0259 qarda\u015f\u0131m Haluk Bayraktar il\u0259 birlikd\u0259 Az\u0259rbaycan Prezidenti \u0130lham \u018fliyev t\u0259r\u0259find\u0259n &#171;Qaraba\u011f ordeni&#187;n\u0259 layiq g\u00f6r\u00fcld\u00fcy\u00fcm \u00fc\u00e7\u00fcn b\u00f6y\u00fck \u015f\u0259r\u0259f v\u0259 q\u00fcrur duydum. Bir mill\u0259t, iki d\u00f6vl\u0259tin ortaq g\u0259l\u0259c\u0259yi \u00fc\u00e7\u00fcn \u00e7al\u0131\u015fma\u011fa davam ed\u0259c\u0259yik&#187;.<\/p>\n\n\n\n<figure class=\"wp-block-gallery columns-1 is-cropped wp-block-gallery-1 is-layout-flex wp-block-gallery-is-layout-flex\"><ul class=\"blocks-gallery-grid\"><li class=\"blocks-gallery-item\"><figure><img loading=\"lazy\" decoding=\"async\" width=\"619\" height=\"484\" src=\"http:\/\/veteran.az\/wp-content\/uploads\/2021\/04\/bayraqdar_paxlava-1.png\" alt=\"\" data-id=\"9292\" data-link=\"http:\/\/veteran.az\/?attachment_id=9292\" class=\"wp-image-9292\" srcset=\"https:\/\/veteran.az\/wp-content\/uploads\/2021\/04\/bayraqdar_paxlava-1.png 619w, https:\/\/veteran.az\/wp-content\/uploads\/2021\/04\/bayraqdar_paxlava-1-300x235.png 300w\" sizes=\"auto, (max-width: 619px) 100vw, 619px\" \/><\/figure><\/li><\/ul><\/figure>\n\n\n\n<p>S.Bayraktar \u0259lav\u0259 edib ki, s\u0259f\u0259r zaman\u0131 t\u0259hsill\u0259rini Baykar M\u00fcdafi\u0259 U\u00e7u\u015f T\u0259lim M\u0259rk\u0259zind\u0259 tamamlayaraq m\u0259zun olan az\u0259rbaycanl\u0131 \u0130HA hey\u0259ti il\u0259 g\u00f6r\u00fc\u015f olub. &#171;Qaraba\u011f T\u0259k V\u0259t\u0259n H\u0259rakat\u0131 ad\u0131na haz\u0131rlad\u0131\u011f\u0131m\u0131z xatir\u0259 pullar\u0131 onlara t\u0259qdim etdik. Bu arada tatl\u0131 yedik, tatl\u0131 konu\u015fduq&#187;, dey\u0259 o bildirib.<\/p>\n\n\n\n<figure class=\"wp-block-image size-large\"><img loading=\"lazy\" decoding=\"async\" width=\"615\" height=\"465\" src=\"http:\/\/veteran.az\/wp-content\/uploads\/2021\/04\/bayraqdar_baki_3.png\" alt=\"\" class=\"wp-image-9295\" srcset=\"https:\/\/veteran.az\/wp-content\/uploads\/2021\/04\/bayraqdar_baki_3.png 615w, https:\/\/veteran.az\/wp-content\/uploads\/2021\/04\/bayraqdar_baki_3-300x227.png 300w\" sizes=\"auto, (max-width: 615px) 100vw, 615px\" \/><\/figure>\n","protected":false},"excerpt":{"rendered":"<p>X\u0259b\u0259r verildiyi kimi, Bak\u0131da s\u0259f\u0259rd\u0259 olan T\u00fcrkiy\u0259nin \u201cBaykar\u201d \u015firk\u0259tinin texniki direktoru Sel\u00e7uk Bayraktar \u201cQaraba\u011f ordeni\u201d&#8230;<\/p>\n","protected":false},"author":3,"featured_media":9294,"comment_status":"closed","ping_status":"closed","sticky":false,"template":"","format":"standard","meta":{"footnotes":""},"categories":[6],"tags":[],"class_list":["post-9291","post","type-post","status-publish","format-standard","has-post-thumbnail","hentry","category-cmiyyt"],"featured_image_urls":{"full":["https:\/\/veteran.az\/wp-content\/uploads\/2021\/04\/bayraqdar_baki_2.png",623,465,false],"thumbnail":["https:\/\/veteran.az\/wp-content\/uploads\/2021\/04\/bayraqdar_baki_2-150x150.png",150,150,true],"medium":["https:\/\/veteran.az\/wp-content\/uploads\/2021\/04\/bayraqdar_baki_2-300x224.png",300,224,true],"medium_large":["https:\/\/veteran.az\/wp-content\/uploads\/2021\/04\/bayraqdar_baki_2.png",623,465,false],"large":["https:\/\/veteran.az\/wp-content\/uploads\/2021\/04\/bayraqdar_baki_2.png",623,465,false],"1536x1536":["https:\/\/veteran.az\/wp-content\/uploads\/2021\/04\/bayraqdar_baki_2.png",623,465,false],"2048x2048":["https:\/\/veteran.az\/wp-content\/uploads\/2021\/04\/bayraqdar_baki_2.png",623,465,false],"covernews-slider-full":["https:\/\/veteran.az\/wp-content\/uploads\/2021\/04\/bayraqdar_baki_2.png",623,465,false],"covernews-slider-center":["https:\/\/veteran.az\/wp-content\/uploads\/2021\/04\/bayraqdar_baki_2.png",623,465,false],"covernews-featured":["https:\/\/veteran.az\/wp-content\/uploads\/2021\/04\/bayraqdar_baki_2.png",623,465,false],"covernews-medium":["https:\/\/veteran.az\/wp-content\/uploads\/2021\/04\/bayraqdar_baki_2-623x380.png",540,329,true],"covernews-medium-square":["https:\/\/veteran.az\/wp-content\/uploads\/2021\/04\/bayraqdar_baki_2-623x450.png",346,250,true]},"author_info":{"display_name":"Veteran.az","author_link":"https:\/\/veteran.az\/?author=3"},"category_info":"<a href=\"https:\/\/veteran.az\/?cat=6\" rel=\"category\">C\u0259miyy\u0259t<\/a>","tag_info":"C\u0259miyy\u0259t","comment_count":"0","_links":{"self":[{"href":"https:\/\/veteran.az\/index.php?rest_route=\/wp\/v2\/posts\/9291","targetHints":{"allow":["GET"]}}],"collection":[{"href":"https:\/\/veteran.az\/index.php?rest_route=\/wp\/v2\/posts"}],"about":[{"href":"https:\/\/veteran.az\/index.php?rest_route=\/wp\/v2\/types\/post"}],"author":[{"embeddable":true,"href":"https:\/\/veteran.az\/index.php?rest_route=\/wp\/v2\/users\/3"}],"replies":[{"embeddable":true,"href":"https:\/\/veteran.az\/index.php?rest_route=%2Fwp%2Fv2%2Fcomments&post=9291"}],"version-history":[{"count":1,"href":"https:\/\/veteran.az\/index.php?rest_route=\/wp\/v2\/posts\/9291\/revisions"}],"predecessor-version":[{"id":9296,"href":"https:\/\/veteran.az\/index.php?rest_route=\/wp\/v2\/posts\/9291\/revisions\/9296"}],"wp:featuredmedia":[{"embeddable":true,"href":"https:\/\/veteran.az\/index.php?rest_route=\/wp\/v2\/media\/9294"}],"wp:attachment":[{"href":"https:\/\/veteran.az\/index.php?rest_route=%2Fwp%2Fv2%2Fmedia&parent=9291"}],"wp:term":[{"taxonomy":"category","embeddable":true,"href":"https:\/\/veteran.az\/index.php?rest_route=%2Fwp%2Fv2%2Fcategories&post=9291"},{"taxonomy":"post_tag","embeddable":true,"href":"https:\/\/veteran.az\/index.php?rest_route=%2Fwp%2Fv2%2Ftags&post=9291"}],"curies":[{"name":"wp","href":"https:\/\/api.w.org\/{rel}","templated":true}]}}