{"id":9279,"date":"2021-04-01T17:56:42","date_gmt":"2021-04-01T13:56:42","guid":{"rendered":"http:\/\/veteran.az\/?p=9279"},"modified":"2021-04-01T17:56:43","modified_gmt":"2021-04-01T13:56:43","slug":"prezident-molineusla-gorusdu","status":"publish","type":"post","link":"https:\/\/veteran.az\/?p=9279","title":{"rendered":"Prezident Molineusla g\u00f6r\u00fc\u015fd\u00fc"},"content":{"rendered":"\n<p><strong>Az\u0259rbaycan Respublikas\u0131n\u0131n Prezidenti \u0130lham \u018fliyev aprelin 1-d\u0259 D\u00fcnya Bank\u0131n\u0131n regional direktoru Sebastian Molineusu q\u0259bul edib.<\/strong><\/p>\n\n\n\n<p>D\u00fcnya Bank\u0131n\u0131n regional direktorunu salamlayan\u00a0<strong>Prezident \u0130lham \u018fliyev<\/strong>\u00a0dedi:<\/p>\n\n\n\n<p>&#8212; Xo\u015f g\u0259lmisiniz, sizi g\u00f6rm\u0259y\u0259 \u00e7ox \u015fadam.<\/p>\n\n\n\n<p><strong>Sebastian Molineus:<\/strong>&nbsp;M\u0259n d\u0259 Sizi g\u00f6rm\u0259y\u0259 \u015fadam. N\u0259hay\u0259t, Az\u0259rbaycana &#8212; Bak\u0131ya yenid\u0259n d\u00f6nm\u0259k v\u0259 Sizi g\u00f6rm\u0259k \u00e7ox xo\u015fdur.<\/p>\n\n\n\n<p><strong>Prezident \u0130lham \u018fliyev:<\/strong>&nbsp;Sizi bir daha g\u00f6rd\u00fcy\u00fcm\u0259 \u00e7ox \u015fadam. Bilir\u0259m ki, sizin m\u0259\u015f\u011ful proqram\u0131n\u0131z var.<\/p>\n\n\n\n<p><strong>Sebastian Molineus:<\/strong>&nbsp;El\u0259dir ki, var. T\u0259s\u0259vv\u00fcr edir\u0259m ki, Sizin c\u0259dv\u0259liniz m\u0259nimkind\u0259n daha \u00e7ox m\u0259\u015f\u011fuldur. Odur ki, bizi q\u0259bul etm\u0259k \u00fc\u00e7\u00fcn vaxt ay\u0131rd\u0131\u011f\u0131n\u0131za g\u00f6r\u0259 Siz\u0259 t\u0259\u015f\u0259kk\u00fcr edir\u0259m.<\/p>\n\n\n\n<p><strong>Prezident \u0130lham \u018fliyev:<\/strong>&nbsp;G\u0259l\u0259c\u0259k \u0259m\u0259kda\u015fl\u0131\u011f\u0131m\u0131zla ba\u011fl\u0131 fikir m\u00fcbadil\u0259si aparmaq, birg\u0259 add\u0131mlar\u0131m\u0131z\u0131 planla\u015fd\u0131rmaq \u00fc\u00e7\u00fcn yax\u015f\u0131 f\u00fcrs\u0259tdir. \u00c7\u00fcnki bu vaxta q\u0259d\u0259r \u0259m\u0259kda\u015fl\u0131q \u00e7ox u\u011furlu olmu\u015fdur. M\u0259n el\u0259 indic\u0259 m\u0259lumata baxd\u0131m. Biz 47 layih\u0259 h\u0259yata ke\u00e7irmi\u015fik v\u0259 onlar\u0131n b\u0259zil\u0259ri h\u0259l\u0259 icra m\u0259rh\u0259l\u0259sind\u0259dir. \u00dcmumi paket t\u0259xmin\u0259n 4 milyard AB\u015e dollar\u0131 t\u0259\u015fkil edir. Bizim inki\u015faf\u0131m\u0131z\u0131n \u00e7ox vacib sah\u0259l\u0259rin\u0259, infrastruktura g\u00f6st\u0259rdiyiniz d\u0259st\u0259y\u0259 g\u00f6r\u0259 siz\u0259 minn\u0259tdarl\u0131\u011f\u0131m\u0131 ifad\u0259 etm\u0259k ist\u0259yir\u0259m. El\u0259c\u0259 d\u0259, TANAP-\u0131n maliyy\u0259l\u0259\u015fdirilm\u0259si il\u0259 ba\u011fl\u0131 verdiyiniz d\u0259st\u0259y\u0259 g\u00f6r\u0259 siz\u0259 x\u00fcsusi t\u0259\u015f\u0259kk\u00fcr\u00fcm\u00fc bildirir\u0259m. Bu da maliyy\u0259 bax\u0131m\u0131ndan, h\u0259m d\u0259 dig\u0259r maliyy\u0259 institutlar\u0131na m\u00fc\u0259yy\u0259n siqnal\u0131n verilm\u0259si bax\u0131m\u0131ndan \u00e7ox \u00f6n\u0259mli idi. \u00c7ox \u015fadam ki, art\u0131q layih\u0259nin a\u00e7\u0131l\u0131\u015f\u0131 olmu\u015fdur. C\u0259nub Qaz D\u0259hlizi tam olaraq 3 ayd\u0131r ki, f\u0259aliyy\u0259t g\u00f6st\u0259rir v\u0259 bu, yaln\u0131z ba\u015flan\u011f\u0131cd\u0131r. \u018flb\u0259tt\u0259 ki, biz \u201cDoing Business\u201d proqram\u0131nda m\u00f6vqeyimizi yax\u015f\u0131la\u015fd\u0131rma\u011f\u0131m\u0131zla \u00e7ox f\u0259xr edirik. Biz 191 \u00f6lk\u0259 aras\u0131nda 28-ci m\u00f6vqed\u0259yik. Bu, bizim \u00fc\u00e7\u00fcn h\u0259qiq\u0259t\u0259n d\u0259 m\u00fch\u00fcm nailiyy\u0259tdir. Lakin \u0259lb\u0259tt\u0259 ki, biz islahatlar\u0131 davam etdir\u0259c\u0259yik v\u0259 m\u0259n \u0259min\u0259m ki, g\u00f6r\u00fc\u015f\u00fcm\u00fczd\u0259 biz bunu m\u00fczakir\u0259 ed\u0259c\u0259yik. Eyni zamanda, i\u015f\u011faldan azad olunmu\u015f \u0259razil\u0259rd\u0259 yeni imkanlar var. Orada infrastrukturun inki\u015faf\u0131na b\u00f6y\u00fck ehtiyac var. \u00c7\u00fcnki b\u00fct\u00fcn infrastruktur da\u011f\u0131d\u0131lm\u0131\u015fd\u0131r v\u0259 insanlar\u0131 qaytarmaq \u00fc\u00e7\u00fcn biz \u0259lb\u0259tt\u0259 ki, minalardan t\u0259mizl\u0259m\u0259 i\u015fl\u0259rini, sonra is\u0259 yenid\u0259nqurma i\u015fl\u0259rini h\u0259yata ke\u00e7irm\u0259liyik. \u0130nfrastruktur layih\u0259l\u0259ri olmadan m\u0259cburi k\u00f6\u00e7k\u00fcnl\u0259ri v\u0259 qa\u00e7q\u0131nlar\u0131 qaytarmaq m\u00fcmk\u00fcn olmayacaq. Odur ki, biz bu m\u0259s\u0259l\u0259l\u0259rd\u0259 d\u0259 D\u00fcnya Bank\u0131 il\u0259 \u0259m\u0259kda\u015fl\u0131\u011fa g\u00fcv\u0259nirik.<\/p>\n\n\n\n<p><strong>Sebastian Molineus:<\/strong>&nbsp;\u018fvv\u0259la, biziml\u0259 g\u00f6r\u00fc\u015fm\u0259k \u00fc\u00e7\u00fcn vaxt ay\u0131rd\u0131\u011f\u0131n\u0131za g\u00f6r\u0259 \u00e7ox sa\u011f olun. \u0130caz\u0259 verin Sizi gec d\u0259 olsa Novruz bayram\u0131 m\u00fcnasib\u0259til\u0259 t\u0259brik edim. \u00dcmid edir\u0259m ki, bayram\u0131 ail\u0259nizl\u0259 ke\u00e7irm\u0259k imkan\u0131n\u0131z olub. Bir daha qeyd etm\u0259k ist\u0259yir\u0259m ki, yenid\u0259n burada oldu\u011fuma g\u00f6r\u0259 \u00e7ox b\u00f6y\u00fck sevinc hissi ke\u00e7irir\u0259m. Pandemiyan\u0131n ba\u015f qald\u0131rmas\u0131ndan bir il ke\u00e7ib v\u0259 xo\u015fb\u0259xtlikd\u0259n biz geri qay\u0131da bildik.<\/p>\n\n\n\n<p>Prezident \u018fliyev \u0259vv\u0259la Siz\u0259 Az\u0259rbaycan \u00fczr\u0259 yeni \u00f6lk\u0259 menecerimiz Sara Mayklz\u0131 t\u0259qdim etm\u0259k ist\u0259yir\u0259m. \u018flb\u0259tt\u0259 ki, Siz onu yax\u015f\u0131 tan\u0131y\u0131rs\u0131n\u0131z. Sara \u00f6lk\u0259 \u00fczr\u0259 yeni menecer olacaq. O n\u00f6vb\u0259ti d\u00f6rd ild\u0259 burada olacaq. Hesab edir\u0259m ki, o, \u0259la se\u00e7imdir, \u0259g\u0259r bel\u0259 dey\u0259 bil\u0259r\u0259ms\u0259. Siz bunu tezlikl\u0259 g\u00f6r\u0259c\u0259ksiniz. O, Az\u0259rbaycan H\u00f6kum\u0259ti v\u0259 D\u00fcnya Bank\u0131 aras\u0131nda \u0259m\u0259kda\u015fl\u0131\u011f\u0131 daha da t\u0259kmill\u0259\u015fdirm\u0259k \u00fc\u00e7\u00fcn \u00f6z\u00fc il\u0259 b\u00fct\u00fcn keyfiyy\u0259t v\u0259 atributlar\u0131 g\u0259tirir.<\/p>\n\n\n\n<p><strong>Prezident \u0130lham \u018fliyev:<\/strong>&nbsp;Siz\u0259 burada yax\u015f\u0131 vaxt ke\u00e7irm\u0259yi arzulay\u0131ram.<\/p>\n\n\n\n<p>S\u00f6hb\u0259t zaman\u0131 D\u00fcnya Bank\u0131n\u0131n regional direktoru Sebastian Molineus Az\u0259rbaycanda iqtisadi sah\u0259d\u0259 ged\u0259n prosesl\u0259rin v\u0259 \u00f6lk\u0259mizl\u0259 \u0259m\u0259kda\u015fl\u0131\u011f\u0131n \u00f6n\u0259mini vur\u011fulad\u0131, Az\u0259rbaycan Prezidentinin islahatlar siyas\u0259tini y\u00fcks\u0259k qiym\u0259tl\u0259ndirdi.<\/p>\n\n\n\n<p>G\u00f6r\u00fc\u015fd\u0259 strateji istiqam\u0259tl\u0259rd\u0259 \u0259laq\u0259l\u0259rin v\u0259 D\u00fcnya Bank\u0131 il\u0259 Az\u0259rbaycan aras\u0131nda u\u011furlu \u0259m\u0259kda\u015fl\u0131\u011f\u0131n davam etdirilm\u0259si il\u0259 ba\u011fl\u0131 fikir m\u00fcbadil\u0259si apar\u0131ld\u0131.<\/p>\n","protected":false},"excerpt":{"rendered":"<p>Az\u0259rbaycan Respublikas\u0131n\u0131n Prezidenti \u0130lham \u018fliyev aprelin 1-d\u0259 D\u00fcnya Bank\u0131n\u0131n regional direktoru Sebastian Molineusu q\u0259bul edib&#8230;.<\/p>\n","protected":false},"author":3,"featured_media":9280,"comment_status":"closed","ping_status":"closed","sticky":false,"template":"","format":"standard","meta":{"footnotes":""},"categories":[6],"tags":[],"class_list":["post-9279","post","type-post","status-publish","format-standard","has-post-thumbnail","hentry","category-cmiyyt"],"featured_image_urls":{"full":["https:\/\/veteran.az\/wp-content\/uploads\/2021\/04\/molineus-ilham.jpg",600,384,false],"thumbnail":["https:\/\/veteran.az\/wp-content\/uploads\/2021\/04\/molineus-ilham-150x150.jpg",150,150,true],"medium":["https:\/\/veteran.az\/wp-content\/uploads\/2021\/04\/molineus-ilham-300x192.jpg",300,192,true],"medium_large":["https:\/\/veteran.az\/wp-content\/uploads\/2021\/04\/molineus-ilham.jpg",600,384,false],"large":["https:\/\/veteran.az\/wp-content\/uploads\/2021\/04\/molineus-ilham.jpg",600,384,false],"1536x1536":["https:\/\/veteran.az\/wp-content\/uploads\/2021\/04\/molineus-ilham.jpg",600,384,false],"2048x2048":["https:\/\/veteran.az\/wp-content\/uploads\/2021\/04\/molineus-ilham.jpg",600,384,false],"covernews-slider-full":["https:\/\/veteran.az\/wp-content\/uploads\/2021\/04\/molineus-ilham.jpg",600,384,false],"covernews-slider-center":["https:\/\/veteran.az\/wp-content\/uploads\/2021\/04\/molineus-ilham.jpg",600,384,false],"covernews-featured":["https:\/\/veteran.az\/wp-content\/uploads\/2021\/04\/molineus-ilham.jpg",600,384,false],"covernews-medium":["https:\/\/veteran.az\/wp-content\/uploads\/2021\/04\/molineus-ilham-600x380.jpg",537,340,true],"covernews-medium-square":["https:\/\/veteran.az\/wp-content\/uploads\/2021\/04\/molineus-ilham.jpg",391,250,false]},"author_info":{"display_name":"Veteran.az","author_link":"https:\/\/veteran.az\/?author=3"},"category_info":"<a href=\"https:\/\/veteran.az\/?cat=6\" rel=\"category\">C\u0259miyy\u0259t<\/a>","tag_info":"C\u0259miyy\u0259t","comment_count":"0","_links":{"self":[{"href":"https:\/\/veteran.az\/index.php?rest_route=\/wp\/v2\/posts\/9279","targetHints":{"allow":["GET"]}}],"collection":[{"href":"https:\/\/veteran.az\/index.php?rest_route=\/wp\/v2\/posts"}],"about":[{"href":"https:\/\/veteran.az\/index.php?rest_route=\/wp\/v2\/types\/post"}],"author":[{"embeddable":true,"href":"https:\/\/veteran.az\/index.php?rest_route=\/wp\/v2\/users\/3"}],"replies":[{"embeddable":true,"href":"https:\/\/veteran.az\/index.php?rest_route=%2Fwp%2Fv2%2Fcomments&post=9279"}],"version-history":[{"count":1,"href":"https:\/\/veteran.az\/index.php?rest_route=\/wp\/v2\/posts\/9279\/revisions"}],"predecessor-version":[{"id":9281,"href":"https:\/\/veteran.az\/index.php?rest_route=\/wp\/v2\/posts\/9279\/revisions\/9281"}],"wp:featuredmedia":[{"embeddable":true,"href":"https:\/\/veteran.az\/index.php?rest_route=\/wp\/v2\/media\/9280"}],"wp:attachment":[{"href":"https:\/\/veteran.az\/index.php?rest_route=%2Fwp%2Fv2%2Fmedia&parent=9279"}],"wp:term":[{"taxonomy":"category","embeddable":true,"href":"https:\/\/veteran.az\/index.php?rest_route=%2Fwp%2Fv2%2Fcategories&post=9279"},{"taxonomy":"post_tag","embeddable":true,"href":"https:\/\/veteran.az\/index.php?rest_route=%2Fwp%2Fv2%2Ftags&post=9279"}],"curies":[{"name":"wp","href":"https:\/\/api.w.org\/{rel}","templated":true}]}}