{"id":9264,"date":"2021-03-31T22:51:43","date_gmt":"2021-03-31T18:51:43","guid":{"rendered":"http:\/\/veteran.az\/?p=9264"},"modified":"2021-03-31T22:51:45","modified_gmt":"2021-03-31T18:51:45","slug":"dusm%c9%99n%c9%99-qan-udduran-uc-qardas","status":"publish","type":"post","link":"https:\/\/veteran.az\/?p=9264","title":{"rendered":"D\u00fc\u015fm\u0259n\u0259 qan udduran \u00dc\u00c7 QARDA\u015e"},"content":{"rendered":"\n<p>V\u0259t\u0259n M\u00fcharib\u0259sinin ilk g\u00fcn\u00fcnd\u0259n \u0259lind\u0259 silah c\u0259bh\u0259nin \u0259n qaynar n\u00f6qt\u0259l\u0259rind\u0259 d\u00fc\u015fm\u0259nl\u0259 \u00f6l\u00fcm-dirim sava\u015f\u0131na gir\u0259n v\u0259 &nbsp;minl\u0259rl\u0259 c\u0259sur d\u00f6y\u00fc\u015f\u00e7\u00fc kimi talel\u0259rin\u0259 Az\u0259rbaycan\u0131n B\u00f6y\u00fck Z\u0259f\u0259r salnam\u0259sin\u0259 \u00f6z adlarl\u0131n\u0131 q\u0131z\u0131l h\u0259rfl\u0259rl\u0259 h\u0259kk etdirm\u0259k d\u00fc\u015f\u0259n \u00fc\u00e7 qarda\u015f &#8212; Elg\u00fcn, Elkin v\u0259 Turan bu g\u00fcn d\u0259 h\u0259rbi xidm\u0259ti ay\u0131q-say\u0131q yerin\u0259 yetirm\u0259kd\u0259dirl\u0259r. S\u00f6hb\u0259timiz Q\u0259b\u0259l\u0259 rayonunun T\u00fcnt\u00fcl k\u0259ndind\u0259 G\u00fclbala v\u0259 Sevda \u018fhm\u0259dovlar ail\u0259sinin \u00fc\u00e7 \u00fczv\u00fc &#8212;&nbsp; \u00fc\u00e7 qarda\u015f haqq\u0131ndad\u0131r&#8230;<\/p>\n\n\n\n<p>&nbsp;&nbsp;&nbsp;&nbsp;&nbsp;<br><strong>Modern.az<\/strong>&nbsp;c\u0259sur qarda\u015flarla ba\u011fl\u0131 yaz\u0131n\u0131 t\u0259qdim edir.<\/p>\n\n\n\n<p><br>Elg\u00fcn darvazadan h\u0259y\u0259t\u0259 gir\u0259nd\u0259 atas\u0131 G\u00fclbala ki\u015fi il\u0259 \u00fcz-\u00fcz\u0259 g\u0259ldi, o\u011flunun h\u0259y\u0259canl\u0131 simas\u0131 atan\u0131n n\u0259z\u0259rind\u0259n qa\u00e7mad\u0131, nigaran\u00e7\u0131l\u0131qla soru\u015fdu:<\/p>\n\n\n\n<p>&nbsp;&nbsp;&nbsp;&nbsp;<br>&#8212; A bala, n\u0259 olub s\u0259n\u0259, bir hadis\u0259 ba\u015f verm\u0259yib ki?<\/p>\n\n\n\n<p>&nbsp;&nbsp;&nbsp;&nbsp;<br>Elg\u00fcn:<\/p>\n\n\n\n<p>&nbsp;&nbsp;<br>&#8212; Yox, ata, narahat olma. Bu g\u00fcn d\u0259&nbsp; sinifimizd\u0259 &nbsp;kimin hans\u0131 pe\u015f\u0259ni se\u00e7\u0259c\u0259yi &nbsp;il\u0259 ba\u011fl\u0131 u\u015faqlarla fikrimizi b\u00f6l\u00fc\u015f\u00fcrd\u00fck. M\u0259n d\u0259 q\u0259rar\u0131m\u0131 verdim, dedim ki, bu il s\u0259n\u0259dl\u0259rimi C\u0259m\u015fid Nax\u00e7\u0131vanski ad\u0131na h\u0259rbi lisey\u0259 ver\u0259c\u0259y\u0259m.<\/p>\n\n\n\n<p>&nbsp;&nbsp;&nbsp;<br>G\u00fclbala ki\u015fi b\u0131\u011f yeri yenic\u0259 t\u0259rl\u0259y\u0259n boylu-buxunlu &nbsp;o\u011fluna q\u00fcrurla baxd\u0131, xo\u015f t\u0259b\u0259ss\u00fcml\u0259:<\/p>\n\n\n\n<p>&nbsp;&nbsp;<br>&#8212; E\u015fitmi\u015f\u0259m ki, ora q\u0259bul olmaq&nbsp; \u00e7ox \u00e7\u0259tindir, b\u00f6y\u00fck m\u00fcsabiq\u0259 olur,&nbsp; m\u0259n\u0259 qal\u0131rsa, yax\u015f\u0131 se\u00e7imdir, yolun a\u00e7\u0131q olsun!<\/p>\n\n\n\n<p>&nbsp;&nbsp;&nbsp;&nbsp;<br><img loading=\"lazy\" decoding=\"async\" src=\"https:\/\/modern.az\/uploads\/media_2021\/Reportaj-1\/ELGUN%20e%201.jpg\" alt=\"\" width=\"540\" height=\"468\"><br>H\u0259min g\u00fcn Elg\u00fcn anas\u0131 Sevda xan\u0131mdan da xeyir-dua ald\u0131 v\u0259 imtahanlara, fiziki haz\u0131rl\u0131qlara ba\u015flad\u0131. Arada-s\u0131rada o\u011fluna \u201cElg\u00fcn, evin b\u00f6y\u00fck \u00f6vlad\u0131 s\u0259ns\u0259n, \u00e7al\u0131\u015f, q\u0259bul olasan, u\u015faqlar da s\u0259n\u0259 bax\u0131b oxusunlar, yax\u015f\u0131 yol se\u00e7sinl\u0259r\u201d \u2013dey\u0259n yeddi \u00f6vlad &#8212; d\u00f6rd o\u011flan, \u00fc\u00e7 q\u0131z atas\u0131 G\u00fclbala ki\u015finin o vaxtdan qay\u011f\u0131 v\u0259 nigaran\u00e7\u0131l\u0131\u011f\u0131 xeyli artd\u0131. N\u0259hay\u0259t, 2005-ci ilin d\u0259rs ili ba\u015fa \u00e7atd\u0131qda G\u00fclbala ki\u015fi&nbsp; o\u011flu il\u0259 birlikd\u0259 lisey \u00fc\u00e7\u00fcn t\u0259l\u0259b olunan b\u00fct\u00fcn s\u0259n\u0259dl\u0259ri &nbsp;g\u00f6t\u00fcr\u00fcb Bak\u0131ya yola d\u00fc\u015fd\u00fcl\u0259r. \u015e\u0259h\u0259rd\u0259 orta m\u0259kt\u0259b sinif yolda\u015flar\u0131 Mirz\u0259bala \u018fmrahovu, Rafiq Mirz\u0259yevi, A\u011falar \u0130brahimovu soraqlay\u0131b tapd\u0131, bir \u00e7ay s\u00fcfr\u0259si arxas\u0131nda h\u0259y\u0259canla&nbsp; \u015f\u0259h\u0259r\u0259 g\u0259li\u015finin m\u0259qs\u0259dini&nbsp; dedi. Sinif yolda\u015flar\u0131 q\u0131\u015fda, \u015faxtada dizd\u0259n yuxar\u0131 qar\u0131 yara-yara, yay\u0131n c\u0131rhac\u0131r\u0131nda, yaz\u0131n, pay\u0131z\u0131n leysan ya\u011f\u0131\u015f\u0131nda pal\u00e7\u0131ql\u0131 c\u0131\u011f\u0131rlarla h\u0259r g\u00fcn 3 km. yolu q\u0259t ed\u0259r\u0259k qon\u015fu k\u0259nd m\u0259kt\u0259bin\u0259 s\u00fcbh tezd\u0259n \u00f6z\u00fcn\u00fc \u00e7atd\u0131ran G\u00fclbalan\u0131n \u00f6t\u0259n \u00e7\u0259tin g\u00fcnl\u0259rin\u0259 i\u015far\u0259 vuraraq az qala bir a\u011f\u0131zdan:<\/p>\n\n\n\n<p>&nbsp;&nbsp;&nbsp;<br>&#8212; G\u00fclbala, \u015f\u00fcbh\u0259siz ki, o\u011flun da da s\u0259nin kimi irad\u0259li, qo\u00e7aqd\u0131r, &nbsp;narahat olma, s\u0259nin o\u011flun o lisey\u0259 daxil olacaq. S\u0259n arxay\u0131n ol v\u0259 get k\u0259nd\u0259 qonaql\u0131\u011fa haz\u0131rla\u015f &#8212; dey\u0259 k\u00f6hn\u0259 sinif yolda\u015flar\u0131 G\u00fclbala ki\u015fiy\u0259 \u00fcr\u0259k-dir\u0259k verdil\u0259r.&nbsp;<\/p>\n\n\n\n<p>&nbsp;&nbsp;&nbsp;<br>Elg\u00fcn \u00fcmidl\u0259ri do\u011frultdu. Lis\u0435yd\u0259 h\u0259rbi h\u0259kim komissiyas\u0131ndan ke\u00e7ib, imtahanlar\u0131 u\u011furla verdi v\u0259 m\u0259kt\u0259b\u0259 daxil oldu. O, 3 il \u0259rzind\u0259 liseyd\u0259 \u00fcmumt\u0259hsil f\u0259nl\u0259rini d\u0259rind\u0259n \u00f6yr\u0259nm\u0259kl\u0259 yana\u015f\u0131, h\u0259rbi haz\u0131rl\u0131q v\u0259 idman d\u0259rsl\u0259rind\u0259 d\u0259&nbsp; imkanlar\u0131n\u0131 inki\u015faf etdirir, g\u0259l\u0259c\u0259k zabit kimi formala\u015fmas\u0131 \u00fc\u00e7\u00fcn m\u00f6hk\u0259m z\u0259min haz\u0131rlay\u0131rd\u0131. B\u00f6y\u00fck ist\u0259k v\u0259 arzusu onu Az\u0259rbaycan Respublikas\u0131 Silahl\u0131 Q\u00fcvv\u0259l\u0259rinin H\u0259rbi Akademiyas\u0131na g\u0259tirdi. 2010-cu ild\u0259 Akademiyan\u0131 u\u011furla bitir\u0259n Elg\u00fcn \u0259vv\u0259lc\u0259 Salyan, C\u0259lilabad v\u0259 Tovuzda, sonra Qazaxda xidm\u0259t\u0259 ba\u015flad\u0131.&nbsp; Bir d\u0259f\u0259 10, ikinci d\u0259f\u0259 4 ay T\u00fcrkiy\u0259d\u0259&nbsp; x\u00fcsusi k\u0259\u015ffiyyat \u00fczr\u0259 kurslara qat\u0131ld\u0131.<br>V\u0259t\u0259n m\u00fcharib\u0259si ba\u015flayanda \u00fc\u00e7 k\u00f6rp\u0259sini &#8212; 7 ya\u015fl\u0131 L\u0259man\u0131, 5 ya\u015fl\u0131 Aylini v\u0259 4 ya\u015fl\u0131 \u00d6m\u0259ri analar\u0131 il\u0259 birlikd\u0259 Qazaxda qoyub birba\u015fa c\u0259bh\u0259y\u0259 yolland\u0131. Elg\u00fcn qaynar d\u00f6y\u00fc\u015fl\u0259rin getdiyi&nbsp; \u015f\u0259h\u0259r v\u0259 rayonlar\u0131n,&nbsp; k\u0259ndl\u0259rin v\u0259 strateji y\u00fcks\u0259klil\u0259rin azad edilm\u0259si istiqam\u0259tind\u0259 b\u00f6y\u00fck \u015f\u00fcca\u0259tl\u0259 vuru\u015fur, h\u00fccum \u0259m\u0259liyyat\u0131nda yaralanmas\u0131na baxmayaraq, d\u00f6y\u00fc\u015f\u0259 davam edirdi. M\u00fcz\u0259ff\u0259r Ali Ba\u015f Komandan\u0131n r\u0259hb\u0259rliyi il\u0259 r\u0259\u015fad\u0259tli Az\u0259rbaycan Ordusunun h\u0259r bir \u0259sg\u0259r v\u0259 zabiti kimi&nbsp; Elg\u00fcn d\u0259 b\u00f6y\u00fck \u015f\u00fcca\u0259t v\u0259 y\u00fcks\u0259k d\u00f6y\u00fc\u015f haz\u0131rl\u0131\u011f\u0131 g\u00f6st\u0259r\u0259r\u0259k torpaqlar\u0131m\u0131z\u0131n i\u015f\u011faldan, d\u00fc\u015fm\u0259n tapda\u011f\u0131ndan azad edilm\u0259sin\u0259 \u00f6z t\u00f6vh\u0259sini verdi. Tarix yazan q\u0259hr\u0259man Ordumuzun h\u0259r bir \u0259sg\u0259r v\u0259 zabiti kimi Elg\u00fcn d\u0259 Az\u0259rbaycan\u0131n haqq u\u011frunda m\u00fcbariz\u0259 aparmaq \u0259zmini, \u0259sl d\u00f6y\u00fc\u015f ruhunu b\u00fct\u00fcn d\u00fcnyaya n\u00fcmayi\u015f etdirdi.<\/p>\n\n\n\n<p>&nbsp;&nbsp;&nbsp;&nbsp;<br>G\u00fclbala ki\u015finin ikinci \u00f6vlad\u0131&nbsp;<strong>Elkin \u018fhm\u0259dov<\/strong>&nbsp;2010-cu ild\u0259 b\u00f6y\u00fck qarda\u015f\u0131n\u0131n bitirdiyi&nbsp; Q\u0259b\u0259l\u0259 rayonundak\u0131 T\u00fcnt\u00fcl k\u0259nd m\u0259kt\u0259bind\u0259 orta t\u0259hsil\u0259 yiy\u0259l\u0259nib h\u0259rbi xidm\u0259t\u0259 yollan\u0131r, Nax\u00e7\u0131vanda \u201cN\u201d sayl\u0131 h\u0259rbi hiss\u0259d\u0259 artilleriyya qo\u015funlar\u0131nda&nbsp; xidm\u0259t edir.<br><br><img loading=\"lazy\" decoding=\"async\" src=\"https:\/\/modern.az\/uploads\/media_2021\/Reportaj-1\/elkin%20e%201.jpg\" alt=\"\" width=\"726\" height=\"600\"><br>H\u0259rbi xidm\u0259ti bitirib bir m\u00fcdd\u0259t m\u00fcxt\u0259lif m\u00fc\u0259ssis\u0259l\u0259rd\u0259 \u00e7al\u0131\u015f\u0131r. Torpaqlar\u0131m\u0131z\u0131n m\u0259nfur d\u00fc\u015fm\u0259n t\u0259r\u0259find\u0259n i\u015f\u011fal\u0131, Xocal\u0131 faci\u0259si haqq\u0131nda e\u015fitdikl\u0259ri, az\u011f\u0131nla\u015fm\u0131\u015f m\u0259nfur d\u00fc\u015fm\u0259nin h\u0259yas\u0131z h\u0259d\u0259l\u0259ri, t\u0259mas x\u0259ttind\u0259ki t\u0259xribatlar\u0131, \u015f\u0259hid x\u0259b\u0259rl\u0259ri Elkin\u0259 rahatl\u0131q vermir, gec\u0259-g\u00fcnd\u00fcz qisas, intiqam hissi il\u0259 al\u0131\u015f\u0131b yan\u0131rd\u0131. N\u0259hay\u0259t, o, Orduda m\u00fcdd\u0259td\u0259n art\u0131q h\u0259qiqi h\u0259rbi xidm\u0259t \u00fc\u00e7\u00fcn \u0259riz\u0259 il\u0259 m\u00fcraci\u0259t edir v\u0259 m\u00fcvafiq yoxlamadan ke\u00e7dikd\u0259n sonra 2019-cu ilin avqustunda Goranboyda &#8212;&nbsp; Ball\u0131qaya istiqam\u0259tind\u0259 xidm\u0259t\u0259 ba\u015flay\u0131r. Burada yerli sakinl\u0259rd\u0259n&nbsp; 1992-ci ild\u0259 erm\u0259nil\u0259rin Ball\u0131qayada t\u00f6r\u0259tdiyi v\u0259h\u015filik &#8212; 24 n\u0259f\u0259r \u0259liyal\u0131n dinc sakinin&nbsp;x\u00fcsusi amans\u0131zl\u0131qla q\u0259tl\u0259 yetirilm\u0259si haqq\u0131nda t\u0259f\u0259rr\u00fcat\u0131 il\u0259 e\u015fid\u0259nd\u0259 Elkinin m\u0259nfur d\u00fc\u015fm\u0259n\u0259 qar\u015f\u0131 kini, k\u00fcdur\u0259ti, nif\u0259ti bir\u0259 on artd\u0131.<br><br>14 iyul 2020-ci ild\u0259 general&nbsp;Polad H\u0259\u015fimovun&nbsp;\u015f\u0259hid&nbsp;olmas\u0131&nbsp;x\u0259b\u0259ri is\u0259 Elkinin&nbsp;s\u0259bir kasas\u0131n\u0131&nbsp;da\u015f\u0131rd\u0131, o, da M\u00fcbariz \u0130brahimovun yolunu getm\u0259yi fikrind\u0259n ke\u00e7irdi. D\u00f6y\u00fc\u015f yolda\u015flar\u0131n\u0131n birinin \u201cT\u0259l\u0259sm\u0259, o g\u00fcn uzaqda deyil\u201d &#8212; s\u00f6zl\u0259ri Elkini sakitl\u0259\u015fdirdi. \u00c7ox ke\u00e7m\u0259di ki, intiqam, qisas g\u00fcn\u00fc g\u0259ldi, Elkin silaha sar\u0131ld\u0131. Tal\u0131\u015f, Suqovu\u015fan u\u011frunda d\u00f6y\u00fc\u015fl\u0259rd\u0259 misilsiz \u015f\u00fcca\u0259t g\u00f6st\u0259rdi, iki metrliyind\u0259 d\u00fc\u015f\u0259n 120 mm-lik minamyotun partlamas\u0131ndan ald\u0131\u011f\u0131 18 (!) q\u0259lp\u0259 yaras\u0131 il\u0259&nbsp; yen\u0259 d\u00fc\u015fm\u0259n \u00fcz\u0259rin\u0259 \u015f\u0131\u011f\u0131d\u0131. Q\u0259lp\u0259l\u0259rin &nbsp;10-u b\u0259d\u0259nind\u0259n \u00e7\u0131xar\u0131lsa da, 8 q\u0259lp\u0259 il\u0259 K\u0259lb\u0259c\u0259rd\u0259 xidm\u0259tini davam etdirdi. C\u0259sur d\u00f6y\u00fc\u015f\u00e7\u00fc Elkin haz\u0131rda Goranboyda h\u0259rbi v\u0259zif\u0259sini yerin\u0259 yetirm\u0259kd\u0259dir. &nbsp;<\/p>\n\n\n\n<p>&nbsp;&nbsp;&nbsp;&nbsp;<br>G\u00fclbala ki\u015finin \u00fc\u00e7\u00fcnci \u00f6vlad\u0131 19 ya\u015fl\u0131&nbsp;<strong>Turana<\/strong>&nbsp;da erm\u0259ni c\u0259lladlar\u0131na qar\u015f\u0131 vuru\u015fmaq v\u0259 qisas almaq&nbsp; xo\u015fb\u0259xtliyi n\u0259sib olub.<br><br><img loading=\"lazy\" decoding=\"async\" src=\"https:\/\/modern.az\/uploads\/media_2021\/Reportaj-1\/TURAN2.jpg\" alt=\"\" width=\"800\" height=\"600\"><br>O, orta m\u0259kt\u0259bi bitirib V\u0259t\u0259n qar\u015f\u0131s\u0131nda \u0259sg\u0259ri borcunu yerin\u0259 yetirm\u0259k \u00fc\u00e7\u00fcn 2020-ci ilin aprel ay\u0131nda h\u0259rbi xidm\u0259t\u0259 yollan\u0131b. T\u0259mas x\u0259ttinin be\u015f add\u0131ml\u0131\u011f\u0131nda F\u00fczuli rayonunda h\u0259rbi xidm\u0259t\u0259 ba\u015flay\u0131b. 27 sentyabr 2020-ci il &#8212; Turan\u0131n h\u0259rbi xidm\u0259tinin be\u015finci ay\u0131 V\u0259t\u0259n M\u00fcharib\u0259si ba\u015flay\u0131r. Bu tarix &#8212; ya\u011f\u0131 d\u00fc\u015fm\u0259nd\u0259n qisas al\u0131naca\u011f\u0131n ba\u015flan\u011f\u0131c g\u00fcn\u00fc&nbsp;&nbsp; kimi onun yadda\u015f\u0131ndan he\u00e7 vaxt silinm\u0259y\u0259c\u0259k. H\u0259ml\u0259 qrupunun \u0259n c\u0259sur d\u00f6y\u00fc\u015f\u00e7\u00fcl\u0259rind\u0259n biri kimi Turan F\u00fczuli, La\u00e7\u0131n, Xocav\u0259nd rayonlar\u0131n\u0131n, bir \u00e7ox y\u00fcks\u0259klikl\u0259rin azad olunmas\u0131nda, d\u00fc\u015fm\u0259n postlar\u0131n\u0131n \u0259l\u0259 ke\u00e7irilm\u0259sind\u0259 x\u00fcsusi q\u0259hr\u0259manl\u0131q&nbsp; g\u00f6st\u0259rir. B\u0259z\u0259n o, g\u00f6z\u00fcn\u00fc q\u0131rpmadan g\u00fcll\u0259 ya\u011f\u0131\u015f\u0131 alt\u0131nda h\u0259yat\u0131n\u0131 risk alt\u0131na qoyub, yaral\u0131 silahda\u015flar\u0131n\u0131 d\u00f6y\u00fc\u015f meydan\u0131ndan \u00e7\u0131xar\u0131r v\u0259 h\u0259yatlar\u0131n\u0131 xilas edirdi. Boy-buxunu, \u00e7evik v\u0259 x\u00fcsusi d\u00f6y\u00fc\u015fk\u0259nliyi, irad\u0259si, V\u0259t\u0259n\u0259 ba\u011fl\u0131l\u0131\u011f\u0131,&nbsp; c\u0259surlu\u011fu, qorxmazl\u0131\u011f\u0131 v\u0259 iti z\u0259kas\u0131 il\u0259 komandanl\u0131\u011f\u0131n diqq\u0259tini \u00e7\u0259k\u0259n Turana X\u00fcsusi&nbsp;T\u0259yinatl\u0131 Q\u00fcvv\u0259l\u0259rd\u0259&nbsp;xidm\u0259t etm\u0259k t\u0259klif olunanda qanad\u0131 olsayd\u0131, u\u00e7ard\u0131&#8230; \u0130ndi o da, qarda\u015flar\u0131 kimi pe\u015f\u0259kar h\u0259rb\u00e7il\u0259r c\u0259rg\u0259sind\u0259 xidm\u0259t \u0259r\u0259f\u0259sind\u0259dir.<\/p>\n\n\n\n<p>&nbsp;<br>Y\u00fcks\u0259k d\u00f6y\u00fc\u015f u\u011furlar\u0131na g\u00f6r\u0259 ayr\u0131-ayr\u0131 vaxtlarda do\u011fma k\u0259ndl\u0259rin\u0259 q\u0131sa m\u00fcdd\u0259tli m\u0259zuniyy\u0259t\u0259 g\u0259l\u0259n qarda\u015flar bir m\u0259kanda \u2013T\u00fcnt\u00fcl k\u0259ndinin kir\u0259c\u0259yind\u0259 V\u0259t\u0259n M\u00fcharib\u0259sind\u0259 \u015f\u0259hid olan \u0130smay\u0131l K\u0259rimovun \u015f\u0259r\u0259fin\u0259 tikil\u0259n bula\u011f\u0131n \u00f6n\u00fcnd\u0259 dayan\u0131r,&nbsp; bula\u011f\u0131n k\u0259nar\u0131ndak\u0131 l\u00f6vh\u0259d\u0259ki \u015f\u0259hid adlar\u0131n\u0131 (L\u00f6vh\u0259d\u0259 sovet d\u00f6vr\u00fcnd\u0259 \u201cEngels\u201d ad\u0131na kolxozun birl\u0259\u015fdirdiyi \u00fc\u00e7 ki\u00e7ik k\u0259ndin- Nohurq\u0131\u015flaq, T\u00fcnt\u00fcl v\u0259 Yengic\u0259nin &nbsp;Birinci v\u0259 \u0130kinci Qaraba\u011f sava\u015f\u0131nda verdiyi 21 \u015f\u0259hidinin ad\u0131 h\u0259kk edilib) &nbsp;&nbsp;bir \u2013bir n\u0259z\u0259rd\u0259n ke\u00e7irir v\u0259 astadan p\u0131\u00e7\u0131lday\u0131rlar:<\/p>\n\n\n\n<p>&nbsp;&nbsp;<br>&#8212; Qarda\u015flar, ruhunuz \u015fad olsun, qisas\u0131n\u0131z\u0131 ald\u0131q, V\u0259t\u0259n murdar erm\u0259ni tapda\u011f\u0131ndan azadd\u0131r.<\/p>\n\n\n\n<p><img loading=\"lazy\" decoding=\"async\" src=\"https:\/\/modern.az\/uploads\/media_2021\/Reportaj-1\/shehidler%20qebele.jpg\" alt=\"\" width=\"800\" height=\"600\"><br><br><strong>Abid Tahirli<\/strong><\/p>\n","protected":false},"excerpt":{"rendered":"<p>V\u0259t\u0259n M\u00fcharib\u0259sinin ilk g\u00fcn\u00fcnd\u0259n \u0259lind\u0259 silah c\u0259bh\u0259nin \u0259n qaynar n\u00f6qt\u0259l\u0259rind\u0259 d\u00fc\u015fm\u0259nl\u0259 \u00f6l\u00fcm-dirim sava\u015f\u0131na gir\u0259n v\u0259&#8230;<\/p>\n","protected":false},"author":3,"featured_media":9265,"comment_status":"closed","ping_status":"closed","sticky":false,"template":"","format":"standard","meta":{"footnotes":""},"categories":[6],"tags":[],"class_list":["post-9264","post","type-post","status-publish","format-standard","has-post-thumbnail","hentry","category-cmiyyt"],"featured_image_urls":{"full":["https:\/\/veteran.az\/wp-content\/uploads\/2021\/03\/modern.az-29.03.2021-1617005820.jpg",621,334,false],"thumbnail":["https:\/\/veteran.az\/wp-content\/uploads\/2021\/03\/modern.az-29.03.2021-1617005820-150x150.jpg",150,150,true],"medium":["https:\/\/veteran.az\/wp-content\/uploads\/2021\/03\/modern.az-29.03.2021-1617005820-300x161.jpg",300,161,true],"medium_large":["https:\/\/veteran.az\/wp-content\/uploads\/2021\/03\/modern.az-29.03.2021-1617005820.jpg",621,334,false],"large":["https:\/\/veteran.az\/wp-content\/uploads\/2021\/03\/modern.az-29.03.2021-1617005820.jpg",621,334,false],"1536x1536":["https:\/\/veteran.az\/wp-content\/uploads\/2021\/03\/modern.az-29.03.2021-1617005820.jpg",621,334,false],"2048x2048":["https:\/\/veteran.az\/wp-content\/uploads\/2021\/03\/modern.az-29.03.2021-1617005820.jpg",621,334,false],"covernews-slider-full":["https:\/\/veteran.az\/wp-content\/uploads\/2021\/03\/modern.az-29.03.2021-1617005820.jpg",621,334,false],"covernews-slider-center":["https:\/\/veteran.az\/wp-content\/uploads\/2021\/03\/modern.az-29.03.2021-1617005820.jpg",621,334,false],"covernews-featured":["https:\/\/veteran.az\/wp-content\/uploads\/2021\/03\/modern.az-29.03.2021-1617005820.jpg",621,334,false],"covernews-medium":["https:\/\/veteran.az\/wp-content\/uploads\/2021\/03\/modern.az-29.03.2021-1617005820.jpg",540,290,false],"covernews-medium-square":["https:\/\/veteran.az\/wp-content\/uploads\/2021\/03\/modern.az-29.03.2021-1617005820.jpg",400,215,false]},"author_info":{"display_name":"Veteran.az","author_link":"https:\/\/veteran.az\/?author=3"},"category_info":"<a href=\"https:\/\/veteran.az\/?cat=6\" rel=\"category\">C\u0259miyy\u0259t<\/a>","tag_info":"C\u0259miyy\u0259t","comment_count":"0","_links":{"self":[{"href":"https:\/\/veteran.az\/index.php?rest_route=\/wp\/v2\/posts\/9264","targetHints":{"allow":["GET"]}}],"collection":[{"href":"https:\/\/veteran.az\/index.php?rest_route=\/wp\/v2\/posts"}],"about":[{"href":"https:\/\/veteran.az\/index.php?rest_route=\/wp\/v2\/types\/post"}],"author":[{"embeddable":true,"href":"https:\/\/veteran.az\/index.php?rest_route=\/wp\/v2\/users\/3"}],"replies":[{"embeddable":true,"href":"https:\/\/veteran.az\/index.php?rest_route=%2Fwp%2Fv2%2Fcomments&post=9264"}],"version-history":[{"count":1,"href":"https:\/\/veteran.az\/index.php?rest_route=\/wp\/v2\/posts\/9264\/revisions"}],"predecessor-version":[{"id":9266,"href":"https:\/\/veteran.az\/index.php?rest_route=\/wp\/v2\/posts\/9264\/revisions\/9266"}],"wp:featuredmedia":[{"embeddable":true,"href":"https:\/\/veteran.az\/index.php?rest_route=\/wp\/v2\/media\/9265"}],"wp:attachment":[{"href":"https:\/\/veteran.az\/index.php?rest_route=%2Fwp%2Fv2%2Fmedia&parent=9264"}],"wp:term":[{"taxonomy":"category","embeddable":true,"href":"https:\/\/veteran.az\/index.php?rest_route=%2Fwp%2Fv2%2Fcategories&post=9264"},{"taxonomy":"post_tag","embeddable":true,"href":"https:\/\/veteran.az\/index.php?rest_route=%2Fwp%2Fv2%2Ftags&post=9264"}],"curies":[{"name":"wp","href":"https:\/\/api.w.org\/{rel}","templated":true}]}}