{"id":9249,"date":"2021-03-31T13:13:21","date_gmt":"2021-03-31T09:13:21","guid":{"rendered":"http:\/\/veteran.az\/?p=9249"},"modified":"2021-03-31T13:15:47","modified_gmt":"2021-03-31T09:15:47","slug":"9249","status":"publish","type":"post","link":"https:\/\/veteran.az\/?p=9249","title":{"rendered":"AVMV\u0130B X\u0259z\u0259r rayon \u015f\u00f6b\u0259si Prezidentin son \u015eu\u015fa s\u0259f\u0259rini  ruh y\u00fcks\u0259kliyi il\u0259 qar\u015f\u0131lay\u0131b"},"content":{"rendered":"\n<p><strong>Az\u0259rbaycan V\u0259t\u0259n M\u00fcharib\u0259si Veteranlar\u0131 \u0130ctimai Birliyi (AVMV\u0130B) X\u0259z\u0259r rayon \u015f\u00f6b\u0259si s\u0259drinin m\u00fcavini Qas\u0131m H\u0259s\u0259nov Az\u0259rbaycan Respublikas\u0131n\u0131n Prezidenti \u0130lham \u018fliyev, birinci xan\u0131m Mehriban \u018fliyeva v\u0259 q\u0131zlar\u0131 Leyla \u018fliyeva mart\u0131n 16-da \u015eu\u015fa \u015f\u0259h\u0259rin\u0259 etdiyi son s\u0259f\u0259r\u0259 m\u00fcharib\u0259 veteranlar\u0131 ad\u0131ndan m\u00fcnasib\u0259t bildirib.<\/strong><\/p>\n\n\n\n<figure class=\"wp-block-gallery columns-2 is-cropped wp-block-gallery-1 is-layout-flex wp-block-gallery-is-layout-flex\"><ul class=\"blocks-gallery-grid\"><li class=\"blocks-gallery-item\"><figure><img loading=\"lazy\" decoding=\"async\" width=\"768\" height=\"1024\" src=\"http:\/\/veteran.az\/wp-content\/uploads\/2021\/03\/166815087_594602341869955_5765610052875389221_n-768x1024.jpg\" alt=\"\" data-id=\"9250\" data-link=\"http:\/\/veteran.az\/?attachment_id=9250\" class=\"wp-image-9250\" srcset=\"https:\/\/veteran.az\/wp-content\/uploads\/2021\/03\/166815087_594602341869955_5765610052875389221_n-768x1024.jpg 768w, https:\/\/veteran.az\/wp-content\/uploads\/2021\/03\/166815087_594602341869955_5765610052875389221_n-225x300.jpg 225w, https:\/\/veteran.az\/wp-content\/uploads\/2021\/03\/166815087_594602341869955_5765610052875389221_n.jpg 960w\" sizes=\"auto, (max-width: 768px) 100vw, 768px\" \/><\/figure><\/li><li class=\"blocks-gallery-item\"><figure><img loading=\"lazy\" decoding=\"async\" width=\"768\" height=\"1024\" src=\"http:\/\/veteran.az\/wp-content\/uploads\/2021\/03\/166675198_454396855813328_5613077690724712601_n-768x1024.jpg\" alt=\"\" data-id=\"9251\" data-full-url=\"http:\/\/veteran.az\/wp-content\/uploads\/2021\/03\/166675198_454396855813328_5613077690724712601_n.jpg\" data-link=\"http:\/\/veteran.az\/?attachment_id=9251\" class=\"wp-image-9251\" srcset=\"https:\/\/veteran.az\/wp-content\/uploads\/2021\/03\/166675198_454396855813328_5613077690724712601_n-768x1024.jpg 768w, https:\/\/veteran.az\/wp-content\/uploads\/2021\/03\/166675198_454396855813328_5613077690724712601_n-225x300.jpg 225w, https:\/\/veteran.az\/wp-content\/uploads\/2021\/03\/166675198_454396855813328_5613077690724712601_n.jpg 960w\" sizes=\"auto, (max-width: 768px) 100vw, 768px\" \/><\/figure><\/li><\/ul><\/figure>\n\n\n\n<p>AVMV\u0130B X\u0259z\u0259r rayon \u015f\u00f6b\u0259si s\u0259drinin m\u00fcavini Qas\u0131m H\u0259s\u0259nov Prezident \u0130lham \u018fliyevin \u015eu\u015fa \u015f\u0259h\u0259rind\u0259 s\u00f6yl\u0259diyi bu fikirl\u0259ri xat\u0131rlad\u0131b:<\/p>\n\n\n\n<p><br>-Bura P\u0259nah\u0259li xan\u0131n saray\u0131 olub. \u015eu\u015fan\u0131 quran, \u015eu\u015fan\u0131 salan P\u0259nah\u0259li xan \u00f6z\u00fc \u00fc\u00e7\u00fcn burada saray tikdirib. \u0130ndi g\u00f6r\u00fcn, erm\u0259nil\u0259r n\u0259 g\u00fcn\u0259 sal\u0131blar bu saray\u0131. Tarixi abid\u0259 idi. M\u0259nfur d\u00fc\u015fm\u0259n g\u0259lib bizim torpa\u011f\u0131m\u0131z\u0131 z\u0259bt edib, insanlar\u0131 qovub, tarixi abid\u0259l\u0259rimizi da\u011f\u0131d\u0131b, s\u00f6k\u00fcb, vandall\u0131q edib, barbarl\u0131q edib.<\/p>\n\n\n\n<p>B\u00fct\u00fcn beyn\u0259lxalq t\u0259\u015fkilatlar g\u0259lsinl\u0259r, g\u00f6rs\u00fcnl\u0259r bunu. Erm\u0259nil\u0259ri m\u00fcdafi\u0259 ed\u0259n, onlar\u0131 d\u0259st\u0259kl\u0259y\u0259n, onlara h\u0259mi\u015f\u0259 arxa, dayaq olan dair\u0259l\u0259r g\u0259lsinl\u0259r, g\u00f6rs\u00fcnl\u0259r bu v\u0259h\u015fil\u0259r n\u0259 edibl\u0259r.<\/p>\n\n\n\n<p><br>Azad edilmi\u015f torpaqlar erm\u0259ni v\u0259h\u015filiyinin \u015fahididir. D\u00fcnya tarixind\u0259 buna ox\u015far v\u0259h\u015filik b\u0259lk\u0259 d\u0259 olmam\u0131\u015fd\u0131r. G\u0259l\u0259s\u0259n, ba\u015fqas\u0131n\u0131n torpa\u011f\u0131nda ya\u015fayasan, sonra f\u00fcrs\u0259td\u0259n istifad\u0259 edib buradan yerli \u0259halini qovasan, \u00f6ld\u00fcr\u0259s\u0259n, yand\u0131rasan, soyq\u0131r\u0131m\u0131 t\u00f6r\u0259d\u0259s\u0259n. Sonra da o xalq ki, s\u0259n\u0259 qucaq a\u00e7\u0131b, s\u0259ni q\u0259bul edib, s\u0259n\u0259 burada ya\u015fama\u011fa imkan verib, onun tarixi abid\u0259sini bax, bu g\u00fcn\u0259 qoyasan. V\u0259h\u015filik. M\u0259n dey\u0259nd\u0259 ki, sanki v\u0259h\u015fi q\u0259bil\u0259 ke\u00e7ib buradan, bax, bu m\u0259nz\u0259r\u0259ni n\u0259z\u0259rd\u0259 tuturam.<\/p>\n\n\n\n<p>Qas\u0131m H\u0259s\u0259nov X\u0259z\u0259r rayon m\u00fcharib\u0259 veteranlar\u0131 ad\u0131ndan bildirdi ki, biz veteranlar m\u00fcharib\u0259d\u0259 oldu\u011fu kimi Ali Ba\u015f Komandan c\u0259nab \u0130lham \u018fliyevin da\u011f\u0131d\u0131lm\u0131\u015f \u0259razil\u0259rimizin b\u0259rpas\u0131nda v\u0259 quruculuq i\u015fl\u0259rind\u0259 d\u0259 \u0259mrind\u0259yik.<\/p>\n\n\n\n<p><br>Az\u0259rbaycan V\u0259t\u0259n M\u00fcharib\u0259si Veteranlar\u0131 \u0130ctimai Birliyi X\u0259z\u0259r rayon \u015f\u00f6b\u0259si-nin m\u00fcavini Qas\u0131m \u0130smay\u0131l o\u011flu H\u0259s\u0259nov \u00f6z ad\u0131ndan v\u0259 t\u0259msil etdiyi rayon veteranlar\u0131 ad\u0131ndan c\u0259nab prezidentimizin u\u011furlu, dayan\u0131ql\u0131, ir\u0259li g\u00f6r\u0259n siyas\u0259tini d\u0259st\u0259kl\u0259diyini, bu yolda Az\u0259rbaycan Respublikas\u0131 v\u0259t\u0259nda\u015f\u0131 olaraq C\u0259nab Prezidentimizin daima yan\u0131nda olduqlar\u0131n\u0131 qeyd etdi.<\/p>\n\n\n\n<p><br><strong>Qaraba\u011f Az\u0259rbaycand\u0131r!<\/strong><\/p>\n\n\n\n<p><strong>Nurlan M\u0259mm\u0259dli<\/strong><\/p>\n","protected":false},"excerpt":{"rendered":"<p>Az\u0259rbaycan V\u0259t\u0259n M\u00fcharib\u0259si Veteranlar\u0131 \u0130ctimai Birliyi (AVMV\u0130B) X\u0259z\u0259r rayon \u015f\u00f6b\u0259si s\u0259drinin m\u00fcavini Qas\u0131m H\u0259s\u0259nov Az\u0259rbaycan&#8230;<\/p>\n","protected":false},"author":3,"featured_media":9252,"comment_status":"closed","ping_status":"closed","sticky":false,"template":"","format":"standard","meta":{"footnotes":""},"categories":[12],"tags":[],"class_list":["post-9249","post","type-post","status-publish","format-standard","has-post-thumbnail","hentry","category-veteran"],"featured_image_urls":{"full":["https:\/\/veteran.az\/wp-content\/uploads\/2021\/03\/162592481_1320925124960004_8226996809600059484_o.jpg",526,776,false],"thumbnail":["https:\/\/veteran.az\/wp-content\/uploads\/2021\/03\/162592481_1320925124960004_8226996809600059484_o-150x150.jpg",150,150,true],"medium":["https:\/\/veteran.az\/wp-content\/uploads\/2021\/03\/162592481_1320925124960004_8226996809600059484_o-203x300.jpg",203,300,true],"medium_large":["https:\/\/veteran.az\/wp-content\/uploads\/2021\/03\/162592481_1320925124960004_8226996809600059484_o.jpg",526,776,false],"large":["https:\/\/veteran.az\/wp-content\/uploads\/2021\/03\/162592481_1320925124960004_8226996809600059484_o.jpg",526,776,false],"1536x1536":["https:\/\/veteran.az\/wp-content\/uploads\/2021\/03\/162592481_1320925124960004_8226996809600059484_o.jpg",526,776,false],"2048x2048":["https:\/\/veteran.az\/wp-content\/uploads\/2021\/03\/162592481_1320925124960004_8226996809600059484_o.jpg",526,776,false],"covernews-slider-full":["https:\/\/veteran.az\/wp-content\/uploads\/2021\/03\/162592481_1320925124960004_8226996809600059484_o.jpg",485,715,false],"covernews-slider-center":["https:\/\/veteran.az\/wp-content\/uploads\/2021\/03\/162592481_1320925124960004_8226996809600059484_o.jpg",339,500,false],"covernews-featured":["https:\/\/veteran.az\/wp-content\/uploads\/2021\/03\/162592481_1320925124960004_8226996809600059484_o.jpg",526,776,false],"covernews-medium":["https:\/\/veteran.az\/wp-content\/uploads\/2021\/03\/162592481_1320925124960004_8226996809600059484_o-526x380.jpg",471,340,true],"covernews-medium-square":["https:\/\/veteran.az\/wp-content\/uploads\/2021\/03\/162592481_1320925124960004_8226996809600059484_o-526x450.jpg",292,250,true]},"author_info":{"display_name":"Veteran.az","author_link":"https:\/\/veteran.az\/?author=3"},"category_info":"<a href=\"https:\/\/veteran.az\/?cat=12\" rel=\"category\">Veteran d\u00fcnyas\u0131<\/a>","tag_info":"Veteran d\u00fcnyas\u0131","comment_count":"0","_links":{"self":[{"href":"https:\/\/veteran.az\/index.php?rest_route=\/wp\/v2\/posts\/9249","targetHints":{"allow":["GET"]}}],"collection":[{"href":"https:\/\/veteran.az\/index.php?rest_route=\/wp\/v2\/posts"}],"about":[{"href":"https:\/\/veteran.az\/index.php?rest_route=\/wp\/v2\/types\/post"}],"author":[{"embeddable":true,"href":"https:\/\/veteran.az\/index.php?rest_route=\/wp\/v2\/users\/3"}],"replies":[{"embeddable":true,"href":"https:\/\/veteran.az\/index.php?rest_route=%2Fwp%2Fv2%2Fcomments&post=9249"}],"version-history":[{"count":3,"href":"https:\/\/veteran.az\/index.php?rest_route=\/wp\/v2\/posts\/9249\/revisions"}],"predecessor-version":[{"id":9256,"href":"https:\/\/veteran.az\/index.php?rest_route=\/wp\/v2\/posts\/9249\/revisions\/9256"}],"wp:featuredmedia":[{"embeddable":true,"href":"https:\/\/veteran.az\/index.php?rest_route=\/wp\/v2\/media\/9252"}],"wp:attachment":[{"href":"https:\/\/veteran.az\/index.php?rest_route=%2Fwp%2Fv2%2Fmedia&parent=9249"}],"wp:term":[{"taxonomy":"category","embeddable":true,"href":"https:\/\/veteran.az\/index.php?rest_route=%2Fwp%2Fv2%2Fcategories&post=9249"},{"taxonomy":"post_tag","embeddable":true,"href":"https:\/\/veteran.az\/index.php?rest_route=%2Fwp%2Fv2%2Ftags&post=9249"}],"curies":[{"name":"wp","href":"https:\/\/api.w.org\/{rel}","templated":true}]}}