{"id":9240,"date":"2021-03-31T12:29:31","date_gmt":"2021-03-31T08:29:31","guid":{"rendered":"http:\/\/veteran.az\/?p=9240"},"modified":"2021-03-31T12:29:32","modified_gmt":"2021-03-31T08:29:32","slug":"turkiy%c9%99d%c9%99n-erm%c9%99nil%c9%99rl%c9%99-bagli-s%c9%99rt-x%c9%99b%c9%99rdarliq","status":"publish","type":"post","link":"https:\/\/veteran.az\/?p=9240","title":{"rendered":"T\u00fcrkiy\u0259d\u0259n erm\u0259nil\u0259rl\u0259 ba\u011fl\u0131 s\u0259rt x\u0259b\u0259rdarl\u0131q"},"content":{"rendered":"\n<p><strong>T\u00fcrkiy\u0259nin AB\u015e-\u0131n yeni h\u00f6kum\u0259ti il\u0259 h\u0259ll etm\u0259li olaca\u011f\u0131 \u201cS-400\u201d, \u201cF-35\u201d, FET\u00d6 v\u0259 PKK kimi m\u0259s\u0259l\u0259l\u0259rin s\u0131ras\u0131na qondarma erm\u0259ni soyq\u0131r\u0131m\u0131 da daxil olub.<\/strong><\/p>\n\n\n\n<p><a target=\"_blank\" href=\"http:\/\/teleqraf.com\/\" rel=\"noreferrer noopener\">Teleqraf.com<\/a>&nbsp;x\u0259b\u0259r verir ki, bu bar\u0259d\u0259 \u201cT\u00fcrkiy\u0259\u201d q\u0259zeti m\u0259lumat yay\u0131b.<\/p>\n\n\n\n<p>Diplomatik m\u0259nb\u0259l\u0259r\u0259 istinad ed\u0259n n\u0259\u015fr qeyd edib ki, AB\u015e \u201csoyq\u0131r\u0131m\u0131\u201d ifad\u0259sin\u0259 yol vers\u0259, bu, m\u00fcnasib\u0259tl\u0259ri q\u0131r\u0131lma h\u0259ddin\u0259 g\u0259tir\u0259 bil\u0259r: \u201cAB\u015e bel\u0259 bir add\u0131m atsa, T\u00fcrkiy\u0259nin buna adekvat cavab ver\u0259c\u0259yi bildirilib.<\/p>\n\n\n\n<p>Diplomatik m\u0259nb\u0259l\u0259r bu bar\u0259d\u0259 AB\u015e t\u0259r\u0259fin\u0259 x\u0259b\u0259rdarl\u0131q edib: \u201cBu m\u0259s\u0259l\u0259d\u0259ki h\u0259ssasl\u0131\u011f\u0131m\u0131z\u0131 h\u0259mkarlar\u0131m\u0131za \u00e7atd\u0131rm\u0131\u015f\u0131q. AB\u015e t\u0259r\u0259fi biz\u0259 bildirdi ki, bel\u0259 bir t\u0259zyiq var, amma bu y\u00f6nd\u0259 niyy\u0259timiz yoxdur. Eyni zamanda, o da diqq\u0259t\u0259 \u00e7atd\u0131r\u0131ld\u0131 ki, AB\u015e-\u0131n qondarma soyq\u0131r\u0131m\u0131 tan\u0131yaca\u011f\u0131 x\u0259b\u0259ri Yunan\u0131stan medias\u0131nda m\u0259qs\u0259dy\u00f6nl\u00fc \u015f\u0259kild\u0259 v\u0259 sifari\u015fl\u0259 yay\u0131mlan\u0131b\u201d.<\/p>\n\n\n\n<p>Prezident Co Baydenin aprelin 24-d\u0259ki \u00e7\u0131x\u0131\u015f\u0131 maraqla g\u00f6zl\u0259nilir. Bayden \u0259vv\u0259lki prezidentl\u0259r \u2013 Barak Obama v\u0259 Donald Tramp qondarma soyq\u0131r\u0131m\u0131 \u201cMeds ye\u011fern\u201d, y\u0259ni \u201cB\u00f6y\u00fck f\u0259lak\u0259t\u201d adland\u0131rm\u0131\u015fd\u0131.<\/p>\n\n\n\n<p>AB\u015e Konqresinin N\u00fcmay\u0259nd\u0259l\u0259r Palatas\u0131 v\u0259 Senat 2019-cu ild\u0259 1915-ci il hadis\u0259l\u0259rini \u201csoyq\u0131r\u0131m\u0131\u201d olaraq tan\u0131yan qanun layih\u0259sini q\u0259bul ets\u0259 d\u0259, Tramp bu q\u0259rar\u0131 imzalamaqdan imtina etmi\u015fdi.<\/p>\n\n\n\n<p>Konqresin bu q\u0259rar\u0131na \u0259n s\u0259rt t\u0259pki T\u00fcrkiy\u0259 Prezidenti R\u0259c\u0259b Tayyib \u018frdo\u011fandan g\u0259lmi\u015fdi. Qarar\u0131 \u201csiyasi\u201d adland\u0131ran \u018frdo\u011fan ehtiyac olaca\u011f\u0131 t\u0259qdird\u0259 AB\u015e-\u0131n T\u00fcrkiy\u0259d\u0259ki h\u0259rbi bazalar\u0131n\u0131n ba\u011flanaca\u011f\u0131n\u0131 demi\u015fdi.<\/p>\n","protected":false},"excerpt":{"rendered":"<p>T\u00fcrkiy\u0259nin AB\u015e-\u0131n yeni h\u00f6kum\u0259ti il\u0259 h\u0259ll etm\u0259li olaca\u011f\u0131 \u201cS-400\u201d, \u201cF-35\u201d, FET\u00d6 v\u0259 PKK kimi m\u0259s\u0259l\u0259l\u0259rin&#8230;<\/p>\n","protected":false},"author":3,"featured_media":9241,"comment_status":"closed","ping_status":"closed","sticky":false,"template":"","format":"standard","meta":{"footnotes":""},"categories":[6],"tags":[],"class_list":["post-9240","post","type-post","status-publish","format-standard","has-post-thumbnail","hentry","category-cmiyyt"],"featured_image_urls":{"full":["https:\/\/veteran.az\/wp-content\/uploads\/2021\/03\/turkiye_meselesi.jpg",813,558,false],"thumbnail":["https:\/\/veteran.az\/wp-content\/uploads\/2021\/03\/turkiye_meselesi-150x150.jpg",150,150,true],"medium":["https:\/\/veteran.az\/wp-content\/uploads\/2021\/03\/turkiye_meselesi-300x206.jpg",300,206,true],"medium_large":["https:\/\/veteran.az\/wp-content\/uploads\/2021\/03\/turkiye_meselesi-768x527.jpg",640,439,true],"large":["https:\/\/veteran.az\/wp-content\/uploads\/2021\/03\/turkiye_meselesi.jpg",640,439,false],"1536x1536":["https:\/\/veteran.az\/wp-content\/uploads\/2021\/03\/turkiye_meselesi.jpg",813,558,false],"2048x2048":["https:\/\/veteran.az\/wp-content\/uploads\/2021\/03\/turkiye_meselesi.jpg",813,558,false],"covernews-slider-full":["https:\/\/veteran.az\/wp-content\/uploads\/2021\/03\/turkiye_meselesi.jpg",813,558,false],"covernews-slider-center":["https:\/\/veteran.az\/wp-content\/uploads\/2021\/03\/turkiye_meselesi.jpg",728,500,false],"covernews-featured":["https:\/\/veteran.az\/wp-content\/uploads\/2021\/03\/turkiye_meselesi.jpg",813,558,false],"covernews-medium":["https:\/\/veteran.az\/wp-content\/uploads\/2021\/03\/turkiye_meselesi-720x380.jpg",540,285,true],"covernews-medium-square":["https:\/\/veteran.az\/wp-content\/uploads\/2021\/03\/turkiye_meselesi-675x450.jpg",375,250,true]},"author_info":{"display_name":"Veteran.az","author_link":"https:\/\/veteran.az\/?author=3"},"category_info":"<a href=\"https:\/\/veteran.az\/?cat=6\" rel=\"category\">C\u0259miyy\u0259t<\/a>","tag_info":"C\u0259miyy\u0259t","comment_count":"0","_links":{"self":[{"href":"https:\/\/veteran.az\/index.php?rest_route=\/wp\/v2\/posts\/9240","targetHints":{"allow":["GET"]}}],"collection":[{"href":"https:\/\/veteran.az\/index.php?rest_route=\/wp\/v2\/posts"}],"about":[{"href":"https:\/\/veteran.az\/index.php?rest_route=\/wp\/v2\/types\/post"}],"author":[{"embeddable":true,"href":"https:\/\/veteran.az\/index.php?rest_route=\/wp\/v2\/users\/3"}],"replies":[{"embeddable":true,"href":"https:\/\/veteran.az\/index.php?rest_route=%2Fwp%2Fv2%2Fcomments&post=9240"}],"version-history":[{"count":1,"href":"https:\/\/veteran.az\/index.php?rest_route=\/wp\/v2\/posts\/9240\/revisions"}],"predecessor-version":[{"id":9242,"href":"https:\/\/veteran.az\/index.php?rest_route=\/wp\/v2\/posts\/9240\/revisions\/9242"}],"wp:featuredmedia":[{"embeddable":true,"href":"https:\/\/veteran.az\/index.php?rest_route=\/wp\/v2\/media\/9241"}],"wp:attachment":[{"href":"https:\/\/veteran.az\/index.php?rest_route=%2Fwp%2Fv2%2Fmedia&parent=9240"}],"wp:term":[{"taxonomy":"category","embeddable":true,"href":"https:\/\/veteran.az\/index.php?rest_route=%2Fwp%2Fv2%2Fcategories&post=9240"},{"taxonomy":"post_tag","embeddable":true,"href":"https:\/\/veteran.az\/index.php?rest_route=%2Fwp%2Fv2%2Ftags&post=9240"}],"curies":[{"name":"wp","href":"https:\/\/api.w.org\/{rel}","templated":true}]}}