{"id":922,"date":"2019-05-25T16:45:16","date_gmt":"2019-05-25T12:45:16","guid":{"rendered":"http:\/\/veteran.az\/?p=922"},"modified":"2019-05-25T22:27:00","modified_gmt":"2019-05-25T18:27:00","slug":"avmvib-mill%c9%99t-v%c9%99kilini-t%c9%99ltif-etdi","status":"publish","type":"post","link":"https:\/\/veteran.az\/?p=922","title":{"rendered":"Mill\u0259t v\u0259kili t\u0259ltif edildi"},"content":{"rendered":"\n<p>\n\nAz\u0259rbaycan parlamentinin deputat\u0131 M\u0259h\u0259m\u0259liyev N\u0259sib M\u0259h\u0259mm\u0259d o\u011flu Az\u0259rbaycan V\u0259t\u0259n M\u00fcharib\u0259si Veteranlar\u0131 \u0130ctimai Birliyinin (AVMV\u0130B) t\u0259sis etdiyi xatir\u0259 medallar\u0131 il\u0259 t\u0259ltif edilib.&nbsp;<\/p>\n\n\n\n<p>AVMV\u0130B Balak\u0259n rayon \u015f\u00f6b\u0259sind\u0259 Mill\u0259t v\u0259kli M\u0259h\u0259m\u0259liyev N\u0259sib M\u0259h\u0259mm\u0259d edilm\u0259si il\u0259 ba\u011fl\u0131 m\u0259rasim ke\u00e7irilib.&nbsp;<\/p>\n\n\n\n<p>M\u0259rasimd\u0259 Balak\u0259n Rayon \u0130cra Hakimiyy\u0259ti ba\u015f\u00e7\u0131s\u0131n\u0131n birinci m\u00fcavini Azad Balayev AVMV\u0130B-nin Balak\u0259n rayon \u015f\u00f6b\u0259sinin s\u0259dri Ayd\u0131n Abdullayev, c\u0259miyy\u0259tin \u00fczvl\u0259rind\u0259n veteranlar \u015eamil Q\u0131mr\u0131yev,Telman Kaz\u0131mov v\u0259 Aqil Almasov i\u015ftirak edibl\u0259r.&nbsp;<\/p>\n\n\n\n<p>Fedai.az x\u0259b\u0259r verir ki, 109 sayl\u0131 Balak\u0259n se\u00e7ki dair\u0259sind\u0259n Mill\u0259t V\u0259kili se\u00e7ilmi\u015f M\u0259h\u0259m\u0259liyev N\u0259sib M\u0259h\u0259mm\u0259d o\u011flu AVMV\u0130B-nin t\u0259sis etdiyi &#171;Milli ordu 100 illik &#171;medal\u0131 il\u0259 t\u0259ltif olunub.<\/p>\n\n\n\n<p>T\u0259dbird\u0259 c\u0131x\u0131\u015f ed\u0259n Mill\u0259t V\u0259kli m\u00fckafata g\u00f6r\u0259 minn\u0259tdarl\u0131\u011f\u0131n\u0131 bildirib. O,i\u015f\u011fal alt\u0131nda olan torpaqlar\u0131m\u0131z\u0131n d\u00f6vl\u0259t ba\u015f\u00e7\u0131s\u0131n\u0131n r\u0259hb\u0259rliyi il\u0259 azad olunaca\u011f\u0131na v\u0259 bel\u0259 t\u0259dbirl\u0259rin tarixi torpaqlar\u0131m\u0131zda qeyd edil\u0259c\u0259yini \u0259minlikl\u0259 qeyd edib.<\/p>\n\n\n\n<p><strong>Elnur S\u0259lim<\/strong><br><\/p>\n\n\n\n<div class=\"wp-block-image\"><figure class=\"aligncenter\"><img decoding=\"async\" src=\"https:\/\/i.resimyukle.xyz\/LGK007.jpg\" alt=\"AVMV\u0130B  DEPUTATI T\u018fLT\u0130F ETD\u0130\"\/><\/figure><\/div>\n\n\n\n<div class=\"wp-block-image\"><figure class=\"aligncenter\"><img decoding=\"async\" src=\"https:\/\/i.hizliresim.com\/9Y8y78.jpg\" alt=\"AVMV\u0130B  DEPUTATI T\u018fLT\u0130F ETD\u0130\"\/><\/figure><\/div>\n\n\n\n<div class=\"wp-block-image\"><figure class=\"aligncenter\"><img decoding=\"async\" src=\"https:\/\/i.hizliresim.com\/2OmAdL.jpg\" alt=\"AVMV\u0130B  DEPUTATI T\u018fLT\u0130F ETD\u0130\"\/><\/figure><\/div>\n\n\n\n<div class=\"wp-block-image\"><figure class=\"aligncenter\"><img decoding=\"async\" src=\"https:\/\/i.hizliresim.com\/5NrJ0D.jpg\" alt=\"AVMV\u0130B  DEPUTATI T\u018fLT\u0130F ETD\u0130\"\/><\/figure><\/div>\n","protected":false},"excerpt":{"rendered":"<p>Az\u0259rbaycan parlamentinin deputat\u0131 M\u0259h\u0259m\u0259liyev N\u0259sib M\u0259h\u0259mm\u0259d o\u011flu Az\u0259rbaycan V\u0259t\u0259n M\u00fcharib\u0259si Veteranlar\u0131 \u0130ctimai Birliyinin (AVMV\u0130B) t\u0259sis&#8230;<\/p>\n","protected":false},"author":3,"featured_media":0,"comment_status":"closed","ping_status":"closed","sticky":false,"template":"","format":"standard","meta":{"footnotes":""},"categories":[12],"tags":[],"class_list":["post-922","post","type-post","status-publish","format-standard","hentry","category-veteran"],"featured_image_urls":{"full":"","thumbnail":"","medium":"","medium_large":"","large":"","1536x1536":"","2048x2048":"","covernews-slider-full":"","covernews-slider-center":"","covernews-featured":"","covernews-medium":"","covernews-medium-square":""},"author_info":{"display_name":"Veteran.az","author_link":"https:\/\/veteran.az\/?author=3"},"category_info":"<a href=\"https:\/\/veteran.az\/?cat=12\" rel=\"category\">Veteran d\u00fcnyas\u0131<\/a>","tag_info":"Veteran d\u00fcnyas\u0131","comment_count":"0","_links":{"self":[{"href":"https:\/\/veteran.az\/index.php?rest_route=\/wp\/v2\/posts\/922","targetHints":{"allow":["GET"]}}],"collection":[{"href":"https:\/\/veteran.az\/index.php?rest_route=\/wp\/v2\/posts"}],"about":[{"href":"https:\/\/veteran.az\/index.php?rest_route=\/wp\/v2\/types\/post"}],"author":[{"embeddable":true,"href":"https:\/\/veteran.az\/index.php?rest_route=\/wp\/v2\/users\/3"}],"replies":[{"embeddable":true,"href":"https:\/\/veteran.az\/index.php?rest_route=%2Fwp%2Fv2%2Fcomments&post=922"}],"version-history":[{"count":4,"href":"https:\/\/veteran.az\/index.php?rest_route=\/wp\/v2\/posts\/922\/revisions"}],"predecessor-version":[{"id":927,"href":"https:\/\/veteran.az\/index.php?rest_route=\/wp\/v2\/posts\/922\/revisions\/927"}],"wp:attachment":[{"href":"https:\/\/veteran.az\/index.php?rest_route=%2Fwp%2Fv2%2Fmedia&parent=922"}],"wp:term":[{"taxonomy":"category","embeddable":true,"href":"https:\/\/veteran.az\/index.php?rest_route=%2Fwp%2Fv2%2Fcategories&post=922"},{"taxonomy":"post_tag","embeddable":true,"href":"https:\/\/veteran.az\/index.php?rest_route=%2Fwp%2Fv2%2Ftags&post=922"}],"curies":[{"name":"wp","href":"https:\/\/api.w.org\/{rel}","templated":true}]}}