{"id":8945,"date":"2021-03-16T15:21:42","date_gmt":"2021-03-16T11:21:42","guid":{"rendered":"http:\/\/veteran.az\/?p=8945"},"modified":"2021-03-16T15:21:43","modified_gmt":"2021-03-16T11:21:43","slug":"kapital-bank-in-r%c9%99hb%c9%99rliyi-muharib%c9%99-istirakcilari-il%c9%99-gorus-kecirdi","status":"publish","type":"post","link":"https:\/\/veteran.az\/?p=8945","title":{"rendered":"Kapital Bank-\u0131n r\u0259hb\u0259rliyi m\u00fcharib\u0259 i\u015ftirak\u00e7\u0131lar\u0131 il\u0259 g\u00f6r\u00fc\u015f ke\u00e7irdi"},"content":{"rendered":"\n<p><strong>Bildiyiniz kimi 27 sentyabr 2020-ci il tarixind\u0259n ba\u015flayaraq Silahl\u0131 Q\u00fcvv\u0259l\u0259rimiz erm\u0259ni i\u015f\u011fal\u00e7\u0131lar\u0131 t\u0259r\u0259find\u0259n z\u0259bt edilmi\u015f torpaqlar\u0131m\u0131zda u\u011furlu \u0259ks-h\u00fccum \u0259m\u0259liyyatlar\u0131 h\u0259yata ke\u00e7ir\u0259r\u0259k, dem\u0259k olar ki, h\u0259r g\u00fcn bizi q\u0259l\u0259b\u0259 m\u00fcjd\u0259l\u0259ri il\u0259 sevindirirdil\u0259r. 44 g\u00fcn davam ed\u0259n V\u0259t\u0259n m\u00fcharib\u0259si \u0259rzind\u0259 m\u00fcz\u0259ff\u0259r ordumuz F\u00fczuli, C\u0259bray\u0131l, Z\u0259ngilan, Qubadl\u0131, \u015eu\u015fa \u015f\u0259h\u0259rl\u0259rini, el\u0259c\u0259 d\u0259 bir s\u0131ra dig\u0259r ya\u015fay\u0131\u015f m\u0259nt\u0259q\u0259l\u0259rimizi h\u0259rbi c\u0259sar\u0259t hesab\u0131na d\u00fc\u015fm\u0259n tapda\u011f\u0131ndan azad etdi.<\/strong><\/p>\n\n\n\n<p>H\u0259r bir t\u0259\u015fkilatda oldu\u011fu kimi \u00f6lk\u0259nin birinci bank\u0131 olan Kapital Bank-\u0131n \u0259m\u0259kda\u015flar\u0131 da m\u00fcharib\u0259d\u0259 i\u015ftirak edib, q\u0259hr\u0259manl\u0131q n\u00fcmayi\u015f etdir\u0259r\u0259k torpaqlar\u0131m\u0131z\u0131n azad olunmas\u0131 u\u011frunda m\u00fcbariz\u0259 apar\u0131b. Bayram \u0259r\u0259f\u0259sind\u0259 Kapital Bank-\u0131n \u0130dar\u0259 Hey\u0259tinin s\u0259dri R\u00f6v\u015f\u0259n Allahverdiyevin i\u015ftirak\u0131 il\u0259 \u201cTarix Yazan Q\u0259hr\u0259manlar\u0131m\u0131z\u201d adl\u0131 t\u0259dbird\u0259 Bank\u0131n 92 n\u0259f\u0259r \u0259m\u0259kda\u015f\u0131 i\u015ftirak edib.&nbsp;<\/p>\n\n\n\n<p>T\u0259dbirin \u0259vv\u0259lind\u0259 \u015f\u0259hidl\u0259rimizin \u0259ziz xatir\u0259si bir d\u0259qiq\u0259lik s\u00fckutla yad edildi. Daha sonra \u0130dar\u0259 Hey\u0259tinin s\u0259dri R\u00f6v\u015f\u0259n Allahverdiyev \u00e7\u0131x\u0131\u015f ed\u0259r\u0259k igid \u0259m\u0259kda\u015flar\u0131m\u0131za minn\u0259tdarl\u0131\u011f\u0131n\u0131 bildirdi. \u0130nsan resurslar\u0131n\u0131n idar\u0259 edilm\u0259si departamentinin direktoru F\u0259rqan\u0259 M\u0259mm\u0259dova v\u0259 P\u0259rak\u0259nd\u0259 sat\u0131\u015f idar\u0259sinin ba\u015f direktoru Ramil \u0130mamov da t\u0259dbir i\u015ftirak\u00e7\u0131lar\u0131n\u0131 t\u0259\u015f\u0259kk\u00fcrnam\u0259l\u0259r il\u0259 t\u0259ltif etdil\u0259r.\u00a0<\/p>\n\n\n\n<p>T\u0259dbird\u0259 h\u0259m\u00e7inin m\u00fcharib\u0259 zaman\u0131 q\u0259hr\u0259mancas\u0131na \u015f\u0259hid olan Kapital Bank-\u0131n N\u0259zar\u0259t departamentinin \u0259m\u0259kda\u015f\u0131 F\u0259rhad F\u0259rhadl\u0131n\u0131n atas\u0131 V\u00fcqar F\u0259rhadl\u0131 v\u0259 \u015f\u0259hid \u0130smay\u0131l K\u0259rimlinin atas\u0131, Bank\u0131n \u0130nzibati idar\u0259etm\u0259 departamentinin direktor m\u00fcavini Ceyhun K\u0259rimov f\u0259xri qonaq qismind\u0259 i\u015ftirak edirdi.<\/p>\n\n\n\n<p>\u00d6lk\u0259nin birinci bank\u0131 olan Kapital Bank PA\u015eA Holding-a daxildir v\u0259 Az\u0259rbaycanda \u0259n b\u00f6y\u00fck filial \u015f\u0259b\u0259k\u0259si \u2013 102 filial\u0131 v\u0259 19 \u015f\u00f6b\u0259si il\u0259 m\u00fc\u015ft\u0259ril\u0259rin xidm\u0259tind\u0259dir. Bank\u0131n m\u0259hsul v\u0259 xidm\u0259tl\u0259ri bar\u0259d\u0259 daha \u0259trafl\u0131 m\u0259lumat almaq \u00fc\u00e7\u00fcn&nbsp;<a href=\"https:\/\/www.kapitalbank.az\/\" target=\"_blank\" rel=\"noreferrer noopener\">www.kapitalbank.az<\/a>&nbsp;sayt\u0131na, 196 Sor\u011fu M\u0259rk\u0259zin\u0259 v\u0259 ya Bank\u0131n m\u00fcxt\u0259lif sosial \u015f\u0259b\u0259k\u0259l\u0259rd\u0259 olan s\u0259hif\u0259l\u0259rin\u0259 m\u00fcraci\u0259t ed\u0259 bil\u0259rsiniz.<\/p>\n","protected":false},"excerpt":{"rendered":"<p>Bildiyiniz kimi 27 sentyabr 2020-ci il tarixind\u0259n ba\u015flayaraq Silahl\u0131 Q\u00fcvv\u0259l\u0259rimiz erm\u0259ni i\u015f\u011fal\u00e7\u0131lar\u0131 t\u0259r\u0259find\u0259n z\u0259bt edilmi\u015f&#8230;<\/p>\n","protected":false},"author":3,"featured_media":8946,"comment_status":"closed","ping_status":"closed","sticky":false,"template":"","format":"standard","meta":{"footnotes":""},"categories":[12],"tags":[],"class_list":["post-8945","post","type-post","status-publish","format-standard","has-post-thumbnail","hentry","category-veteran"],"featured_image_urls":{"full":["https:\/\/veteran.az\/wp-content\/uploads\/2021\/03\/1615878761_tarix-yazan-qehremanlarimiz.jpg",1001,1001,false],"thumbnail":["https:\/\/veteran.az\/wp-content\/uploads\/2021\/03\/1615878761_tarix-yazan-qehremanlarimiz-150x150.jpg",150,150,true],"medium":["https:\/\/veteran.az\/wp-content\/uploads\/2021\/03\/1615878761_tarix-yazan-qehremanlarimiz-300x300.jpg",300,300,true],"medium_large":["https:\/\/veteran.az\/wp-content\/uploads\/2021\/03\/1615878761_tarix-yazan-qehremanlarimiz-768x768.jpg",640,640,true],"large":["https:\/\/veteran.az\/wp-content\/uploads\/2021\/03\/1615878761_tarix-yazan-qehremanlarimiz.jpg",640,640,false],"1536x1536":["https:\/\/veteran.az\/wp-content\/uploads\/2021\/03\/1615878761_tarix-yazan-qehremanlarimiz.jpg",1001,1001,false],"2048x2048":["https:\/\/veteran.az\/wp-content\/uploads\/2021\/03\/1615878761_tarix-yazan-qehremanlarimiz.jpg",1001,1001,false],"covernews-slider-full":["https:\/\/veteran.az\/wp-content\/uploads\/2021\/03\/1615878761_tarix-yazan-qehremanlarimiz.jpg",715,715,false],"covernews-slider-center":["https:\/\/veteran.az\/wp-content\/uploads\/2021\/03\/1615878761_tarix-yazan-qehremanlarimiz-936x897.jpg",522,500,true],"covernews-featured":["https:\/\/veteran.az\/wp-content\/uploads\/2021\/03\/1615878761_tarix-yazan-qehremanlarimiz.jpg",1001,1001,false],"covernews-medium":["https:\/\/veteran.az\/wp-content\/uploads\/2021\/03\/1615878761_tarix-yazan-qehremanlarimiz-720x380.jpg",540,285,true],"covernews-medium-square":["https:\/\/veteran.az\/wp-content\/uploads\/2021\/03\/1615878761_tarix-yazan-qehremanlarimiz-675x450.jpg",375,250,true]},"author_info":{"display_name":"Veteran.az","author_link":"https:\/\/veteran.az\/?author=3"},"category_info":"<a href=\"https:\/\/veteran.az\/?cat=12\" rel=\"category\">Veteran d\u00fcnyas\u0131<\/a>","tag_info":"Veteran d\u00fcnyas\u0131","comment_count":"0","_links":{"self":[{"href":"https:\/\/veteran.az\/index.php?rest_route=\/wp\/v2\/posts\/8945","targetHints":{"allow":["GET"]}}],"collection":[{"href":"https:\/\/veteran.az\/index.php?rest_route=\/wp\/v2\/posts"}],"about":[{"href":"https:\/\/veteran.az\/index.php?rest_route=\/wp\/v2\/types\/post"}],"author":[{"embeddable":true,"href":"https:\/\/veteran.az\/index.php?rest_route=\/wp\/v2\/users\/3"}],"replies":[{"embeddable":true,"href":"https:\/\/veteran.az\/index.php?rest_route=%2Fwp%2Fv2%2Fcomments&post=8945"}],"version-history":[{"count":1,"href":"https:\/\/veteran.az\/index.php?rest_route=\/wp\/v2\/posts\/8945\/revisions"}],"predecessor-version":[{"id":8948,"href":"https:\/\/veteran.az\/index.php?rest_route=\/wp\/v2\/posts\/8945\/revisions\/8948"}],"wp:featuredmedia":[{"embeddable":true,"href":"https:\/\/veteran.az\/index.php?rest_route=\/wp\/v2\/media\/8946"}],"wp:attachment":[{"href":"https:\/\/veteran.az\/index.php?rest_route=%2Fwp%2Fv2%2Fmedia&parent=8945"}],"wp:term":[{"taxonomy":"category","embeddable":true,"href":"https:\/\/veteran.az\/index.php?rest_route=%2Fwp%2Fv2%2Fcategories&post=8945"},{"taxonomy":"post_tag","embeddable":true,"href":"https:\/\/veteran.az\/index.php?rest_route=%2Fwp%2Fv2%2Ftags&post=8945"}],"curies":[{"name":"wp","href":"https:\/\/api.w.org\/{rel}","templated":true}]}}