{"id":8918,"date":"2021-03-15T00:38:04","date_gmt":"2021-03-14T20:38:04","guid":{"rendered":"http:\/\/veteran.az\/?p=8918"},"modified":"2021-03-15T00:38:06","modified_gmt":"2021-03-14T20:38:06","slug":"23-erm%c9%99ni-zabiti-m%c9%99hv-ed%c9%99n-yasma-k%c9%99sfiyyatcisi","status":"publish","type":"post","link":"https:\/\/veteran.az\/?p=8918","title":{"rendered":"23 erm\u0259ni zabiti m\u0259hv ed\u0259n \u201cYa\u015fma\u201d k\u0259\u015ffiyyat\u00e7\u0131s\u0131"},"content":{"rendered":"\n<p><strong>23 y\u00fcks\u0259k r\u00fctb\u0259li erm\u0259ni zabitini t\u0259kba\u015f\u0131na m\u0259hv ed\u0259n, X\u00fcsusi T\u0259yinatl\u0131 Q\u00fcvv\u0259l\u0259rin zabiti, \u201cYa\u015fma\u201d taborun q\u0259rargah r\u0259isi m\u00fcavini, k\u0259\u015ffiyyat\u00e7\u0131, \u015f\u0259hid kapitan El\u00e7in \u0130smay\u0131lov.<\/strong><\/p>\n\n\n\n<p><a target=\"_blank\" href=\"https:\/\/axar.az\/news\/kult\/\" rel=\"noreferrer noopener\">Kult.az<\/a>&nbsp;x\u0259b\u0259r verir ki, jurnalist El\u00e7in Alo\u011flu \u0130smay\u0131lovlar ail\u0259sind\u0259n 3 qarda\u015f\u0131n sava\u015fa at\u0131ld\u0131\u011f\u0131n\u0131 yaz\u0131b.<\/p>\n\n\n\n<p>2016-ci ild\u0259 Aprel d\u00f6y\u00fc\u015fl\u0259rind\u0259 d\u0259 vuru\u015fan E.\u0130smay\u0131lov V\u0259t\u0259n m\u00fcharib\u0259sind\u0259 C\u0259bray\u0131l rayonunun, Murovda\u011f zirv\u0259sinin azad edilm\u0259sind\u0259 i\u015ftirak edib.<\/p>\n\n\n\n<p>Erm\u0259ni polkovnikinin ba\u015f\u0131n\u0131 k\u0259s\u0259r\u0259k, qula\u011f\u0131na &#171;S\u0259n\u0259 Polad\u0131n qan\u0131n\u0131 g\u0259tirdim&#187; deyib.<\/p>\n\n\n\n<p>Onlarla erm\u0259ni h\u0259rb\u00e7isini m\u0259hv edib. 7 oktyabr 2020-ci ild\u0259 F\u00fczuli c\u0259bh\u0259sind\u0259 ged\u0259n d\u00f6y\u00fc\u015fl\u0259rd\u0259 \u015f\u0259hidlik zirv\u0259sin\u0259 y\u00fcks\u0259lib.<\/p>\n\n\n\n<p>Kapitan El\u00e7in M\u00fcbariz o\u011flu \u0130smay\u0131lov \u00f6l\u00fcm\u00fcnd\u0259n sonra \u201cV\u0259t\u0259n ugrunda\u201d, \u201cC\u0259bray\u0131l\u0131n azad olunmas\u0131na g\u00f6r\u0259\u201d v\u0259 \u201cK\u0259lb\u0259c\u0259rin azad olunmas\u0131na g\u00f6r\u0259&#187; medallar\u0131 il\u0259 t\u0259ltif edilib.<\/p>\n\n\n\n<p>\u201c\u015e\u0259hid olsam a\u011flamay\u0131n, \u0259ksin\u0259, sevinin ki, o zirv\u0259y\u0259 ucald\u0131m&#187;, &#8212; dey\u0259r\u0259k evd\u0259n \u00e7\u0131xm\u0131\u015fd\u0131.<\/p>\n\n\n\n<p>Dediyi kimi d\u0259 sevdiyi torpaq u\u011frunda \u015f\u0259hid oldu&#8230;<\/p>\n","protected":false},"excerpt":{"rendered":"<p>23 y\u00fcks\u0259k r\u00fctb\u0259li erm\u0259ni zabitini t\u0259kba\u015f\u0131na m\u0259hv ed\u0259n, X\u00fcsusi T\u0259yinatl\u0131 Q\u00fcvv\u0259l\u0259rin zabiti, \u201cYa\u015fma\u201d taborun q\u0259rargah&#8230;<\/p>\n","protected":false},"author":3,"featured_media":8919,"comment_status":"closed","ping_status":"closed","sticky":false,"template":"","format":"standard","meta":{"footnotes":""},"categories":[6],"tags":[],"class_list":["post-8918","post","type-post","status-publish","format-standard","has-post-thumbnail","hentry","category-cmiyyt"],"featured_image_urls":{"full":["https:\/\/veteran.az\/wp-content\/uploads\/2021\/03\/shehid-elcin1.jpg",663,414,false],"thumbnail":["https:\/\/veteran.az\/wp-content\/uploads\/2021\/03\/shehid-elcin1-150x150.jpg",150,150,true],"medium":["https:\/\/veteran.az\/wp-content\/uploads\/2021\/03\/shehid-elcin1-300x187.jpg",300,187,true],"medium_large":["https:\/\/veteran.az\/wp-content\/uploads\/2021\/03\/shehid-elcin1.jpg",640,400,false],"large":["https:\/\/veteran.az\/wp-content\/uploads\/2021\/03\/shehid-elcin1.jpg",640,400,false],"1536x1536":["https:\/\/veteran.az\/wp-content\/uploads\/2021\/03\/shehid-elcin1.jpg",663,414,false],"2048x2048":["https:\/\/veteran.az\/wp-content\/uploads\/2021\/03\/shehid-elcin1.jpg",663,414,false],"covernews-slider-full":["https:\/\/veteran.az\/wp-content\/uploads\/2021\/03\/shehid-elcin1.jpg",663,414,false],"covernews-slider-center":["https:\/\/veteran.az\/wp-content\/uploads\/2021\/03\/shehid-elcin1.jpg",663,414,false],"covernews-featured":["https:\/\/veteran.az\/wp-content\/uploads\/2021\/03\/shehid-elcin1.jpg",663,414,false],"covernews-medium":["https:\/\/veteran.az\/wp-content\/uploads\/2021\/03\/shehid-elcin1-663x380.jpg",540,310,true],"covernews-medium-square":["https:\/\/veteran.az\/wp-content\/uploads\/2021\/03\/shehid-elcin1.jpg",400,250,false]},"author_info":{"display_name":"Veteran.az","author_link":"https:\/\/veteran.az\/?author=3"},"category_info":"<a href=\"https:\/\/veteran.az\/?cat=6\" rel=\"category\">C\u0259miyy\u0259t<\/a>","tag_info":"C\u0259miyy\u0259t","comment_count":"0","_links":{"self":[{"href":"https:\/\/veteran.az\/index.php?rest_route=\/wp\/v2\/posts\/8918","targetHints":{"allow":["GET"]}}],"collection":[{"href":"https:\/\/veteran.az\/index.php?rest_route=\/wp\/v2\/posts"}],"about":[{"href":"https:\/\/veteran.az\/index.php?rest_route=\/wp\/v2\/types\/post"}],"author":[{"embeddable":true,"href":"https:\/\/veteran.az\/index.php?rest_route=\/wp\/v2\/users\/3"}],"replies":[{"embeddable":true,"href":"https:\/\/veteran.az\/index.php?rest_route=%2Fwp%2Fv2%2Fcomments&post=8918"}],"version-history":[{"count":1,"href":"https:\/\/veteran.az\/index.php?rest_route=\/wp\/v2\/posts\/8918\/revisions"}],"predecessor-version":[{"id":8920,"href":"https:\/\/veteran.az\/index.php?rest_route=\/wp\/v2\/posts\/8918\/revisions\/8920"}],"wp:featuredmedia":[{"embeddable":true,"href":"https:\/\/veteran.az\/index.php?rest_route=\/wp\/v2\/media\/8919"}],"wp:attachment":[{"href":"https:\/\/veteran.az\/index.php?rest_route=%2Fwp%2Fv2%2Fmedia&parent=8918"}],"wp:term":[{"taxonomy":"category","embeddable":true,"href":"https:\/\/veteran.az\/index.php?rest_route=%2Fwp%2Fv2%2Fcategories&post=8918"},{"taxonomy":"post_tag","embeddable":true,"href":"https:\/\/veteran.az\/index.php?rest_route=%2Fwp%2Fv2%2Ftags&post=8918"}],"curies":[{"name":"wp","href":"https:\/\/api.w.org\/{rel}","templated":true}]}}