{"id":8874,"date":"2021-03-12T01:01:14","date_gmt":"2021-03-11T21:01:14","guid":{"rendered":"http:\/\/veteran.az\/?p=8874"},"modified":"2021-03-12T01:01:15","modified_gmt":"2021-03-11T21:01:15","slug":"avtoq%c9%99zada-%c9%99lil-olanlarla-qazil%c9%99rin-%c9%99lillik-t%c9%99yinati-eyni-olmamalidir-deputat","status":"publish","type":"post","link":"https:\/\/veteran.az\/?p=8874","title":{"rendered":"\u201cAvtoq\u0259zada \u0259lil olanlarla qazil\u0259rin \u0259lillik t\u0259yinat\u0131 eyni olmamal\u0131d\u0131r\u201d \u2013 DEPUTAT"},"content":{"rendered":"\n<p><strong>V\u0259t\u0259n m\u00fcharib\u0259si i\u015ftirak\u00e7\u0131lar\u0131n\u0131n \u0259lillik t\u0259yinat\u0131 il\u0259 ba\u011fl\u0131 probleml\u0259r n\u0259 vaxt h\u0259llini tapacaq?<\/strong><\/p>\n\n\n\n<p>V\u0259t\u0259n m\u00fcharib\u0259si qazil\u0259ri \u0259lillik d\u0259r\u0259c\u0259sinin t\u0259yinat\u0131ndan naraz\u0131d\u0131rlar. Onlar \u0259lillik d\u0259r\u0259c\u0259l\u0259rinin t\u0259yinat\u0131nda m\u00fc\u0259yy\u0259n probleml\u0259r ya\u015fad\u0131qlar\u0131n\u0131 v\u0259 s\u0259n\u0259d i\u015fl\u0259rind\u0259ki s\u00fcr\u00fcnd\u00fcrm\u0259\u00e7ilikl\u0259 ba\u011fl\u0131 sosial \u015f\u0259b\u0259k\u0259l\u0259rd\u0259 \u00f6z naraz\u0131l\u0131qlar\u0131n\u0131 bildirirl\u0259r. B\u0259zi qazil\u0259rimizin s\u00f6zl\u0259rin\u0259 g\u00f6r\u0259, onlar bar\u0259sind\u0259 veril\u0259n q\u0259rar anla\u015f\u0131lan deyil. M\u0259s\u0259l\u0259n, bir aya\u011f\u0131n\u0131 itir\u0259n, b\u0259d\u0259nind\u0259 \u00e7oxsayda q\u0259lp\u0259 g\u0259zdir\u0259n qazimiz\u0259 3-c\u00fc qrup \u0259lillik d\u0259r\u0259c\u0259si t\u0259yinat\u0131 onlar \u00fc\u00e7\u00fcn g\u00f6zl\u0259nilm\u0259z olub.<\/p>\n\n\n\n<p>Qeyd ed\u0259k ki, bu problem bir m\u00fcdd\u0259t \u00f6nc\u0259 Milli M\u0259clisd\u0259 d\u0259 qald\u0131r\u0131lm\u0131\u015fd\u0131.<\/p>\n\n\n\n<p>\u018fm\u0259k v\u0259 \u018fhalinin Sosial M\u00fcdafi\u0259si Nazirliyinin (\u018f\u018fSMN) m\u0259tbuat xidm\u0259tinin r\u0259hb\u0259ri Fazil Tal\u0131bl\u0131<strong> AYNA<\/strong>-n\u0131n sor\u011fusuna cavab olaraq deyib ki, V\u0259t\u0259n m\u00fcharib\u0259sind\u0259 yaralanm\u0131\u015f qazil\u0259rimizin \u0259lillikl\u0259rinin operativ, vaxt\u0131nda, keyfiyy\u0259tl\u0259 v\u0259 m\u0259rk\u0259zl\u0259\u015fmi\u015f \u015f\u0259kild\u0259 apar\u0131lmas\u0131 m\u0259qs\u0259dil\u0259 Nazirl\u0259r Kabinetinin Q\u0259rar\u0131 il\u0259 komissiya yarad\u0131l\u0131b: \u201c\u018fm\u0259k v\u0259 \u0259halinin sosial m\u00fcdafi\u0259si nazirinin s\u0259drlik etdiyi komissiyaya aidiyy\u0259ti d\u00f6vl\u0259t orqanlar\u0131n\u0131n (m\u00fcdafi\u0259, s\u0259hiyy\u0259 nazirlikl\u0259ri, T\u018fB\u0130B v\u0259 s.) s\u0259lahiyy\u0259tli \u015f\u0259xsl\u0259ri daxil edilib. Komissiya h\u0259rbi qulluq\u00e7ular\u0131 birg\u0259 \u0259yani m\u00fcayin\u0259d\u0259n ke\u00e7irir, s\u0259n\u0259dl\u0259ri s\u00fcr\u0259tl\u0259 r\u0259smil\u0259\u015fdirir v\u0259 \u00fcmumilikd\u0259 \u0259yani m\u00fcayin\u0259 \u0259sas\u0131nda \u0259lillikl\u0259rini qiym\u0259tl\u0259ndirir. Art\u0131q 200-d\u0259n \u00e7ox qazimiz\u0259 \u00f6lk\u0259mizin \u0259razi b\u00fct\u00f6vl\u00fcy\u00fcn\u00fcn m\u00fcdafi\u0259si il\u0259 \u0259laq\u0259dar \u0259lillik t\u0259yinat\u0131 apar\u0131l\u0131b. \u018flillik t\u0259yinat\u0131ndan sonra onlara bird\u0259f\u0259lik s\u0131\u011forta \u00f6d\u0259ni\u015fi edilir v\u0259 Prezidentin ayl\u0131q t\u0259qa\u00fcdl\u0259ri, \u0259lilliy\u0259 g\u00f6r\u0259 ayl\u0131q pensiya v\u0259 ya m\u00fcavin\u0259tl\u0259r d\u0259 proaktiv qaydada, y\u0259ni elektron sistem \u00fcz\u0259rind\u0259n, avtomatik t\u0259yin olunur\u201d.<\/p>\n\n\n\n<figure class=\"wp-block-image size-large\"><img loading=\"lazy\" decoding=\"async\" width=\"750\" height=\"420\" src=\"http:\/\/veteran.az\/wp-content\/uploads\/2021\/03\/1576065625_fazil-talibov-eesmn-mx.jpg\" alt=\"\" class=\"wp-image-8875\" srcset=\"https:\/\/veteran.az\/wp-content\/uploads\/2021\/03\/1576065625_fazil-talibov-eesmn-mx.jpg 750w, https:\/\/veteran.az\/wp-content\/uploads\/2021\/03\/1576065625_fazil-talibov-eesmn-mx-300x168.jpg 300w\" sizes=\"auto, (max-width: 750px) 100vw, 750px\" \/><\/figure>\n\n\n\n<p>Qurumun r\u0259smisinin s\u00f6zl\u0259rin\u0259 g\u00f6r\u0259, \u0259lillikl\u0259r I, II, III d\u0259r\u0259c\u0259 \u00fczr\u0259 t\u0259yin edilir: \u201cQanunvericilikd\u0259 hans\u0131 hallarda I, II v\u0259 III d\u0259r\u0259c\u0259 \u0259lilik t\u0259yin edilm\u0259li oldu\u011fu konkret v\u0259 ayd\u0131n \u015f\u0259kild\u0259 g\u00f6st\u0259rilib v\u0259 qazil\u0259rimiz\u0259 \u0259lillik d\u0259r\u0259c\u0259l\u0259ri d\u0259 m\u0259hz qanunvericiliy\u0259 uy\u011fun \u015f\u0259kild\u0259 t\u0259yin edilir.&nbsp; T\u0259yin olunan sosial \u00f6d\u0259ni\u015fl\u0259r\u0259 g\u0259ldikd\u0259, I d\u0259r\u0259c\u0259 m\u00fcharib\u0259 \u0259lill\u0259rin\u0259 Prezidentin ayl\u0131q t\u0259qa\u00fcd\u00fc (400 manat) v\u0259 ayl\u0131q pensiya \u00f6d\u0259nilir. Bu pensiyan\u0131n orta ayl\u0131q m\u0259bl\u0259\u011fi 413,43 manatd\u0131r.&nbsp; \u00dcst\u0259g\u0259l, I d\u0259r\u0259c\u0259 \u0259lilliyi olan \u015f\u0259xsl\u0259r\u0259 qulluq ed\u0259nl\u0259r\u0259 d\u0259 t\u0259qa\u00fcd (50 manat) verilir. II v\u0259 III d\u0259r\u0259c\u0259 m\u00fcharib\u0259 \u0259lill\u0259rin\u0259 is\u0259 Prezidentin ayl\u0131q t\u0259qa\u00fcd\u00fc (II d\u0259r\u0259c\u0259 \u00fczr\u0259 350 manat, III d\u0259r\u0259c\u0259 \u00fczr\u0259 300 manat), \u0259lillliy\u0259 g\u00f6r\u0259 pensiya (onlar\u0131n orta pensiya m\u0259bl\u0259\u011fl\u0259ri II d\u0259r\u0259c\u0259 \u00fczr\u0259 396,36 manat, III d\u0259r\u0259c\u0259 \u00fczr\u0259 276,24 manatd\u0131r), pensiya h\u00fcquqlar\u0131 olmad\u0131qda, ayl\u0131q m\u00fcavin\u0259t (II d\u0259r\u0259c\u0259 \u00fczr\u0259 130 manat, III d\u0259r\u0259c\u0259 \u00fczr\u0259 110 manat) verilir. Bu kateqoriyadan olan \u015f\u0259xsl\u0259r d\u00f6vl\u0259t t\u0259r\u0259find\u0259n m\u0259nzill\u0259 v\u0259 avtomobill\u0259 t\u0259min olunmaq h\u00fcququna malikdirl\u0259r. Onlar \u00fc\u00e7\u00fcn dig\u0259r bir s\u0131ra sah\u0259l\u0259rd\u0259 d\u0259 imtiyaz v\u0259 g\u00fcz\u0259\u015ftl\u0259r m\u00fc\u0259yy\u0259n olunub\u201d.<\/p>\n\n\n\n<p>Milli M\u0259clisin S\u0259hiyy\u0259 komit\u0259sinin \u00fczv\u00fc M\u0259lah\u0259t \u0130brahimq\u0131z\u0131n\u0131n AYNA-ya dediyin\u0259 g\u00f6r\u0259, o, bu m\u0259s\u0259l\u0259ni Parlamentd\u0259 qald\u0131r\u0131b: \u201cQeyd etmi\u015fdim ki, 4 aya yax\u0131nd\u0131r m\u00fcharib\u0259d\u0259 z\u0259f\u0259r qazanm\u0131\u015f\u0131q, amma \u0259lilliyin t\u0259yin olunmas\u0131 m\u0259s\u0259l\u0259l\u0259rind\u0259 probleml\u0259r qal\u0131r. V\u0259t\u0259n m\u00fcharib\u0259sind\u0259 k\u00f6n\u00fcll\u00fc \u0259ynin\u0259 h\u0259rbi paltar geyin\u0259nl\u0259ri, ordumuzun \u0259sg\u0259rl\u0259rini bu q\u0259d\u0259r g\u00f6zl\u0259tm\u0259k d\u00fczg\u00fcn deyil. M\u00fcvafiq qurumlar onlar\u0131n \u0259lillik d\u0259r\u0259c\u0259l\u0259rini tezlikl\u0259 t\u0259yin etm\u0259k \u00fc\u00e7\u00fcn i\u015fl\u0259r g\u00f6rm\u0259lidir. V\u0259t\u0259n m\u00fcharib\u0259sind\u0259 i\u015ftirak ed\u0259nl\u0259rin \u0259lillik d\u0259r\u0259c\u0259si il\u0259 adi insanlara veril\u0259n \u0259lillik d\u0259r\u0259c\u0259si eyni olmal\u0131 deyil\u201d.<\/p>\n\n\n\n<figure class=\"wp-block-image\"><img decoding=\"async\" src=\"https:\/\/lh3.googleusercontent.com\/proxy\/fSOdvjDZc9FQq5MS1NWKpRA8-cQ3Mxyntz73u_0k3Nbi99f4aZJuKqTHYzMtjxOV3nH5W3poMlKfDwS3_yIscjwFlI9X_mbLQfb6EcHB1bM94SWbpT4GT0A-X3oBfmsgjg8vWA\" alt=\"M\u0259lah\u0259t \u0130brahimq\u0131z\u0131: M\u0259n d\u0259 peyv\u0259nd olunmaq ist\u0259yir\u0259m - \u0130ki sahil\"\/><\/figure>\n\n\n\n<p>\u201cBir \u00e7ox \u00f6lk\u0259l\u0259rd\u0259 bu, f\u0259rqli qaydada t\u0259tbiq edilir. M\u0259s\u0259l\u0259n, T\u00fcrkiy\u0259d\u0259 m\u00fcharib\u0259d\u0259 i\u015ftirak ed\u0259nl\u0259rl\u0259 ba\u011fl\u0131 6 \u0259lillik d\u0259r\u0259c\u0259si t\u0259tbiq edilir. Avto\u015fluq edib \u0259lil olan \u015f\u0259xsl\u0259 V\u0259t\u0259n m\u00fcharib\u0259sind\u0259 sa\u011flaml\u0131\u011f\u0131n\u0131 itir\u0259n \u015f\u0259xs\u0259 eyni yana\u015fma t\u0259tbiq etm\u0259k olmaz. Bu m\u0259s\u0259l\u0259 aidiyy\u0259ti qurumlarda bax\u0131lmal\u0131d\u0131r\u201d, &#8212; deputat bildirib.<\/p>\n\n\n\n<p>\u0130brahimq\u0131z\u0131n\u0131n s\u00f6zl\u0259rin\u0259 g\u00f6r\u0259, d\u00f6vl\u0259t ba\u015f\u00e7\u0131s\u0131n\u0131n h\u0259yata ke\u00e7irdiyi sosial v\u0259 humanitar layih\u0259l\u0259r, ist\u0259r Birinci Qaraba\u011f m\u00fcharib\u0259si, ist\u0259rs\u0259 d\u0259 \u0130kinci Qaraba\u011f m\u00fcharib\u0259si i\u015ftirak\u00e7\u0131lar\u0131 il\u0259 ba\u011fl\u0131 g\u00f6rd\u00fcy\u00fc i\u015fl\u0259r t\u0259qdir\u0259layiqdir: \u201cBaxmayaraq ki, bizd\u0259 \u0259lillik qanunvericilikl\u0259 &#8212; ist\u0259r m\u0259i\u015f\u0259td\u0259 ald\u0131\u011f\u0131, ist\u0259rs\u0259 d\u0259 m\u00fcharib\u0259 zaman\u0131 ald\u0131\u011f\u0131 \u0259lillik eyni c\u00fcr t\u0259yin olunur. Amma avtoq\u0259za n\u0259tic\u0259sind\u0259 \u0259lil olmu\u015f insanlarla, m\u00fcharib\u0259d\u0259 \u0259lil olmu\u015f insanlar\u0131n malik olduqlar\u0131 imtiyazlar eyni deyil. H\u0259r iki Qaraba\u011f m\u00fcharib\u0259si qazil\u0259rin\u0259 kifay\u0259t q\u0259d\u0259r imtiyazlar da verilib. M\u0259i\u015f\u0259td\u0259 z\u0259d\u0259 alan insan\u0131n 1 v\u0259 ya 2-ci qrup \u0259lilliyinin olmas\u0131na baxmayaraq, onlar\u0131n m\u0259nzil v\u0259 ya avtomobill\u0259 t\u0259min olunmalar\u0131 kimi imtiyazlar\u0131 yoxdur. D\u00fczd\u00fcr, m\u0259n bu problemi parlamentd\u0259 qald\u0131rm\u0131\u015fd\u0131m. Biz h\u0259r iki V\u0259t\u0259n m\u00fcharib\u0259si qazil\u0259rin\u0259 daha \u00e7ox imtiyazlar\u0131n verilm\u0259sini \u00f6z arzu v\u0259 ist\u0259yimizd\u0259n, onlara olan h\u00f6rm\u0259timizd\u0259n dolay\u0131 ist\u0259mi\u015fik. Bunu da d\u00f6vl\u0259timizin imkanlar\u0131ndan qaynaqlanaraq ist\u0259mi\u015fik\u201d.<\/p>\n\n\n\n<p>Mill\u0259t v\u0259kili bu sah\u0259d\u0259 m\u00fc\u0259yy\u0259n \u00e7at\u0131\u015fmazl\u0131qlar\u0131n da oldu\u011funu vur\u011fulay\u0131b: \u201cD\u00fczd\u00fcr, m\u00fc\u0259yy\u0259n \u00e7at\u0131\u015fmazl\u0131qlar var, qazil\u0259rimizin s\u0259n\u0259dl\u0259\u015fm\u0259 i\u015fl\u0259rind\u0259 gecikm\u0259l\u0259r olur. Bu da pandemiya v\u0259 m\u00fcharib\u0259nin t\u0259siri il\u0259 ba\u011fl\u0131 oldu. Pandemiya zaman\u0131 g\u00f6zl\u0259nilm\u0259d\u0259n m\u00fcharib\u0259 ba\u015flad\u0131. M\u00fc\u0259yy\u0259n probleml\u0259r yarand\u0131. Amma bu, o dem\u0259k deyil ki, d\u00f6vl\u0259timiz Qaraba\u011f qazil\u0259ri v\u0259 \u015f\u0259hid ail\u0259l\u0259rin\u0259 diqq\u0259tsiz yana\u015f\u0131r. H\u0259tta, c\u0259nab Prezident YAP-\u0131n 7-ci qurultay\u0131nda da qazil\u0259rimiz v\u0259 \u015f\u0259hid ail\u0259l\u0259rinin \u0259n yax\u0131n zamanda m\u0259nzil probleml\u0259rinin tamamil\u0259 h\u0259ll olunaca\u011f\u0131n\u0131 vur\u011fulad\u0131. \u018flb\u0259tt\u0259, ist\u0259rdik ki, V\u0259t\u0259n u\u011frunda canlar\u0131n\u0131 f\u0259da ed\u0259nl\u0259r\u0259 daha \u00e7ox qay\u011f\u0131 g\u00f6st\u0259r\u0259k\u201d.<\/p>\n\n\n\n<p>\u018flilliyin t\u0259yinat\u0131 il\u0259 ba\u011fl\u0131 m\u0259s\u0259l\u0259y\u0259 g\u0259ldikd\u0259, deputat bildirib ki, o, \u018f\u018fSMN-in \u0259m\u0259kda\u015f\u0131 v\u0259 ya \u0259lilliyi t\u0259yin ed\u0259n ekspertizada yer alan n\u00fcmay\u0259nd\u0259 olmad\u0131\u011f\u0131 \u00fc\u00e7\u00fcn bu sual\u0131 cavabland\u0131ra bilm\u0259y\u0259c\u0259k.<\/p>\n\n\n\n<p>M\u00fc\u0259llif:\u00a0<a href=\"https:\/\/ayna.az\/author\/166\">\u00dclviyy\u0259 \u015eahin<\/a><\/p>\n","protected":false},"excerpt":{"rendered":"<p>V\u0259t\u0259n m\u00fcharib\u0259si i\u015ftirak\u00e7\u0131lar\u0131n\u0131n \u0259lillik t\u0259yinat\u0131 il\u0259 ba\u011fl\u0131 probleml\u0259r n\u0259 vaxt h\u0259llini tapacaq? V\u0259t\u0259n m\u00fcharib\u0259si qazil\u0259ri&#8230;<\/p>\n","protected":false},"author":3,"featured_media":8876,"comment_status":"closed","ping_status":"closed","sticky":false,"template":"","format":"standard","meta":{"footnotes":""},"categories":[5],"tags":[],"class_list":["post-8874","post","type-post","status-publish","format-standard","has-post-thumbnail","hentry","category-sosial"],"featured_image_urls":{"full":["https:\/\/veteran.az\/wp-content\/uploads\/2021\/03\/top.jpg",900,441,false],"thumbnail":["https:\/\/veteran.az\/wp-content\/uploads\/2021\/03\/top-150x150.jpg",150,150,true],"medium":["https:\/\/veteran.az\/wp-content\/uploads\/2021\/03\/top-300x147.jpg",300,147,true],"medium_large":["https:\/\/veteran.az\/wp-content\/uploads\/2021\/03\/top-768x376.jpg",640,313,true],"large":["https:\/\/veteran.az\/wp-content\/uploads\/2021\/03\/top.jpg",640,314,false],"1536x1536":["https:\/\/veteran.az\/wp-content\/uploads\/2021\/03\/top.jpg",900,441,false],"2048x2048":["https:\/\/veteran.az\/wp-content\/uploads\/2021\/03\/top.jpg",900,441,false],"covernews-slider-full":["https:\/\/veteran.az\/wp-content\/uploads\/2021\/03\/top.jpg",900,441,false],"covernews-slider-center":["https:\/\/veteran.az\/wp-content\/uploads\/2021\/03\/top.jpg",800,392,false],"covernews-featured":["https:\/\/veteran.az\/wp-content\/uploads\/2021\/03\/top.jpg",900,441,false],"covernews-medium":["https:\/\/veteran.az\/wp-content\/uploads\/2021\/03\/top-720x380.jpg",540,285,true],"covernews-medium-square":["https:\/\/veteran.az\/wp-content\/uploads\/2021\/03\/top-675x441.jpg",383,250,true]},"author_info":{"display_name":"Veteran.az","author_link":"https:\/\/veteran.az\/?author=3"},"category_info":"<a href=\"https:\/\/veteran.az\/?cat=5\" rel=\"category\">Sosial<\/a>","tag_info":"Sosial","comment_count":"0","_links":{"self":[{"href":"https:\/\/veteran.az\/index.php?rest_route=\/wp\/v2\/posts\/8874","targetHints":{"allow":["GET"]}}],"collection":[{"href":"https:\/\/veteran.az\/index.php?rest_route=\/wp\/v2\/posts"}],"about":[{"href":"https:\/\/veteran.az\/index.php?rest_route=\/wp\/v2\/types\/post"}],"author":[{"embeddable":true,"href":"https:\/\/veteran.az\/index.php?rest_route=\/wp\/v2\/users\/3"}],"replies":[{"embeddable":true,"href":"https:\/\/veteran.az\/index.php?rest_route=%2Fwp%2Fv2%2Fcomments&post=8874"}],"version-history":[{"count":1,"href":"https:\/\/veteran.az\/index.php?rest_route=\/wp\/v2\/posts\/8874\/revisions"}],"predecessor-version":[{"id":8877,"href":"https:\/\/veteran.az\/index.php?rest_route=\/wp\/v2\/posts\/8874\/revisions\/8877"}],"wp:featuredmedia":[{"embeddable":true,"href":"https:\/\/veteran.az\/index.php?rest_route=\/wp\/v2\/media\/8876"}],"wp:attachment":[{"href":"https:\/\/veteran.az\/index.php?rest_route=%2Fwp%2Fv2%2Fmedia&parent=8874"}],"wp:term":[{"taxonomy":"category","embeddable":true,"href":"https:\/\/veteran.az\/index.php?rest_route=%2Fwp%2Fv2%2Fcategories&post=8874"},{"taxonomy":"post_tag","embeddable":true,"href":"https:\/\/veteran.az\/index.php?rest_route=%2Fwp%2Fv2%2Ftags&post=8874"}],"curies":[{"name":"wp","href":"https:\/\/api.w.org\/{rel}","templated":true}]}}