{"id":8723,"date":"2021-03-06T00:25:24","date_gmt":"2021-03-05T20:25:24","guid":{"rendered":"http:\/\/veteran.az\/?p=8723"},"modified":"2021-03-06T00:25:25","modified_gmt":"2021-03-05T20:25:25","slug":"ilham-%c9%99liyev-yap-in-yeni-proqraminin-hazirlanmasi-bar%c9%99d%c9%99-tapsiriq-verdi","status":"publish","type":"post","link":"https:\/\/veteran.az\/?p=8723","title":{"rendered":"\u0130lham \u018fliyev YAP-\u0131n yeni proqram\u0131n\u0131n haz\u0131rlanmas\u0131 bar\u0259d\u0259 tap\u015f\u0131r\u0131q verdi"},"content":{"rendered":"\n<p><strong>Yeni Az\u0259rbaycan Partiyas\u0131 n\u0259inki Az\u0259rbaycan\u0131n, C\u0259nubi Qafqaz\u0131n \u0259n b\u00f6y\u00fck siyasi partiyas\u0131d\u0131r. Partiyam\u0131z\u0131n b\u00f6y\u00fck \u0259n\u0259n\u0259l\u0259ri var. Biz g\u0259l\u0259n il, partiyam\u0131z\u0131n 30 illik yubileyini ke\u00e7ir\u0259c\u0259yik. Hesab edir\u0259m ki, partiya yenil\u0259\u015fmi\u015f formatda, o c\u00fcml\u0259d\u0259n r\u0259hb\u0259r orqanlar\u0131nda t\u0259msil olunan namiz\u0259dl\u0259ri n\u0259z\u0259r\u0259 alsaq daha f\u0259al olacaq, \u00f6lk\u0259 qar\u015f\u0131s\u0131nda duran probleml\u0259ri daha f\u0259al icra ed\u0259c\u0259kdir.<\/strong><\/p>\n\n\n\n<p><br>Veteran.az x\u0259b\u0259r verir ki, bu bar\u0259d\u0259 Prezident, Yeni Az\u0259rbaycan Partiyas\u0131n\u0131n S\u0259dri \u0130lham \u018fliyev partiyan\u0131n VII qurultay\u0131ndak\u0131 yekun nitqind\u0259 bildirib.<\/p>\n\n\n\n<p><br>D\u00f6vl\u0259timizin ba\u015f\u00e7\u0131s\u0131 deyib: &#171;H\u0259yat d\u0259yi\u015fir, z\u0259man\u0259 d\u0259yi\u015fir. Bir daha dem\u0259k ist\u0259yir\u0259m ki, biz \u0259n m\u00fcasir t\u0259cr\u00fcb\u0259ni Az\u0259rbaycanda b\u00fct\u00fcn sah\u0259l\u0259rd\u0259 t\u0259tbiq etm\u0259liyik, o c\u00fcml\u0259d\u0259n siyasi islahatlar sah\u0259sind\u0259. \u018fmin\u0259m ki, partiyan\u0131n r\u0259hb\u0259r orqanlar\u0131nda t\u0259msil olunan \u00fczvl\u0259ri f\u0259al olacaqlar, partiyam\u0131z\u0131n f\u0259aliyy\u0259tind\u0259 \u00f6z rolunu oynayacaqlar, \u00fcmumi i\u015fimiz\u0259 \u00f6z t\u00f6hf\u0259sini ver\u0259c\u0259kl\u0259r ki, partiyam\u0131z bundan sonra da \u00f6lk\u0259mizin apar\u0131c\u0131 siyasi q\u00fcvv\u0259si olaraq qals\u0131n. M\u0259n buna \u015f\u00fcbh\u0259 etmir\u0259m. Bizim dost partiyalar\u0131m\u0131z\u0131n bu g\u00fcn partiyam\u0131za qo\u015fulmas\u0131 da bunu g\u00f6st\u0259rir. Bu da \u00e7ox \u00f6n\u0259mli, \u0259lam\u0259tdar hadis\u0259dir. Bu da siyasi sistemimizin t\u0259kmill\u0259\u015fdirilm\u0259si istiqam\u0259tind\u0259 at\u0131lan n\u00f6vb\u0259ti add\u0131md\u0131r v\u0259 eyni zamanda, g\u00f6st\u0259rir ki, partiyam\u0131z\u0131n h\u0259m m\u0259ram\u0131, h\u0259m proqram\u0131, f\u0259aliyy\u0259ti v\u0259 \u0259ld\u0259 etdiyi nailiyy\u0259tl\u0259r dost partiyalar \u00fc\u00e7\u00fcn d\u0259 c\u0259lbedicidir. \u018fmin\u0259m ki, bir ne\u00e7\u0259 partiyan\u0131n Yeni Az\u0259rbaycan Partiyas\u0131 il\u0259 birl\u0259\u015fm\u0259si partiyam\u0131z\u0131 g\u00fccl\u0259ndir\u0259c\u0259k\u201d.<\/p>\n\n\n\n<p><br>Prezident qeyd edib ki, birg\u0259 f\u0259aliyy\u0259tl\u0259 ba\u011fl\u0131 \u0259lav\u0259 add\u0131mlar da at\u0131lacaq. &#171;B\u00fct\u00fcn bunlar\u0131 n\u0259z\u0259r\u0259 alaraq hesab edir\u0259m ki, partiyam\u0131z\u0131n yeni proqram\u0131 da haz\u0131rlanmal\u0131d\u0131r. Bu proqram yeni d\u00f6vrl\u0259 ba\u011fl\u0131 b\u00fct\u00fcn m\u0259s\u0259l\u0259l\u0259ri \u00f6z\u00fcnd\u0259 ehtiva etm\u0259lidir. \u0130dar\u0259 hey\u0259tin\u0259 tap\u015f\u0131r\u0131q verir\u0259m ki, \u00fc\u00e7 ay \u0259rzind\u0259 partiyam\u0131z\u0131n yeni proqram\u0131 haz\u0131rlans\u0131n v\u0259 t\u0259qdim edilsin\u201d, &#8212; dey\u0259 Yeni Az\u0259rbaycan Partiyas\u0131n\u0131n S\u0259dri \u0130lham \u018fliyev vur\u011fulay\u0131b.<\/p>\n","protected":false},"excerpt":{"rendered":"<p>Yeni Az\u0259rbaycan Partiyas\u0131 n\u0259inki Az\u0259rbaycan\u0131n, C\u0259nubi Qafqaz\u0131n \u0259n b\u00f6y\u00fck siyasi partiyas\u0131d\u0131r. Partiyam\u0131z\u0131n b\u00f6y\u00fck \u0259n\u0259n\u0259l\u0259ri var&#8230;.<\/p>\n","protected":false},"author":3,"featured_media":8724,"comment_status":"closed","ping_status":"closed","sticky":false,"template":"","format":"standard","meta":{"footnotes":""},"categories":[6],"tags":[],"class_list":["post-8723","post","type-post","status-publish","format-standard","has-post-thumbnail","hentry","category-cmiyyt"],"featured_image_urls":{"full":["https:\/\/veteran.az\/wp-content\/uploads\/2021\/03\/004.jpg",2360,1196,false],"thumbnail":["https:\/\/veteran.az\/wp-content\/uploads\/2021\/03\/004-150x150.jpg",150,150,true],"medium":["https:\/\/veteran.az\/wp-content\/uploads\/2021\/03\/004-300x152.jpg",300,152,true],"medium_large":["https:\/\/veteran.az\/wp-content\/uploads\/2021\/03\/004-768x389.jpg",640,324,true],"large":["https:\/\/veteran.az\/wp-content\/uploads\/2021\/03\/004-1024x519.jpg",640,324,true],"1536x1536":["https:\/\/veteran.az\/wp-content\/uploads\/2021\/03\/004-1536x778.jpg",1536,778,true],"2048x2048":["https:\/\/veteran.az\/wp-content\/uploads\/2021\/03\/004-2048x1038.jpg",2048,1038,true],"covernews-slider-full":["https:\/\/veteran.az\/wp-content\/uploads\/2021\/03\/004-1536x1020.jpg",1077,715,true],"covernews-slider-center":["https:\/\/veteran.az\/wp-content\/uploads\/2021\/03\/004-936x897.jpg",522,500,true],"covernews-featured":["https:\/\/veteran.az\/wp-content\/uploads\/2021\/03\/004-1024x519.jpg",1024,519,true],"covernews-medium":["https:\/\/veteran.az\/wp-content\/uploads\/2021\/03\/004-720x380.jpg",540,285,true],"covernews-medium-square":["https:\/\/veteran.az\/wp-content\/uploads\/2021\/03\/004-675x450.jpg",375,250,true]},"author_info":{"display_name":"Veteran.az","author_link":"https:\/\/veteran.az\/?author=3"},"category_info":"<a href=\"https:\/\/veteran.az\/?cat=6\" rel=\"category\">C\u0259miyy\u0259t<\/a>","tag_info":"C\u0259miyy\u0259t","comment_count":"0","_links":{"self":[{"href":"https:\/\/veteran.az\/index.php?rest_route=\/wp\/v2\/posts\/8723","targetHints":{"allow":["GET"]}}],"collection":[{"href":"https:\/\/veteran.az\/index.php?rest_route=\/wp\/v2\/posts"}],"about":[{"href":"https:\/\/veteran.az\/index.php?rest_route=\/wp\/v2\/types\/post"}],"author":[{"embeddable":true,"href":"https:\/\/veteran.az\/index.php?rest_route=\/wp\/v2\/users\/3"}],"replies":[{"embeddable":true,"href":"https:\/\/veteran.az\/index.php?rest_route=%2Fwp%2Fv2%2Fcomments&post=8723"}],"version-history":[{"count":1,"href":"https:\/\/veteran.az\/index.php?rest_route=\/wp\/v2\/posts\/8723\/revisions"}],"predecessor-version":[{"id":8725,"href":"https:\/\/veteran.az\/index.php?rest_route=\/wp\/v2\/posts\/8723\/revisions\/8725"}],"wp:featuredmedia":[{"embeddable":true,"href":"https:\/\/veteran.az\/index.php?rest_route=\/wp\/v2\/media\/8724"}],"wp:attachment":[{"href":"https:\/\/veteran.az\/index.php?rest_route=%2Fwp%2Fv2%2Fmedia&parent=8723"}],"wp:term":[{"taxonomy":"category","embeddable":true,"href":"https:\/\/veteran.az\/index.php?rest_route=%2Fwp%2Fv2%2Fcategories&post=8723"},{"taxonomy":"post_tag","embeddable":true,"href":"https:\/\/veteran.az\/index.php?rest_route=%2Fwp%2Fv2%2Ftags&post=8723"}],"curies":[{"name":"wp","href":"https:\/\/api.w.org\/{rel}","templated":true}]}}