{"id":8719,"date":"2021-03-05T13:27:18","date_gmt":"2021-03-05T09:27:18","guid":{"rendered":"http:\/\/veteran.az\/?p=8719"},"modified":"2021-03-05T14:46:21","modified_gmt":"2021-03-05T10:46:21","slug":"m%c9%99hk%c9%99m%c9%99d%c9%99-mubariz-m%c9%99nsimov-cixis-edib","status":"publish","type":"post","link":"https:\/\/veteran.az\/?p=8719","title":{"rendered":"M\u0259hk\u0259m\u0259d\u0259 M\u00fcbariz M\u0259nsimov \u00e7\u0131x\u0131\u015f edib"},"content":{"rendered":"\n<p><strong>FET\u00d6 terror t\u0259\u015fkilat\u0131na \u00fczv olmaqda ittiham edil\u0259n az\u0259rbaycanl\u0131 i\u015f adam\u0131, \u201cPalmali\u201d \u015firk\u0259tinin r\u0259hb\u0259ri M\u00fcbariz M\u0259nsimovun T\u00fcrkiy\u0259 C\u00fcmhuriyy\u0259tinin 27-ci \u0130stanbul A\u011f\u0131r C\u0259za M\u0259hk\u0259m\u0259sind\u0259 m\u0259hk\u0259m\u0259si ke\u00e7irilir.<\/strong><\/p>\n\n\n\n<p>Bu bar\u0259d\u0259 \u201cPalmali\u201dnin m\u0259tbuat katibi Fidan Quliyeva \u00f6z\u00fcn\u00fcn facebook hesab\u0131nda bildirib.<\/p>\n\n\n\n<p>Xat\u0131rladaq ki, mart\u0131n 3-d\u0259 \u0130stanbul C\u00fcmhuriyy\u0259t Ba\u015f Prokurorlu\u011fu M. M\u0259nsimovun m\u0259hk\u0259m\u0259 n\u0259zar\u0259ti alt\u0131nda s\u0259rb\u0259st burax\u0131lmas\u0131n\u0131 ist\u0259yib: \u201cM\u0259hk\u0259m\u0259nin g\u0259ldiyi m\u0259rh\u0259l\u0259 g\u00f6z \u00f6n\u00fcn\u0259 al\u0131naraq, m\u00fctt\u0259himin cinay\u0259t\u0259 g\u00f6r\u0259 n\u0259z\u0259rd\u0259 tutulan\/veril\u0259c\u0259k c\u0259zan\u0131n m\u00fcdd\u0259ti, \u015f\u00fcbh\u0259li \u015f\u0259xsin h\u0259bsd\u0259 ke\u00e7irdiyi vaxt, h\u0259bs-q\u0259timkan t\u0259dbiri oldu\u011fu \u00fc\u00e7\u00fcn bu m\u0259rh\u0259l\u0259d\u0259 m\u0259hk\u0259m\u0259 n\u0259zar\u0259tinin m\u00fcmk\u00fcnl\u00fcy\u00fc n\u0259z\u0259r\u0259 al\u0131naraq, m\u00fctt\u0259him ba\u015fqa cinay\u0259t\u0259 g\u00f6r\u0259 m\u00fchakim\u0259 olunmursa v\u0259 ya h\u0259bs olunmursa, azadl\u0131\u011fa \u00e7\u0131xa bil\u0259r. C\u0259za ancaq ya\u015fay\u0131\u015f yerini v\u0259 \u00f6lk\u0259ni t\u0259rk etm\u0259m\u0259kl\u0259 azadl\u0131qla \u0259v\u0259z oluna bil\u0259r\u201d.<\/p>\n\n\n\n<p>M\u0259hk\u0259m\u0259d\u0259 M.M\u0259nsimovun v\u0259kili \u018frsan \u015e\u0259n \u00e7\u0131x\u0131\u015f edib v\u0259 m\u00fcdafi\u0259 etdiyi \u015f\u0259xsin FET\u00d6-ya h\u0259r hans\u0131 yard\u0131m etm\u0259si bar\u0259d\u0259 ifad\u0259l\u0259rin he\u00e7 birinin d\u0259lil-s\u00fcbutu olmad\u0131\u011f\u0131n\u0131 bildirib, bunlar\u0131 b\u00f6htan adland\u0131r\u0131b.<\/p>\n\n\n\n<p>V\u0259kil eyni zamanda he\u00e7 bir s\u00fcbut olmad\u0131\u011f\u0131 \u00fc\u00e7\u00fcn ittiham t\u0259r\u0259finin iddias\u0131ndan imtina edilm\u0259sini t\u0259l\u0259b edib.<\/p>\n\n\n\n<p>M\u0259hk\u0259m\u0259d\u0259 M\u00fcbariz M\u0259nsimova s\u00f6z verilib. O deyib: &#171;M\u0259n bir daha \u0259minlikl\u0259 b\u0259yan edir\u0259m, he\u00e7 bir zaman he\u00e7 bir terror t\u0259\u015fkilat\u0131na n\u0259 m\u0259n\u0259vi n\u0259 d\u0259 maddi yard\u0131m etdim. M\u0259n b\u0259ra\u0259timi ist\u0259yir\u0259m c\u0259bab Hakim! FETO kimi al\u00e7aq k\u00f6p\u0259kl\u0259r\u0259 tek bir kuru\u015f yard\u0131mda bulunmad\u0131m, bulunmam da. M\u0259n sad\u0259c\u0259 devl\u0259t\u0259, \u015f\u0259hid ail\u0259l\u0259rin\u0259, t\u0259l\u0259b\u0259l\u0259r\u0259 yard\u0131m etdim v\u0259 bunlar\u0131n ham\u0131s\u0131n\u0131n s\u00fcbutu var. Say\u0131n hey\u0259t v\u0259 ba\u015fkandan ist\u0259diyim odur ki, arxan\u0131zda yaz\u0131lan &#187; Adalet M\u00fclk\u00fcn Temelidir&#187; s\u00f6z\u00fcn\u00fcn bu g\u00fcn menim dosyamda t\u0259c\u0259lli etm\u0259sini, \u0259dal\u0259tin yerini tapmas\u0131n\u0131 xahi\u015f edir\u0259m. V\u0259 b\u0259ra\u0259timi ist\u0259yir\u0259m&#187;.<\/p>\n","protected":false},"excerpt":{"rendered":"<p>FET\u00d6 terror t\u0259\u015fkilat\u0131na \u00fczv olmaqda ittiham edil\u0259n az\u0259rbaycanl\u0131 i\u015f adam\u0131, \u201cPalmali\u201d \u015firk\u0259tinin r\u0259hb\u0259ri M\u00fcbariz M\u0259nsimovun&#8230;<\/p>\n","protected":false},"author":3,"featured_media":8720,"comment_status":"closed","ping_status":"closed","sticky":false,"template":"","format":"standard","meta":{"footnotes":""},"categories":[6],"tags":[],"class_list":["post-8719","post","type-post","status-publish","format-standard","has-post-thumbnail","hentry","category-cmiyyt"],"featured_image_urls":{"full":["https:\/\/veteran.az\/wp-content\/uploads\/2021\/03\/mubariz-mensimov.jpg",660,390,false],"thumbnail":["https:\/\/veteran.az\/wp-content\/uploads\/2021\/03\/mubariz-mensimov-150x150.jpg",150,150,true],"medium":["https:\/\/veteran.az\/wp-content\/uploads\/2021\/03\/mubariz-mensimov-300x177.jpg",300,177,true],"medium_large":["https:\/\/veteran.az\/wp-content\/uploads\/2021\/03\/mubariz-mensimov.jpg",640,378,false],"large":["https:\/\/veteran.az\/wp-content\/uploads\/2021\/03\/mubariz-mensimov.jpg",640,378,false],"1536x1536":["https:\/\/veteran.az\/wp-content\/uploads\/2021\/03\/mubariz-mensimov.jpg",660,390,false],"2048x2048":["https:\/\/veteran.az\/wp-content\/uploads\/2021\/03\/mubariz-mensimov.jpg",660,390,false],"covernews-slider-full":["https:\/\/veteran.az\/wp-content\/uploads\/2021\/03\/mubariz-mensimov.jpg",660,390,false],"covernews-slider-center":["https:\/\/veteran.az\/wp-content\/uploads\/2021\/03\/mubariz-mensimov.jpg",660,390,false],"covernews-featured":["https:\/\/veteran.az\/wp-content\/uploads\/2021\/03\/mubariz-mensimov.jpg",660,390,false],"covernews-medium":["https:\/\/veteran.az\/wp-content\/uploads\/2021\/03\/mubariz-mensimov-660x380.jpg",540,311,true],"covernews-medium-square":["https:\/\/veteran.az\/wp-content\/uploads\/2021\/03\/mubariz-mensimov.jpg",400,236,false]},"author_info":{"display_name":"Veteran.az","author_link":"https:\/\/veteran.az\/?author=3"},"category_info":"<a href=\"https:\/\/veteran.az\/?cat=6\" rel=\"category\">C\u0259miyy\u0259t<\/a>","tag_info":"C\u0259miyy\u0259t","comment_count":"0","_links":{"self":[{"href":"https:\/\/veteran.az\/index.php?rest_route=\/wp\/v2\/posts\/8719","targetHints":{"allow":["GET"]}}],"collection":[{"href":"https:\/\/veteran.az\/index.php?rest_route=\/wp\/v2\/posts"}],"about":[{"href":"https:\/\/veteran.az\/index.php?rest_route=\/wp\/v2\/types\/post"}],"author":[{"embeddable":true,"href":"https:\/\/veteran.az\/index.php?rest_route=\/wp\/v2\/users\/3"}],"replies":[{"embeddable":true,"href":"https:\/\/veteran.az\/index.php?rest_route=%2Fwp%2Fv2%2Fcomments&post=8719"}],"version-history":[{"count":2,"href":"https:\/\/veteran.az\/index.php?rest_route=\/wp\/v2\/posts\/8719\/revisions"}],"predecessor-version":[{"id":8722,"href":"https:\/\/veteran.az\/index.php?rest_route=\/wp\/v2\/posts\/8719\/revisions\/8722"}],"wp:featuredmedia":[{"embeddable":true,"href":"https:\/\/veteran.az\/index.php?rest_route=\/wp\/v2\/media\/8720"}],"wp:attachment":[{"href":"https:\/\/veteran.az\/index.php?rest_route=%2Fwp%2Fv2%2Fmedia&parent=8719"}],"wp:term":[{"taxonomy":"category","embeddable":true,"href":"https:\/\/veteran.az\/index.php?rest_route=%2Fwp%2Fv2%2Fcategories&post=8719"},{"taxonomy":"post_tag","embeddable":true,"href":"https:\/\/veteran.az\/index.php?rest_route=%2Fwp%2Fv2%2Ftags&post=8719"}],"curies":[{"name":"wp","href":"https:\/\/api.w.org\/{rel}","templated":true}]}}