{"id":857,"date":"2019-05-09T22:18:20","date_gmt":"2019-05-09T18:18:20","guid":{"rendered":"http:\/\/veteran.az\/?p=857"},"modified":"2019-05-10T02:22:09","modified_gmt":"2019-05-09T22:22:09","slug":"popkorn-rasim-mu%c9%99lliml%c9%99-popkorn-satan-oglanin-dastani","status":"publish","type":"post","link":"https:\/\/veteran.az\/?p=857","title":{"rendered":"Popkorn Rasim m\u00fc\u0259lliml\u0259 popkorn satan o\u011flan\u0131n &#171;dastan\u0131&#187;"},"content":{"rendered":"\n<p>\n\nBizim olmayan deputatlardan bu g\u00fcn\u0259d\u0259k bir a\u011f\u0131ll\u0131 s\u00f6z e\u015fid\u0259n olubmu? Bunlar yaln\u0131z imitasiya edirl\u0259r ki, xalq onlar\u0131n varl\u0131\u011f\u0131ndan x\u0259b\u0259r tutsunlar. M\u00fcxalif\u0259t-iqtidar hibridi Rasim Musab\u0259yovun g\u00f6z\u0259ll\u0259m\u0259si d\u0259 bu q\u0259bild\u0259n olan burax\u0131lm\u0131\u015f &#171;xoruzlardand\u0131r&#187;.<\/p>\n\n\n\n<p>&#171;S\u0259n\u0259tkar&#187; \u00f6z sosial \u015f\u0259b\u0259k\u0259 s\u0259hif\u0259sind\u0259 g\u00f6st\u0259rdiyi &#171;cahan\u015f\u00fcmul&#187; m\u00fcbariz\u0259sini m\u0259tbuata da \u00f6t\u00fcr\u00fcb:<br>&#171;D\u00fcn\u0259n ax\u015fam Azneft meydan\u0131 yax\u0131nl\u0131\u011f\u0131nda yeralt\u0131 ke\u00e7id popkorn qoxusundan azad oldu. M\u00fc\u015fahid\u0259 apar\u0131b baxar\u0131q n\u0259 q\u0259d\u0259r m\u00fcdd\u0259t davam ed\u0259c\u0259k. Bu ki\u00e7ik m\u0259s\u0259l\u0259 olsada, ictimaiyy\u0259tin f\u0259al reaksiyas\u0131 onun \u00f6n\u0259mli oldu\u011funu g\u00f6st\u0259rir&#187;. &#171;\u0130ki sahil&#187; x\u0259b\u0259r verir ki, bunu Milli M\u0259clisin deputat\u0131 Rasim Musab\u0259yov &#171;Facebook&#187;da yaz\u0131b.<\/p>\n\n\n\n<p>Deputat onu da qeyd edib ki, b\u0259zi m\u00fczakir\u0259 i\u015ftirak\u00e7\u0131lar\u0131 \u00f6lk\u0259nin qlobal probleml\u0259ri il\u0259 m\u0259\u015f\u011ful olma\u011f\u0131 v\u0259 ikinci d\u0259r\u0259c\u0259li m\u00f6vzulara vaxt ay\u0131rmama\u011f\u0131 t\u00f6vsiy\u0259 edirl\u0259r.<\/p>\n\n\n\n<p>&#171;M\u00fczakir\u0259l\u0259r g\u00f6st\u0259rdi ki, ki\u00e7ik m\u0259s\u0259l\u0259l\u0259r d\u0259 \u00f6z\u00fcn\u0259 diqq\u0259t t\u0259l\u0259b edir. Sad\u0259 feysbuk status il\u0259 m\u0259murlar\u0131n operativ m\u00fcdaxil\u0259si n\u0259tic\u0259sind\u0259 m\u0259s\u0259l\u0259ni h\u0259ll etm\u0259k m\u00fcmk\u00fcn oldu.<\/p>\n\n\n\n<p>Bu, m\u0259nim \u00fc\u00e7\u00fcn sosial \u015f\u0259b\u0259k\u0259 vasit\u0259sil\u0259 ictimai d\u0259st\u0259yin s\u0259f\u0259rb\u0259r olunmas\u0131 t\u0259cr\u00fcb\u0259si idi. M\u0259lum oldu ki, bizd\u0259 bu al\u0131n\u0131r. D\u0259st\u0259yiniz\u0259 g\u00f6r\u0259 t\u0259\u015f\u0259kk\u00fcr edir\u0259m. \u0130stehzal\u0131 v\u0259 b\u0259z\u0259n q\u0259r\u0259zli \u015f\u0259rhl\u0259r is\u0259 m\u00fc\u0259llifl\u0259rin vicdan\u0131na qals\u0131n&#187; -dey\u0259, R. Musab\u0259yov vur\u011fulay\u0131b.<\/p>\n\n\n\n<p>Qeyd ed\u0259k ki, R. Musab\u0259yov \u00f6t\u0259n g\u00fcn d\u0259 h\u0259min popkorn satan u\u015faqla ba\u011fl\u0131 status yazaraq, onu \u015f\u0259h\u0259r sakinl\u0259rini z\u0259h\u0259rl\u0259m\u0259kd\u0259, elektrik enerjisind\u0259n pulsuz istifad\u0259 etm\u0259kd\u0259, vergid\u0259n yay\u0131nmaqda ittiham etmi\u015fdi.<br><\/p>\n\n\n\n<div class=\"wp-block-image\"><figure class=\"aligncenter\"><img decoding=\"async\" src=\"https:\/\/i.hizliresim.com\/5aZDBj.png\" alt=\"ATMACA: Popkorn Rasim m\u00fc\u0259lliml\u0259 popkorn satan o\u011flan\u0131n &quot;dastan\u0131&quot;\"\/><\/figure><\/div>\n\n\n\n<p>B\u0259r\u0259kallah, deyib ke\u00e7\u0259k bu i\u015fsiz deputata b\u0259zi informasiyalar ver\u0259k ki, onlar\u0131 da bu facebook s\u0259hif\u0259sind\u0259 h\u0259ll etm\u0259yi bir yoxlas\u0131n. \u0130cra ba\u015f\u00e7\u0131lar\u0131 ucdantutma r\u00fc\u015fv\u0259t al\u0131r v\u0259 he\u00e7 bu puldan vergi-filan vermirl\u0259r. Bunu bir yoxla g\u00f6r\u0259k, Popkorn, pardon Rasim m\u00fc\u0259llim. Bunlardan rayonl\u0131ar\u0131 azad ed\u0259 bils\u0259n siz\u0259 \u00e7oxlu vergid\u0259n yay\u0131nan monopolist \u00fcnvanlar\u0131 ver\u0259c\u0259yik. Deputat\u0131m\u0131za inan\u0131n. Sad\u0259c\u0259 x\u0259b\u0259ri yoxdur. G\u00f6r indi ne\u00e7\u0259 rayonun &#171;popkorn satan\u0131&#187;, pardon r\u00fc\u015fv\u0259txor ba\u015f\u00e7\u0131s\u0131 vergiy\u0259 c\u0259lb olunacaq?<\/p>\n\n\n\n<p>B\u0259s popkorn satan u\u015faq kim idi? Onun haqq\u0131nda mill\u0259t v\u0259kili Ayd\u0131n Mirz\u0259zad\u0259 m\u0259lumat verib.<\/p>\n\n\n\n<p>Onun s\u00f6zl\u0259rin\u0259 g\u00f6r\u0259, bu haqda m\u0259lumat ver\u0259n T\u0259hsil Nazirliyinin \u0130ctimaiyy\u0259tl\u0259 \u0259laq\u0259l\u0259r sektorunun m\u00fcdiri C\u0259sar\u0259t Valehov deyib ki, T\u0259hsil Nazirliyi r\u0259hb\u0259rliyinin tap\u015f\u0131r\u0131\u011f\u0131 il\u0259 h\u0259min g\u0259nc tap\u0131l\u0131b.<\/p>\n\n\n\n<p>Ad\u0131 Seyfullayev \u0130srafil V\u00fcqar o\u011fludur, 2002-ci ilin noyabr\u0131nda Bil\u0259suvar rayonunun G\u00fcn\u0259\u015fli k\u0259ndind\u0259 anadan olub. 17 ya\u015f\u0131 var. 2017- ci ild\u0259 IX sinfi bitirib. Haz\u0131rda t\u0259hsil alm\u0131r, Bin\u0259q\u0259did\u0259 ya\u015fay\u0131r.<\/p>\n\n\n\n<p>\u201cOnun telefonuna z\u0259ng ets\u0259l\u0259r d\u0259 n\u00f6mr\u0259 \u015f\u0259b\u0259k\u0259 xidm\u0259ti k\u0259nar\u0131ndad\u0131r. G\u0259nc arzu ed\u0259rs\u0259 ona pe\u015f\u0259 m\u0259kt\u0259bin\u0259 q\u0259bul olunmaq t\u0259klifi edil\u0259c\u0259k, pe\u015f\u0259 ald\u0131qdan sonra is\u0259 daimi i\u015fl\u0259 t\u0259min edil\u0259c\u0259k. Sa\u011f olun, T\u0259hsil Nazirliyi\u201d.<\/p>\n\n\n\n<p>Bu bar\u0259d\u0259 bir-ne\u00e7\u0259 deputat\u0131m\u0131z da dan\u0131\u015f\u0131b. S\u0259n dem\u0259 \u00f6lk\u0259 iqtisadiyyat\u0131n\u0131 da\u011f\u0131dan el\u0259 bu popkorn satanlar imi\u015f? Bu c\u00fcr kontrabanda\u00e7\u0131lara qar\u015f\u0131 \u0259sil bol\u015fevik m\u00fcbariz\u0259si aparmaq laz\u0131md\u0131r. Yolda\u015f Musab\u0259yovun bu t\u0259\u015f\u0259bb\u00fcs\u00fc d\u0259st\u0259kl\u0259nm\u0259lidir. &#171;Popkorn satanlara \u00f6l\u00fcm!&#187;<\/p>\n\n\n\n<p>Tanr\u0131n\u0131n k\u0259r\u0259min\u0259 \u015f\u00fck\u00fcr ki, bizd\u0259 bel\u0259 kommunist \u0259qid\u0259li, \u0259silli -n\u0259cab\u0259tli deputatlar yeti\u015fdirib. Bir c\u00fcv\u0259lla\u011f\u0131 u\u015faq gedib popkorn satsa, b\u0259s bizim deputatlar gedib n\u0259 satacaqlar?<\/p>\n\n\n\n<p>Kommunist salam\u0131yla \u0259srin \u0259vv\u0259ll\u0259rind\u0259ki Q. Musab\u0259yovun xatir\u0259 d\u0259ft\u0259rind\u0259n bu s\u0259trl\u0259ri sizl\u0259r\u0259 \u0259rm\u0259\u011fan edir\u0259m: &#171;1917-ci ild\u0259 Kiyev Universitetinin tibb fak\u00fclt\u0259sini bitir\u0259r\u0259k Bak\u0131ya qay\u0131td\u0131m. Bak\u0131 kommunas\u0131nda Caparidze v\u0259 \u015eaumyan yolda\u015flar\u0131n r\u0259hb\u0259rliyi alt\u0131nda \u0259rzaq c\u0259bh\u0259sind\u0259 \u00e7al\u0131\u015fd\u0131m. 1918-ci ilin avqustunda Bak\u0131 Kommunas\u0131n\u0131n s\u00fcqutundan sonra Caparidze yolda\u015f\u0131n t\u0259klifi il\u0259 m\u0259n dig\u0259r kommunarlarla birlikd\u0259 H\u0259\u015ft\u0259rxana yolland\u0131m. Burada iki il Sergey Kirov yolda\u015f\u0131n r\u0259hb\u0259rliyi alt\u0131nda partiya i\u015find\u0259 v\u0259 11-ci Orduya xidm\u0259t sah\u0259sind\u0259 f\u0259aliyy\u0259t g\u00f6st\u0259rdim. 1920-ci ilin aprelind\u0259 Orconokidze v\u0259 Kirovun tap\u015f\u0131r\u0131\u011f\u0131 il\u0259 m\u0259n Mikoyan v\u0259 Yefremovla birlikd\u0259 &#171;Beyn\u0259lmil\u0259l&#187; zirehlisind\u0259, d\u00f6y\u00fc\u015f\u0259-d\u00f6y\u00fc\u015f\u0259 Bak\u0131n\u0131 \u0259l\u0259 ke\u00e7irdik&#187;. Anlad\u0131n\u0131z da n\u0259 deyirik? Y\u0259ni Bak\u0131n\u0131 bu ki\u015finin babas\u0131 erm\u0259nil\u0259rl\u0259 \u00e7iyin-\u00e7iyin\u0259 d\u00f6y\u00fc\u015f\u0259r\u0259k \u0259l\u0259 ke\u00e7irm\u0259yib ki, 17 ya\u015fl\u0131 \u0130srafil, Bil\u0259suvardan g\u0259lib onun Bak\u0131s\u0131nda popkorn sats\u0131n? D\u00fczd\u00fc, indi erm\u0259nil\u0259rin \u00f6zl\u0259ri burada olmasa da, bac\u0131s\u0131 u\u015faqlar\u0131 buradad\u0131. Ham\u0131s\u0131n\u0131 da v\u0259zif\u0259l\u0259r\u0259 yerl\u0259\u015fdirmi\u015fik.<\/p>\n\n\n\n<p>K\u0259r\u0259min\u0259 bir d\u0259 \u015f\u00fck\u00fcr Allah\u0131m. Yax\u015f\u0131 ki, bu sort deputatlar\u0131 ancaq bizim \u00fc\u00e7\u00fcn yaratm\u0131san. Qeyri xalqlara yaz\u0131\u011f\u0131n g\u0259lsin! Bizim xalq d\u00f6z\u00fcml\u00fc xalqd\u0131, var\u0131nd\u0131sa, yen\u0259 g\u00f6nd\u0259r g\u0259lsin. Xalx\u0131n deputatlar\u0131 g\u0259lib biziml\u0259 s\u0259rh\u0259d davas\u0131 d\u00f6y\u00fcr, bizimki is\u0259 sahild\u0259 popkorn qovalay\u0131r&#8230;<\/p>\n\n\n\n<p>Dastan dili y\u00fcyr\u0259k olar deyibl\u0259r. Burada dastan\u0131m\u0131z sona yetm\u0259di. Amma g\u00f6yd\u0259n \u00fc\u00e7 alma \u0259v\u0259zin\u0259 bir metor g\u0259ldiyini s\u00f6yl\u0259yirl\u0259r. Tanr\u0131 bizim cahana ibr\u0259t olsas\u0131 deputatxanam\u0131z\u0131 qorusun!<\/p>\n\n\n\n<p><strong>Fedai.az Ara\u015fd\u0131rma Qrupu <\/strong><\/p>\n","protected":false},"excerpt":{"rendered":"<p>Bizim olmayan deputatlardan bu g\u00fcn\u0259d\u0259k bir a\u011f\u0131ll\u0131 s\u00f6z e\u015fid\u0259n olubmu? Bunlar yaln\u0131z imitasiya edirl\u0259r ki,&#8230;<\/p>\n","protected":false},"author":3,"featured_media":858,"comment_status":"closed","ping_status":"closed","sticky":false,"template":"","format":"standard","meta":{"footnotes":""},"categories":[13],"tags":[],"class_list":["post-857","post","type-post","status-publish","format-standard","has-post-thumbnail","hentry","category-tebrik"],"featured_image_urls":{"full":["https:\/\/veteran.az\/wp-content\/uploads\/2019\/05\/M3AQcO.png",720,519,false],"thumbnail":["https:\/\/veteran.az\/wp-content\/uploads\/2019\/05\/M3AQcO-150x150.png",150,150,true],"medium":["https:\/\/veteran.az\/wp-content\/uploads\/2019\/05\/M3AQcO-300x216.png",300,216,true],"medium_large":["https:\/\/veteran.az\/wp-content\/uploads\/2019\/05\/M3AQcO.png",640,461,false],"large":["https:\/\/veteran.az\/wp-content\/uploads\/2019\/05\/M3AQcO.png",640,461,false],"1536x1536":["https:\/\/veteran.az\/wp-content\/uploads\/2019\/05\/M3AQcO.png",720,519,false],"2048x2048":["https:\/\/veteran.az\/wp-content\/uploads\/2019\/05\/M3AQcO.png",720,519,false],"covernews-slider-full":["https:\/\/veteran.az\/wp-content\/uploads\/2019\/05\/M3AQcO.png",720,519,false],"covernews-slider-center":["https:\/\/veteran.az\/wp-content\/uploads\/2019\/05\/M3AQcO.png",694,500,false],"covernews-featured":["https:\/\/veteran.az\/wp-content\/uploads\/2019\/05\/M3AQcO.png",720,519,false],"covernews-medium":["https:\/\/veteran.az\/wp-content\/uploads\/2019\/05\/M3AQcO-720x380.png",540,285,true],"covernews-medium-square":["https:\/\/veteran.az\/wp-content\/uploads\/2019\/05\/M3AQcO-675x450.png",375,250,true]},"author_info":{"display_name":"Veteran.az","author_link":"https:\/\/veteran.az\/?author=3"},"category_info":"<a href=\"https:\/\/veteran.az\/?cat=13\" rel=\"category\">T\u0259brik<\/a>","tag_info":"T\u0259brik","comment_count":"0","_links":{"self":[{"href":"https:\/\/veteran.az\/index.php?rest_route=\/wp\/v2\/posts\/857","targetHints":{"allow":["GET"]}}],"collection":[{"href":"https:\/\/veteran.az\/index.php?rest_route=\/wp\/v2\/posts"}],"about":[{"href":"https:\/\/veteran.az\/index.php?rest_route=\/wp\/v2\/types\/post"}],"author":[{"embeddable":true,"href":"https:\/\/veteran.az\/index.php?rest_route=\/wp\/v2\/users\/3"}],"replies":[{"embeddable":true,"href":"https:\/\/veteran.az\/index.php?rest_route=%2Fwp%2Fv2%2Fcomments&post=857"}],"version-history":[{"count":1,"href":"https:\/\/veteran.az\/index.php?rest_route=\/wp\/v2\/posts\/857\/revisions"}],"predecessor-version":[{"id":859,"href":"https:\/\/veteran.az\/index.php?rest_route=\/wp\/v2\/posts\/857\/revisions\/859"}],"wp:featuredmedia":[{"embeddable":true,"href":"https:\/\/veteran.az\/index.php?rest_route=\/wp\/v2\/media\/858"}],"wp:attachment":[{"href":"https:\/\/veteran.az\/index.php?rest_route=%2Fwp%2Fv2%2Fmedia&parent=857"}],"wp:term":[{"taxonomy":"category","embeddable":true,"href":"https:\/\/veteran.az\/index.php?rest_route=%2Fwp%2Fv2%2Fcategories&post=857"},{"taxonomy":"post_tag","embeddable":true,"href":"https:\/\/veteran.az\/index.php?rest_route=%2Fwp%2Fv2%2Ftags&post=857"}],"curies":[{"name":"wp","href":"https:\/\/api.w.org\/{rel}","templated":true}]}}