{"id":8478,"date":"2021-02-23T01:48:28","date_gmt":"2021-02-22T21:48:28","guid":{"rendered":"http:\/\/veteran.az\/?p=8478"},"modified":"2021-02-23T01:48:29","modified_gmt":"2021-02-22T21:48:29","slug":"avropa-birliyind%c9%99n-rusiyaya-navalni-sanksiyasi","status":"publish","type":"post","link":"https:\/\/veteran.az\/?p=8478","title":{"rendered":"Avropa Birliyind\u0259n Rusiyaya &#171;Navaln\u0131 SANKS\u0130YASI&#187;"},"content":{"rendered":"\n<p><strong>Avropa Birliyi (AB) \u00f6lk\u0259l\u0259rinin xarici i\u015fl\u0259r nazirl\u0259ri m\u00fcxalif\u0259t lideri Aleksey Navaln\u0131n\u0131n h\u0259bsin\u0259 g\u00f6r\u0259 Rusiyaya qar\u015f\u0131 sanksiyalar t\u0259tbiq etm\u0259kl\u0259 ba\u011fl\u0131 q\u0259rar veribl\u0259r.<\/strong><\/p>\n\n\n\n<p><strong><a target=\"_blank\" href=\"https:\/\/publika.az\/\" rel=\"noreferrer noopener\">Publika.az<\/a><\/strong>&nbsp;&#171;TRT Haber&#187;\u0259 istinadla x\u0259b\u0259r verir ki, bu bar\u0259d\u0259 Avropa \u0130ttifaq\u0131n\u0131n Xarici \u0130\u015fl\u0259r v\u0259 T\u0259hl\u00fck\u0259sizlik Siyas\u0259ti \u00fczr\u0259 Y\u00fcks\u0259k N\u00fcmay\u0259nd\u0259si Cozef Borel a\u00e7\u0131qlama verib.<\/p>\n\n\n\n<p>Borel bildirib ki, Rusiya AB-d\u0259n uzaqla\u015f\u0131b:<\/p>\n\n\n\n<p>&#171;Navaln\u0131n\u0131n v\u0259ziyy\u0259ti il\u0259 \u0259laq\u0259dar olaraq, onun h\u0259bsind\u0259 v\u0259 c\u0259zaland\u0131r\u0131lmas\u0131nda cavabden olan \u015f\u0259xsl\u0259r daxil olmaqla, Rusiya qar\u015f\u0131 m\u0259hdudla\u015fd\u0131r\u0131c\u0131 t\u0259dbirl\u0259rin t\u0259tbiq edilm\u0259si \u00fc\u00e7\u00fcn siyasi q\u0259rar verdik&#187;.<\/p>\n\n\n\n<p>&#171;M\u0259hdudla\u015fd\u0131r\u0131c\u0131 t\u0259dbirl\u0259rin t\u0259tbiqi \u00fc\u00e7\u00fcn AB-nin 2020-ci ilin dekabr\u0131nda ba\u015flatd\u0131\u011f\u0131 Qlobal \u0130nsan H\u00fcquqlar\u0131 Sanksiyalar Rejimini ilk d\u0259f\u0259 t\u0259tbiq etdik. Sanksiyalar\u0131n haz\u0131rlanmas\u0131 prosesi bu g\u00fcnd\u0259n etibar\u0259n ba\u015flad\u0131. Konkret t\u0259klifl\u0259r verildi v\u0259 t\u0259dbirl\u0259rin bir h\u0259ft\u0259 \u0259rzind\u0259 haz\u0131r olaca\u011f\u0131n\u0131 g\u00f6zl\u0259yir\u0259m. Rusiyada siyasi v\u0259 m\u0259d\u0259ni haqlar\u0131, azadl\u0131\u011f\u0131 m\u00fcdafi\u0259 ed\u0259nl\u0259r\u0259 d\u0259st\u0259yimiz davam ed\u0259c\u0259k&#187;, &#8212; dey\u0259 Borel bildirib.<\/p>\n","protected":false},"excerpt":{"rendered":"<p>Avropa Birliyi (AB) \u00f6lk\u0259l\u0259rinin xarici i\u015fl\u0259r nazirl\u0259ri m\u00fcxalif\u0259t lideri Aleksey Navaln\u0131n\u0131n h\u0259bsin\u0259 g\u00f6r\u0259 Rusiyaya qar\u015f\u0131&#8230;<\/p>\n","protected":false},"author":3,"featured_media":8479,"comment_status":"closed","ping_status":"closed","sticky":false,"template":"","format":"standard","meta":{"footnotes":""},"categories":[7],"tags":[],"class_list":["post-8478","post","type-post","status-publish","format-standard","has-post-thumbnail","hentry","category-dunya"],"featured_image_urls":{"full":["https:\/\/veteran.az\/wp-content\/uploads\/2021\/02\/avropa_birliyi_sanksiya.jpg",800,450,false],"thumbnail":["https:\/\/veteran.az\/wp-content\/uploads\/2021\/02\/avropa_birliyi_sanksiya-150x150.jpg",150,150,true],"medium":["https:\/\/veteran.az\/wp-content\/uploads\/2021\/02\/avropa_birliyi_sanksiya-300x169.jpg",300,169,true],"medium_large":["https:\/\/veteran.az\/wp-content\/uploads\/2021\/02\/avropa_birliyi_sanksiya-768x432.jpg",640,360,true],"large":["https:\/\/veteran.az\/wp-content\/uploads\/2021\/02\/avropa_birliyi_sanksiya.jpg",640,360,false],"1536x1536":["https:\/\/veteran.az\/wp-content\/uploads\/2021\/02\/avropa_birliyi_sanksiya.jpg",800,450,false],"2048x2048":["https:\/\/veteran.az\/wp-content\/uploads\/2021\/02\/avropa_birliyi_sanksiya.jpg",800,450,false],"covernews-slider-full":["https:\/\/veteran.az\/wp-content\/uploads\/2021\/02\/avropa_birliyi_sanksiya.jpg",800,450,false],"covernews-slider-center":["https:\/\/veteran.az\/wp-content\/uploads\/2021\/02\/avropa_birliyi_sanksiya.jpg",800,450,false],"covernews-featured":["https:\/\/veteran.az\/wp-content\/uploads\/2021\/02\/avropa_birliyi_sanksiya.jpg",800,450,false],"covernews-medium":["https:\/\/veteran.az\/wp-content\/uploads\/2021\/02\/avropa_birliyi_sanksiya-720x380.jpg",540,285,true],"covernews-medium-square":["https:\/\/veteran.az\/wp-content\/uploads\/2021\/02\/avropa_birliyi_sanksiya-675x450.jpg",375,250,true]},"author_info":{"display_name":"Veteran.az","author_link":"https:\/\/veteran.az\/?author=3"},"category_info":"<a href=\"https:\/\/veteran.az\/?cat=7\" rel=\"category\">D\u00fcnya<\/a>","tag_info":"D\u00fcnya","comment_count":"0","_links":{"self":[{"href":"https:\/\/veteran.az\/index.php?rest_route=\/wp\/v2\/posts\/8478","targetHints":{"allow":["GET"]}}],"collection":[{"href":"https:\/\/veteran.az\/index.php?rest_route=\/wp\/v2\/posts"}],"about":[{"href":"https:\/\/veteran.az\/index.php?rest_route=\/wp\/v2\/types\/post"}],"author":[{"embeddable":true,"href":"https:\/\/veteran.az\/index.php?rest_route=\/wp\/v2\/users\/3"}],"replies":[{"embeddable":true,"href":"https:\/\/veteran.az\/index.php?rest_route=%2Fwp%2Fv2%2Fcomments&post=8478"}],"version-history":[{"count":1,"href":"https:\/\/veteran.az\/index.php?rest_route=\/wp\/v2\/posts\/8478\/revisions"}],"predecessor-version":[{"id":8480,"href":"https:\/\/veteran.az\/index.php?rest_route=\/wp\/v2\/posts\/8478\/revisions\/8480"}],"wp:featuredmedia":[{"embeddable":true,"href":"https:\/\/veteran.az\/index.php?rest_route=\/wp\/v2\/media\/8479"}],"wp:attachment":[{"href":"https:\/\/veteran.az\/index.php?rest_route=%2Fwp%2Fv2%2Fmedia&parent=8478"}],"wp:term":[{"taxonomy":"category","embeddable":true,"href":"https:\/\/veteran.az\/index.php?rest_route=%2Fwp%2Fv2%2Fcategories&post=8478"},{"taxonomy":"post_tag","embeddable":true,"href":"https:\/\/veteran.az\/index.php?rest_route=%2Fwp%2Fv2%2Ftags&post=8478"}],"curies":[{"name":"wp","href":"https:\/\/api.w.org\/{rel}","templated":true}]}}