{"id":8392,"date":"2021-02-14T15:37:33","date_gmt":"2021-02-14T11:37:33","guid":{"rendered":"http:\/\/veteran.az\/?p=8392"},"modified":"2021-02-14T15:37:34","modified_gmt":"2021-02-14T11:37:34","slug":"rusiyanin-b%c9%99zi-%c9%99razil%c9%99ri-turkiy%c9%99nin-n%c9%99zar%c9%99tin%c9%99-kec%c9%99c%c9%99k-abs-in-kolg%c9%99-k%c9%99sfiyyati","status":"publish","type":"post","link":"https:\/\/veteran.az\/?p=8392","title":{"rendered":"&#171;Rusiyan\u0131n b\u0259zi \u0259razil\u0259ri T\u00fcrkiy\u0259nin n\u0259zar\u0259tin\u0259 ke\u00e7\u0259c\u0259k&#187; &#8212; AB\u015e-\u0131n k\u00f6lg\u0259 k\u0259\u015ffiyyat\u0131"},"content":{"rendered":"\n<h4 class=\"wp-block-heading\">T\u00fcrkiy\u0259nin geopolitik t\u0259sir dair\u0259sinin geni\u015fl\u0259nm\u0259si Rusiyan\u0131 h\u0259y\u0259canland\u0131r\u0131b.<\/h4>\n\n\n\n<p><strong>Bizimyol.info<\/strong>&nbsp;x\u0259b\u0259r verir ki, AB\u015e-\u0131n &#171;Stratfor&#187; siyasi ara\u015fd\u0131rmalar m\u0259rk\u0259zinin proqnozu t\u0259kc\u0259 Rusiyada deyil, h\u0259m\u00e7inin Erm\u0259nistanda da xof yarad\u0131b.<\/p>\n\n\n\n<p>Ayr\u0131ca olaraq qeyd ed\u0259k ki, &#171;Stratfor&#187; geosiyasi k\u0259\u015ffiyyat platformas\u0131d\u0131r v\u0259 AB\u015e-\u0131n M\u0259rk\u0259zi K\u0259\u015ffiyyat \u0130dar\u0259sin\u0259 yax\u0131nl\u0131\u011f\u0131 il\u0259 tan\u0131n\u0131r. \u015e\u00fcbh\u0259 yoxdur ki, t\u0259\u015fkilat 2050-ci il T\u00fcrkiy\u0259 x\u0259rit\u0259sini d\u0259 k\u0259\u015ffiyyat qurumlar\u0131ndan \u0259ld\u0259 edib. T\u0259sad\u00fcfi deyil ki, bu t\u0259\u015fkilat AB\u015e-\u0131n &#171;k\u00f6lg\u0259 k\u0259\u015ffiyyat\u0131&#187; kimi tan\u0131n\u0131r.<\/p>\n\n\n\n<p>AB\u015e t\u0259dqiqat\u00e7\u0131lar\u0131 T\u00fcrkiy\u0259nin faktiki olaraq Osmanl\u0131 imperiyas\u0131n\u0131 yeni formatda b\u0259rpa etdiyini bildirir v\u0259 bu i\u015fin 2050-ci il\u0259 q\u0259d\u0259r praktik olaraq tamamlanaca\u011f\u0131n\u0131 proqnoz edir.<\/p>\n\n\n\n<p>Xat\u0131rladaq ki, TRT kanal\u0131 &#171;Stratfor&#187;-a istinad\u0259n T\u00fcrkiy\u0259nin g\u0259l\u0259c\u0259k t\u0259sir dair\u0259sini \u0259ks etdir\u0259n x\u0259rit\u0259ni yay\u0131mlay\u0131b. N\u0259 q\u0259d\u0259r q\u0259rib\u0259 olsa da, bu prqnozlar\u0131 AB\u015e t\u0259dqiqat\u00e7\u0131lar\u0131 yayd\u0131qlar\u0131 zaman o q\u0259d\u0259r d\u0259 diqq\u0259ti c\u0259lb etm\u0259yib, amma T\u00fcrkiy\u0259 televiziyas\u0131 yay\u0131mlayan kimi regionda h\u0259y\u0259can yarad\u0131b. Rusiyada v\u0259 Erm\u0259nistanda TRT kanal\u0131n\u0131n reportaj\u0131n\u0131 T\u00fcrkiy\u0259nin ciddi niyy\u0259ti kimi q\u0259bul edibl\u0259r.<\/p>\n\n\n\n<p>Yeni x\u0259rt\u0259y\u0259 \u0259sas\u0259n, 2050-ci il\u0259 q\u0259d\u0259r Erm\u0259nistan, G\u00fcrc\u00fcstan, Qafqaz da daxil olmaqla Rusiyan\u0131n b\u00fct\u00fcn c\u0259nub b\u00f6lg\u0259l\u0259ri, Kr\u0131m, Qazax\u0131stan v\u0259 T\u00fcrkm\u0259nistan, Yunan\u0131stan\u0131n m\u00fc\u0259yy\u0259n torpaqlar\u0131, el\u0259c\u0259 d\u0259 Fars K\u00f6rf\u0259zinin neft \u00f6lk\u0259l\u0259ri, o c\u00fcml\u0259d\u0259n Misir, Suriya, Livan, \u0130raq, \u0130ordaniya, S\u0259udiyy\u0259 \u018fr\u0259bistan\u0131, Oman, Liviya v\u0259 s. T\u00fcrkiy\u0259nin n\u00fcfuz dair\u0259sind\u0259 olacaq. X\u0259rit\u0259d\u0259 Az\u0259rbaycan da var, amma t\u0259bii ki, bu detal diqq\u0259ti c\u0259lb etmir. \u00c7\u00fcnki Az\u0259rbaycan\u0131n T\u00fcrkiy\u0259 il\u0259 qarda\u015fl\u0131q m\u00fcnasib\u0259tl\u0259ri d\u00fcnyada he\u00e7 kim\u0259 sirr deyil.<\/p>\n\n\n\n<p>T\u0259dqiqatlar qeyri-r\u0259smidir v\u0259 T\u00fcrkiy\u0259 h\u00f6kum\u0259ti d\u0259 bu bar\u0259d\u0259 r\u0259smi a\u00e7\u0131qlama verm\u0259yib. Ona gpr\u0259 d\u0259 Rusiyan\u0131n r\u0259smi qurumlar\u0131 da bu bar\u0259d\u0259 h\u0259r hans\u0131 a\u00e7\u0131qlama vermirl\u0259r. Amma Moskva \u00f6z m\u00f6vqeyini ifad\u0259 etm\u0259k \u00fc\u00e7\u00fcn h\u0259mi\u015f\u0259ki kimi &#171;x\u0131rdaba\u015f&#187;lar\u0131 qaba\u011fa verib.<\/p>\n\n\n\n<p>Rusiyan\u0131n Ukraynadan ilhaq etdiyi Kr\u0131m &#171;parlamenti&#187;nin xalq diplomatiyas\u0131 v\u0259 mill\u0259tl\u0259raras\u0131 m\u00fcnasib\u0259tl\u0259r komit\u0259sinin r\u0259hb\u0259ri Yuri Gempel x\u0259rit\u0259d\u0259n q\u0259z\u0259bl\u0259nib: &#171;T\u00fcrkiy\u0259nin d\u00f6vl\u0259t televiziya kanal\u0131 olan TRT t\u0259r\u0259find\u0259n g\u00f6st\u0259ril\u0259n v\u0259 Ankaran\u0131n t\u0259sir zonas\u0131n\u0131n geni\u015fl\u0259nm\u0259sini n\u0259z\u0259rd\u0259 tutan x\u0259rit\u0259 g\u00fcl\u00fcnc g\u00f6r\u00fcn\u00fcr, T\u00fcrkiy\u0259 bu c\u00fcr x\u0259yallar\u0131 bir k\u0259nara atmal\u0131d\u0131r&#187;. Y.Gempelin isterik a\u00e7\u0131qlamas\u0131n\u0131 Rusiyan\u0131n &#171;R\u0130A Novosti&#187; agentliyi yay\u0131b.<\/p>\n\n\n\n<p>TRT kanal\u0131n\u0131n reportaj\u0131n\u0131 ayr\u0131ca olaraq &#171;Voenniy Obozrevatel&#187; n\u0259\u015fri \u00f6z sosial \u015f\u0259b\u0259k\u0259 hesablar\u0131nda da yay\u0131b v\u0259 T\u00fcrkiy\u0259 haqq\u0131nda xeyli nifr\u0259t \u015f\u0259rhl\u0259ri yaz\u0131l\u0131b. Reaksiyalardan ayd\u0131n g\u00f6r\u00fcn\u00fcr ki, Rusiya ictimaiyy\u0259ti bir yandan bu x\u0259rit\u0259ni &#171;x\u0259yal&#187; adland\u0131r\u0131r, dig\u0259r t\u0259r\u0259fd\u0259n proqnozlar\u0131 ciddi q\u0259bul etdikl\u0259rin\u0259 g\u00f6r\u0259 isteriya hal\u0131na d\u00fc\u015f\u00fcrl\u0259r. T\u0259s\u0259vv\u00fcr edin ki, &#171;Stratfor&#187; G\u00fcrc\u00fcstan\u0131n imperiya yaradaca\u011f\u0131n\u0131 proqnoz ets\u0259ydi, Rusiyada buna m\u00fcnasib\u0259t bildirm\u0259y\u0259 vaxt da ay\u0131rmazd\u0131lar. Amma T\u00fcrkiy\u0259 ba\u015fqa m\u0259s\u0259l\u0259dir v\u0259 bu d\u00f6vl\u0259tin g\u00fcc\u00fcn\u00fc \u0259n az\u0131 Az\u0259rbaycan torpaqlar\u0131n\u0131n azad olunmas\u0131 prosesind\u0259 g\u00f6r\u00fcbl\u0259r.<\/p>\n\n\n\n<figure class=\"wp-block-image size-large\"><img loading=\"lazy\" decoding=\"async\" width=\"651\" height=\"388\" src=\"http:\/\/veteran.az\/wp-content\/uploads\/2021\/02\/2021-02-13_164126.jpg\" alt=\"\" class=\"wp-image-8393\" srcset=\"https:\/\/veteran.az\/wp-content\/uploads\/2021\/02\/2021-02-13_164126.jpg 651w, https:\/\/veteran.az\/wp-content\/uploads\/2021\/02\/2021-02-13_164126-300x179.jpg 300w\" sizes=\"auto, (max-width: 651px) 100vw, 651px\" \/><\/figure>\n\n\n\n<p>El\u0259 ona g\u00f6r\u0259 d\u0259 Kremlin Kr\u0131mdak\u0131 &#171;adam\u0131&#187; Gempel a\u00e7\u0131qlamalar\u0131nda \u0259s\u0259biliyini gizl\u0259d\u0259 bilmir: &#171;Bu, \u00e7ox g\u00fcl\u00fcnc g\u00f6r\u00fcn\u00fcr v\u0259 fantastika janr\u0131n\u0131n bir n\u00fcmun\u0259sin\u0259 b\u0259nz\u0259yir. T\u00fcrkiy\u0259 t\u0259r\u0259fin\u0259 Rusiya \u0259razisi il\u0259 ba\u011fl\u0131 qurdu\u011fu x\u0259yallardan imtina etm\u0259yi t\u00f6vsiy\u0259 ed\u0259 bil\u0259rik, \u0259ks halda bu d\u0259r\u0259c\u0259d\u0259 h\u0259dsiz i\u015ftaha s\u0259b\u0259bind\u0259n z\u0259rb\u0259 alt\u0131na d\u00fc\u015fm\u0259k olar&#187;.<\/p>\n\n\n\n<p>Onun s\u00f6zl\u0259rin\u0259 g\u00f6r\u0259, T\u00fcrkiy\u0259 Ukraynan\u0131n n\u0259zar\u0259tind\u0259 oldu\u011fu vaxtlarda Kr\u0131m\u0131 f\u0259al \u015f\u0259kild\u0259 g\u00f6zd\u0259n ke\u00e7irirdi, daha sonra yar\u0131madada aktiv t\u0259bli\u011fat v\u0259 maliyy\u0259 f\u0259aliyy\u0259tl\u0259ri qurmu\u015fdu: &#171;\u0130ndi Kr\u0131m Rusiyan\u0131n qanuni bir hiss\u0259sidir. Rusiya Ukrayna deyil, p\u0259rd\u0259arxas\u0131 oyunlar burada i\u015fl\u0259m\u0259y\u0259c\u0259k&#187;.<\/p>\n\n\n\n<p>Daha sonra &#171;R\u0130A-Novosti&#187; iddia edib ki, 2020-ci ilin yay\u0131nda T\u00fcrkiy\u0259 Silahl\u0131 Q\u00fcvv\u0259l\u0259ri Ba\u015f Q\u0259rargah\u0131n\u0131n gizli bir plan\u0131 \u00fcz\u0259 \u00e7\u0131x\u0131b. Plana \u0259sas\u0259n, T\u00fcrkiy\u0259 Yunan\u0131stan\u0131n bir hiss\u0259si v\u0259 Erm\u0259nistan\u0131 \u0259l\u0259 ke\u00e7irm\u0259yi n\u0259z\u0259r tutub. Bununla ba\u011fl\u0131 \u0259m\u0259liyyat da S\u0259lcuq \u0259miri \u00c7aka b\u0259yin \u015f\u0259r\u0259fin\u0259 &#171;\u00c7aka b\u0259y&#187; adland\u0131r\u0131l\u0131b. Rusiya n\u0259\u015fri yaz\u0131r ki, ke\u00e7\u0259n ilin noyabr\u0131nda T\u00fcrkiy\u0259 Prezidenti R\u0259c\u0259b Tayyib \u018frdo\u011fan \u00f6lk\u0259sinin yeni d\u00fcnya d\u00fcz\u0259nind\u0259 liderliyini elan edib v\u0259 ekspertl\u0259r bunu T\u00fcrkiy\u0259nin Osmanl\u0131 imperiyas\u0131 &nbsp;siyas\u0259tin\u0259 ke\u00e7idi kimi qiym\u0259tl\u0259ndirirl\u0259r.<\/p>\n\n\n\n<p>Qeyd ed\u0259k ki, Kr\u0131m\u0131n \u0259halisi t\u00fcrkdilli xalq olan tatarlard\u0131r. Ukraynan\u0131n \u0259razisi olan, amma haz\u0131rda Rusiyan\u0131n i\u015f\u011fal\u0131 alt\u0131nda qalan Kr\u0131mda \u0259hali aras\u0131nda T\u00fcrkiy\u0259nin v\u0259 ayr\u0131ca olaraq \u018frdo\u011fan\u0131n n\u00fcfuzu kifay\u0259t \u0259d\u0259r y\u00fcks\u0259kdir. Bir vaxtlar Kr\u0131m da Osmanl\u0131 imperiyas\u0131n\u0131n bir par\u00e7as\u0131 olub v\u0259 haz\u0131rda da yar\u0131madan\u0131n \u0259halisi T\u00fcrkiy\u0259 il\u0259 birlik perspektivl\u0259rin\u0259 isti yana\u015f\u0131r. Amma r\u0259smi Ankara d\u0259f\u0259l\u0259rl\u0259 bildirib ki, T\u00fcrkiy\u0259 Kr\u0131m\u0131 Ukraynan\u0131n bir par\u00e7as\u0131 olaraq tan\u0131y\u0131r.<\/p>\n\n\n\n<p>D\u00fcnya boyunca bir \u00e7ox ekspertl\u0259r proqnoz edirl\u0259r ki, tez-gec b\u00fct\u00fcn t\u00fcrkdilli \u0259razil\u0259r, o c\u00fcml\u0259d\u0259n haz\u0131rda Rusiyan\u0131n \u0259razisi olan b\u00f6lg\u0259l\u0259r, h\u0259m\u00e7inin Orta Asiya T\u00fcrkiy\u0259nin n\u00fcfuz dair\u0259sin\u0259 daxil olacaq.<\/p>\n","protected":false},"excerpt":{"rendered":"<p>T\u00fcrkiy\u0259nin geopolitik t\u0259sir dair\u0259sinin geni\u015fl\u0259nm\u0259si Rusiyan\u0131 h\u0259y\u0259canland\u0131r\u0131b. Bizimyol.info&nbsp;x\u0259b\u0259r verir ki, AB\u015e-\u0131n &#171;Stratfor&#187; siyasi ara\u015fd\u0131rmalar m\u0259rk\u0259zinin&#8230;<\/p>\n","protected":false},"author":3,"featured_media":8394,"comment_status":"closed","ping_status":"closed","sticky":false,"template":"","format":"standard","meta":{"footnotes":""},"categories":[6],"tags":[],"class_list":["post-8392","post","type-post","status-publish","format-standard","has-post-thumbnail","hentry","category-cmiyyt"],"featured_image_urls":{"full":["https:\/\/veteran.az\/wp-content\/uploads\/2021\/02\/2020-10-14_172913.jpg",764,412,false],"thumbnail":["https:\/\/veteran.az\/wp-content\/uploads\/2021\/02\/2020-10-14_172913-150x150.jpg",150,150,true],"medium":["https:\/\/veteran.az\/wp-content\/uploads\/2021\/02\/2020-10-14_172913-300x162.jpg",300,162,true],"medium_large":["https:\/\/veteran.az\/wp-content\/uploads\/2021\/02\/2020-10-14_172913.jpg",640,345,false],"large":["https:\/\/veteran.az\/wp-content\/uploads\/2021\/02\/2020-10-14_172913.jpg",640,345,false],"1536x1536":["https:\/\/veteran.az\/wp-content\/uploads\/2021\/02\/2020-10-14_172913.jpg",764,412,false],"2048x2048":["https:\/\/veteran.az\/wp-content\/uploads\/2021\/02\/2020-10-14_172913.jpg",764,412,false],"covernews-slider-full":["https:\/\/veteran.az\/wp-content\/uploads\/2021\/02\/2020-10-14_172913.jpg",764,412,false],"covernews-slider-center":["https:\/\/veteran.az\/wp-content\/uploads\/2021\/02\/2020-10-14_172913.jpg",764,412,false],"covernews-featured":["https:\/\/veteran.az\/wp-content\/uploads\/2021\/02\/2020-10-14_172913.jpg",764,412,false],"covernews-medium":["https:\/\/veteran.az\/wp-content\/uploads\/2021\/02\/2020-10-14_172913-720x380.jpg",540,285,true],"covernews-medium-square":["https:\/\/veteran.az\/wp-content\/uploads\/2021\/02\/2020-10-14_172913-675x412.jpg",400,244,true]},"author_info":{"display_name":"Veteran.az","author_link":"https:\/\/veteran.az\/?author=3"},"category_info":"<a href=\"https:\/\/veteran.az\/?cat=6\" rel=\"category\">C\u0259miyy\u0259t<\/a>","tag_info":"C\u0259miyy\u0259t","comment_count":"0","_links":{"self":[{"href":"https:\/\/veteran.az\/index.php?rest_route=\/wp\/v2\/posts\/8392","targetHints":{"allow":["GET"]}}],"collection":[{"href":"https:\/\/veteran.az\/index.php?rest_route=\/wp\/v2\/posts"}],"about":[{"href":"https:\/\/veteran.az\/index.php?rest_route=\/wp\/v2\/types\/post"}],"author":[{"embeddable":true,"href":"https:\/\/veteran.az\/index.php?rest_route=\/wp\/v2\/users\/3"}],"replies":[{"embeddable":true,"href":"https:\/\/veteran.az\/index.php?rest_route=%2Fwp%2Fv2%2Fcomments&post=8392"}],"version-history":[{"count":1,"href":"https:\/\/veteran.az\/index.php?rest_route=\/wp\/v2\/posts\/8392\/revisions"}],"predecessor-version":[{"id":8395,"href":"https:\/\/veteran.az\/index.php?rest_route=\/wp\/v2\/posts\/8392\/revisions\/8395"}],"wp:featuredmedia":[{"embeddable":true,"href":"https:\/\/veteran.az\/index.php?rest_route=\/wp\/v2\/media\/8394"}],"wp:attachment":[{"href":"https:\/\/veteran.az\/index.php?rest_route=%2Fwp%2Fv2%2Fmedia&parent=8392"}],"wp:term":[{"taxonomy":"category","embeddable":true,"href":"https:\/\/veteran.az\/index.php?rest_route=%2Fwp%2Fv2%2Fcategories&post=8392"},{"taxonomy":"post_tag","embeddable":true,"href":"https:\/\/veteran.az\/index.php?rest_route=%2Fwp%2Fv2%2Ftags&post=8392"}],"curies":[{"name":"wp","href":"https:\/\/api.w.org\/{rel}","templated":true}]}}