{"id":8287,"date":"2021-02-09T00:50:59","date_gmt":"2021-02-08T20:50:59","guid":{"rendered":"http:\/\/veteran.az\/?p=8287"},"modified":"2021-02-09T00:51:00","modified_gmt":"2021-02-08T20:51:00","slug":"%c9%99rdogan-v%c9%99-merkel-arasinda-muhum-muzakir%c9%99","status":"publish","type":"post","link":"https:\/\/veteran.az\/?p=8287","title":{"rendered":"\u018frdo\u011fan v\u0259 Merkel aras\u0131nda m\u00fch\u00fcm m\u00fczakir\u0259"},"content":{"rendered":"\n<p><strong>T\u00fcrkiy\u0259 Prezidenti R\u0259c\u0259b Tayyib \u018frdo\u011fan v\u0259 Almaniya kansleri Angela Merkel aras\u0131nda videokonfrans format\u0131nda g\u00f6r\u00fc\u015f ba\u015f tutub.<\/strong><\/p>\n\n\n\n<p><a target=\"_blank\" href=\"https:\/\/axar.az\/\" rel=\"noreferrer noopener\">Axar.az<\/a>&nbsp;x\u0259b\u0259r verir ki, bu bar\u0259d\u0259 T\u00fcrkiy\u0259 Prezident Administrasiyas\u0131n\u0131n \u0130ctimaiyy\u0259tl\u0259 \u018flaq\u0259l\u0259r Administrasiyas\u0131 m\u0259lumat yay\u0131b.<\/p>\n\n\n\n<p>Liderl\u0259r T\u00fcrkiy\u0259- Avropa Birliyi (AB) m\u00fcnasib\u0259tl\u0259rini, regional v\u0259 ikit\u0259r\u0259fli \u0259laq\u0259l\u0259ri m\u00fczakir\u0259 edib.<\/p>\n","protected":false},"excerpt":{"rendered":"<p>T\u00fcrkiy\u0259 Prezidenti R\u0259c\u0259b Tayyib \u018frdo\u011fan v\u0259 Almaniya kansleri Angela Merkel aras\u0131nda videokonfrans format\u0131nda g\u00f6r\u00fc\u015f ba\u015f&#8230;<\/p>\n","protected":false},"author":3,"featured_media":8288,"comment_status":"closed","ping_status":"closed","sticky":false,"template":"","format":"standard","meta":{"footnotes":""},"categories":[7],"tags":[],"class_list":["post-8287","post","type-post","status-publish","format-standard","has-post-thumbnail","hentry","category-dunya"],"featured_image_urls":{"full":["https:\/\/veteran.az\/wp-content\/uploads\/2021\/02\/erdogan-merkel.jpg",660,390,false],"thumbnail":["https:\/\/veteran.az\/wp-content\/uploads\/2021\/02\/erdogan-merkel-150x150.jpg",150,150,true],"medium":["https:\/\/veteran.az\/wp-content\/uploads\/2021\/02\/erdogan-merkel-300x177.jpg",300,177,true],"medium_large":["https:\/\/veteran.az\/wp-content\/uploads\/2021\/02\/erdogan-merkel.jpg",640,378,false],"large":["https:\/\/veteran.az\/wp-content\/uploads\/2021\/02\/erdogan-merkel.jpg",640,378,false],"1536x1536":["https:\/\/veteran.az\/wp-content\/uploads\/2021\/02\/erdogan-merkel.jpg",660,390,false],"2048x2048":["https:\/\/veteran.az\/wp-content\/uploads\/2021\/02\/erdogan-merkel.jpg",660,390,false],"covernews-slider-full":["https:\/\/veteran.az\/wp-content\/uploads\/2021\/02\/erdogan-merkel.jpg",660,390,false],"covernews-slider-center":["https:\/\/veteran.az\/wp-content\/uploads\/2021\/02\/erdogan-merkel.jpg",660,390,false],"covernews-featured":["https:\/\/veteran.az\/wp-content\/uploads\/2021\/02\/erdogan-merkel.jpg",660,390,false],"covernews-medium":["https:\/\/veteran.az\/wp-content\/uploads\/2021\/02\/erdogan-merkel-660x380.jpg",540,311,true],"covernews-medium-square":["https:\/\/veteran.az\/wp-content\/uploads\/2021\/02\/erdogan-merkel.jpg",400,236,false]},"author_info":{"display_name":"Veteran.az","author_link":"https:\/\/veteran.az\/?author=3"},"category_info":"<a href=\"https:\/\/veteran.az\/?cat=7\" rel=\"category\">D\u00fcnya<\/a>","tag_info":"D\u00fcnya","comment_count":"0","_links":{"self":[{"href":"https:\/\/veteran.az\/index.php?rest_route=\/wp\/v2\/posts\/8287","targetHints":{"allow":["GET"]}}],"collection":[{"href":"https:\/\/veteran.az\/index.php?rest_route=\/wp\/v2\/posts"}],"about":[{"href":"https:\/\/veteran.az\/index.php?rest_route=\/wp\/v2\/types\/post"}],"author":[{"embeddable":true,"href":"https:\/\/veteran.az\/index.php?rest_route=\/wp\/v2\/users\/3"}],"replies":[{"embeddable":true,"href":"https:\/\/veteran.az\/index.php?rest_route=%2Fwp%2Fv2%2Fcomments&post=8287"}],"version-history":[{"count":1,"href":"https:\/\/veteran.az\/index.php?rest_route=\/wp\/v2\/posts\/8287\/revisions"}],"predecessor-version":[{"id":8289,"href":"https:\/\/veteran.az\/index.php?rest_route=\/wp\/v2\/posts\/8287\/revisions\/8289"}],"wp:featuredmedia":[{"embeddable":true,"href":"https:\/\/veteran.az\/index.php?rest_route=\/wp\/v2\/media\/8288"}],"wp:attachment":[{"href":"https:\/\/veteran.az\/index.php?rest_route=%2Fwp%2Fv2%2Fmedia&parent=8287"}],"wp:term":[{"taxonomy":"category","embeddable":true,"href":"https:\/\/veteran.az\/index.php?rest_route=%2Fwp%2Fv2%2Fcategories&post=8287"},{"taxonomy":"post_tag","embeddable":true,"href":"https:\/\/veteran.az\/index.php?rest_route=%2Fwp%2Fv2%2Ftags&post=8287"}],"curies":[{"name":"wp","href":"https:\/\/api.w.org\/{rel}","templated":true}]}}