{"id":8040,"date":"2021-01-30T01:34:32","date_gmt":"2021-01-29T21:34:32","guid":{"rendered":"http:\/\/veteran.az\/?p=8040"},"modified":"2021-01-30T01:34:33","modified_gmt":"2021-01-29T21:34:33","slug":"duyun%c9%99-dus%c9%99n-danisiqlar-r%c9%99smi-baki-erm%c9%99nistanin-absurd-t%c9%99l%c9%99bini-r%c9%99dd-edir","status":"publish","type":"post","link":"https:\/\/veteran.az\/?p=8040","title":{"rendered":"D\u00fcy\u00fcn\u0259 d\u00fc\u015f\u0259n dan\u0131\u015f\u0131qlar &#8212; R\u0259smi Bak\u0131 Erm\u0259nistan\u0131n absurd t\u0259l\u0259bini r\u0259dd edir"},"content":{"rendered":"\n<p><strong>10 noyabr at\u0259\u015fk\u0259s raz\u0131la\u015fmas\u0131n\u0131n b\u0259ndl\u0259rind\u0259n biri d\u0259 \u0259sirl\u0259rin m\u00fcbadil\u0259si m\u0259s\u0259l\u0259sidir. Bak\u0131 \u0259l\u0259 ke\u00e7iril\u0259n erm\u0259ni h\u0259rbi\u00e7il\u0259rin \u0259sirl\u0259rin m\u00fcbadil\u0259si siyah\u0131s\u0131na aid edilm\u0259m\u0259sind\u0259 israrl\u0131d\u0131r. \u00c7\u00fcnki onlar\u0131n aras\u0131nda 10 Noyabrdan sonra tutulan v\u0259 m\u00fcxt\u0259lif madd\u0259l\u0259rl\u0259 ittiham olunanlar da var.<a href=\"https:\/\/ednews.net\/\">\u00a0Eurasia Diary<\/a>\u00a0x\u0259b\u0259r verir ki, bu bar\u0259d\u0259 RBK m\u0259luma yay\u0131b.<\/strong><\/p>\n\n\n\n<p>Buna g\u00f6r\u0259, Erm\u0259nistan\u0131n Ba\u015f naziri Nikol Pa\u015finyan t\u0259nqid olunur. O, m\u00fcharib\u0259 bitdikd\u0259n sonra d\u0259f\u0259l\u0259rl\u0259 \u0259sirl\u0259rin geri qaytar\u0131lmas\u0131n\u0131n prioritet oldu\u011fu bar\u0259d\u0259 a\u00e7\u0131qlamalar verib.<\/p>\n\n\n\n<p>Az\u0259rbaycan tutulan \u015f\u0259xsl\u0259rin m\u00fcbadil\u0259 edilm\u0259m\u0259sini israrla t\u0259l\u0259b edir, \u00e7\u00fcnki onlar\u0131n b\u0259zil\u0259ri d\u00f6y\u00fc\u015f \u0259m\u0259liyyatlar\u0131 bitdikd\u0259n sonra tutulub, dig\u0259rl\u0259ri is\u0259 \u00fc\u00e7 madd\u0259 il\u0259 ittiham olunur &#8212; &#171;Muzdlu d\u00f6y\u00fc\u015f\u00e7\u00fc&#187;, &#171;Terror\u00e7uluq&#187; v\u0259 &#171;H\u0259rbi Cinay\u0259tl\u0259r&#187;. Bu bar\u0259d\u0259 \u00f6lk\u0259nin Xarici \u0130\u015fl\u0259r Nazirliyi RBK-nin r\u0259smi m\u00fcraci\u0259tin\u0259 cavab olaraq bildirib. Bundan \u0259lav\u0259, nazirlik raz\u0131la\u015fmalara \u0259sas\u0259n 60 n\u0259f\u0259rin \u0130r\u0259vana t\u0259hvil verildiyini deyib. Buna baxmayaraq, 28 yanvarda be\u015f \u0259sir Rusiyan\u0131n vasit\u0259\u00e7iliyi il\u0259 Erm\u0259nistana qaytar\u0131ld\u0131. Onlar\u0131 x\u00fcsusi aviareysd\u0259 Qaraba\u011fdak\u0131 Rusiya s\u00fclhm\u0259raml\u0131 missiyas\u0131n\u0131n komandiri R\u00fcst\u0259m Muradov m\u00fc\u015fayi\u0259t etdi.<\/p>\n\n\n\n<p>Erm\u0259nistan\u0131n \u0259sirl\u0259rin m\u00fcbadil\u0259si siyah\u0131s\u0131nda m\u00fcharib\u0259 bitdikd\u0259n sonra &#8212; dekabr\u0131n ortalar\u0131nda erm\u0259nil\u0259rin X\u00e7aberd adland\u0131rd\u0131qlar\u0131 k\u0259nd (az\u0259rbaycanca ad\u0131 &#8212; \u00c7aylaqqala) yax\u0131nl\u0131\u011f\u0131nda \u0259sir g\u00f6t\u00fcr\u00fclm\u00fc\u015f 62 n\u0259f\u0259r var. Erm\u0259ni h\u0259rb\u00e7il\u0259ri niy\u0259 orada yerl\u0259\u015fdirilib v\u0259 buna h\u00fcququ olub-olmad\u0131\u011f\u0131 h\u0259l\u0259 m\u0259lum deyil. Erm\u0259ni t\u0259r\u0259fi iddia edir ki, bu v\u0259 qon\u015fu k\u0259ndl\u0259r 10 noyabrda birg\u0259 b\u0259yanat imzaland\u0131\u011f\u0131 zaman onun n\u0259zar\u0259ti alt\u0131nda olub. Rusiyan\u0131n Xarici \u0130\u015fl\u0259r naziri Sergey Lavrov, 18 yanvar 2020-ci il\u0259 aid son m\u0259tbuat konfrans\u0131nda, Bak\u0131n\u0131n h\u0259min k\u0259nd yax\u0131nl\u0131\u011f\u0131nda \u0259sir g\u00f6t\u00fcr\u00fclm\u00fc\u015f 62 n\u0259f\u0259ri ekstradisiya etm\u0259k ist\u0259m\u0259diyini s\u00f6yl\u0259yib. \u00c7\u00fcnki onlar at\u0259\u015fk\u0259s elan edil\u0259nd\u0259n v\u0259 d\u00f6y\u00fc\u015f \u0259m\u0259liyyatlar\u0131ndan sonra Az\u0259rbaycan b\u00f6lm\u0259l\u0259ri t\u0259r\u0259find\u0259n qaytar\u0131lan \u0259raziy\u0259 daxil olublar, bu is\u0259 10 noyabr raz\u0131la\u015fmas\u0131n\u0131n \u015f\u0259rtl\u0259rin\u0259 uy\u011fun g\u0259lmir.<\/p>\n\n\n\n<p>K\u0259nd yax\u0131nl\u0131\u011f\u0131nda \u0259sir g\u00f6t\u00fcr\u00fcl\u0259nl\u0259rl\u0259 \u0259laq\u0259dar olaraq, Az\u0259rbaycan Xarici \u0130\u015fl\u0259r Nazirliyi rusiyal\u0131 nazirin yenid\u0259n s\u0259sl\u0259ndirdiyi versiyan\u0131 t\u0259krarlay\u0131b: \u201cOnlar (erm\u0259ni h\u0259rb\u00e7il\u0259ri &#8212; RBK) 2020-ci il noyabr ay\u0131n\u0131n sonunda, at\u0259\u015fk\u0259s v\u0259 b\u00fct\u00fcn h\u0259rbi \u0259m\u0259liyyatlar\u0131 t\u0259min ed\u0259n \u00fc\u00e7t\u0259r\u0259fli b\u0259yanat\u0131n imzalanmas\u0131ndan iki h\u0259ft\u0259d\u0259n \u00e7ox ke\u00e7\u0259nd\u0259n sonra Az\u0259rbaycan \u0259razil\u0259rin\u0259 g\u00f6nd\u0259rilib. Bu silahl\u0131 qrupla\u015fman\u0131n terror f\u0259aliyy\u0259ti n\u0259tic\u0259sind\u0259 \u0259sg\u0259rl\u0259rimiz v\u0259 m\u00fclki v\u0259t\u0259nda\u015flar\u0131m\u0131z \u00f6ld\u00fcr\u00fcl\u00fcb v\u0259 yaralan\u0131b. Az\u0259rbaycan qanunvericiliyind\u0259 n\u0259z\u0259rd\u0259 tutuldu\u011fu kimi, onlara qar\u015f\u0131 cinay\u0259t i\u015fi ba\u015flad\u0131l\u0131b&#187;.<\/p>\n","protected":false},"excerpt":{"rendered":"<p>10 noyabr at\u0259\u015fk\u0259s raz\u0131la\u015fmas\u0131n\u0131n b\u0259ndl\u0259rind\u0259n biri d\u0259 \u0259sirl\u0259rin m\u00fcbadil\u0259si m\u0259s\u0259l\u0259sidir. Bak\u0131 \u0259l\u0259 ke\u00e7iril\u0259n erm\u0259ni h\u0259rbi\u00e7il\u0259rin&#8230;<\/p>\n","protected":false},"author":3,"featured_media":8041,"comment_status":"closed","ping_status":"closed","sticky":false,"template":"","format":"standard","meta":{"footnotes":""},"categories":[10],"tags":[],"class_list":["post-8040","post","type-post","status-publish","format-standard","has-post-thumbnail","hentry","category-avmvib"],"featured_image_urls":{"full":["https:\/\/veteran.az\/wp-content\/uploads\/2021\/01\/photo_449063.jpg",750,463,false],"thumbnail":["https:\/\/veteran.az\/wp-content\/uploads\/2021\/01\/photo_449063-150x150.jpg",150,150,true],"medium":["https:\/\/veteran.az\/wp-content\/uploads\/2021\/01\/photo_449063-300x185.jpg",300,185,true],"medium_large":["https:\/\/veteran.az\/wp-content\/uploads\/2021\/01\/photo_449063.jpg",640,395,false],"large":["https:\/\/veteran.az\/wp-content\/uploads\/2021\/01\/photo_449063.jpg",640,395,false],"1536x1536":["https:\/\/veteran.az\/wp-content\/uploads\/2021\/01\/photo_449063.jpg",750,463,false],"2048x2048":["https:\/\/veteran.az\/wp-content\/uploads\/2021\/01\/photo_449063.jpg",750,463,false],"covernews-slider-full":["https:\/\/veteran.az\/wp-content\/uploads\/2021\/01\/photo_449063.jpg",750,463,false],"covernews-slider-center":["https:\/\/veteran.az\/wp-content\/uploads\/2021\/01\/photo_449063.jpg",750,463,false],"covernews-featured":["https:\/\/veteran.az\/wp-content\/uploads\/2021\/01\/photo_449063.jpg",750,463,false],"covernews-medium":["https:\/\/veteran.az\/wp-content\/uploads\/2021\/01\/photo_449063-720x380.jpg",540,285,true],"covernews-medium-square":["https:\/\/veteran.az\/wp-content\/uploads\/2021\/01\/photo_449063-675x450.jpg",375,250,true]},"author_info":{"display_name":"Veteran.az","author_link":"https:\/\/veteran.az\/?author=3"},"category_info":"<a href=\"https:\/\/veteran.az\/?cat=10\" rel=\"category\">AVMV\u0130B<\/a>","tag_info":"AVMV\u0130B","comment_count":"0","_links":{"self":[{"href":"https:\/\/veteran.az\/index.php?rest_route=\/wp\/v2\/posts\/8040","targetHints":{"allow":["GET"]}}],"collection":[{"href":"https:\/\/veteran.az\/index.php?rest_route=\/wp\/v2\/posts"}],"about":[{"href":"https:\/\/veteran.az\/index.php?rest_route=\/wp\/v2\/types\/post"}],"author":[{"embeddable":true,"href":"https:\/\/veteran.az\/index.php?rest_route=\/wp\/v2\/users\/3"}],"replies":[{"embeddable":true,"href":"https:\/\/veteran.az\/index.php?rest_route=%2Fwp%2Fv2%2Fcomments&post=8040"}],"version-history":[{"count":1,"href":"https:\/\/veteran.az\/index.php?rest_route=\/wp\/v2\/posts\/8040\/revisions"}],"predecessor-version":[{"id":8042,"href":"https:\/\/veteran.az\/index.php?rest_route=\/wp\/v2\/posts\/8040\/revisions\/8042"}],"wp:featuredmedia":[{"embeddable":true,"href":"https:\/\/veteran.az\/index.php?rest_route=\/wp\/v2\/media\/8041"}],"wp:attachment":[{"href":"https:\/\/veteran.az\/index.php?rest_route=%2Fwp%2Fv2%2Fmedia&parent=8040"}],"wp:term":[{"taxonomy":"category","embeddable":true,"href":"https:\/\/veteran.az\/index.php?rest_route=%2Fwp%2Fv2%2Fcategories&post=8040"},{"taxonomy":"post_tag","embeddable":true,"href":"https:\/\/veteran.az\/index.php?rest_route=%2Fwp%2Fv2%2Ftags&post=8040"}],"curies":[{"name":"wp","href":"https:\/\/api.w.org\/{rel}","templated":true}]}}