{"id":7440,"date":"2020-12-31T00:37:39","date_gmt":"2020-12-30T20:37:39","guid":{"rendered":"http:\/\/veteran.az\/?p=7440"},"modified":"2020-12-31T00:37:41","modified_gmt":"2020-12-30T20:37:41","slug":"c%c9%99sur-k%c9%99sfiyyatci-dostu-mubariz-ibrahimovun-qisasini-aldi-video","status":"publish","type":"post","link":"https:\/\/veteran.az\/?p=7440","title":{"rendered":"C\u0259sur k\u0259\u015ffiyyat\u00e7\u0131 dostu M\u00fcbariz \u0130brahimovun qisas\u0131n\u0131 ald\u0131 &#8212; V\u0130DEO"},"content":{"rendered":"\n<p><strong>A\u011fdam\u0131n Q\u0131z\u0131l K\u0259ng\u0259rli k\u0259ndind\u0259 &#171;Report&#187; \u0130nformasiya Agentliyinin \u00e7\u0259kili\u015f qrupu h\u0259rb\u00e7il\u0259rl\u0259 h\u0259ms\u00f6hb\u0259t olark\u0259n ayd\u0131n olur ki, onlar\u0131n V\u0259t\u0259nl\u0259 ba\u011fl\u0131 arzular\u0131 eynidir &#8212; qalib ordunun s\u0131ralar\u0131nda xidm\u0259t etdikl\u0259ri \u00fc\u00e7\u00fcn q\u00fcrur duyurlar, V\u0259t\u0259nin ke\u015fiyind\u0259 dayanma\u011f\u0131 \u00f6zl\u0259ri \u00fc\u00e7\u00fcn f\u0259xr bilirl\u0259r.<\/strong><\/p>\n\n\n\n<p>Gizir Ramil Bayramov bildirib ki, Milli Q\u0259hr\u0259man M\u00fcbariz \u0130brahimovla yax\u0131n dost olublar v\u0259 h\u0259r zaman arzusu olub ki, M\u00fcbarizin \u015f\u0259hid oldu\u011fu postu d\u00fc\u015fm\u0259nl\u0259rd\u0259n azad etsin: &#171;8 ildir ki, V\u0259t\u0259n\u0259 xidm\u0259t edir\u0259m. K\u0259\u015ffiyyat\u00e7\u0131 kimi xidm\u0259timl\u0259 f\u0259xr edir\u0259m, \u015f\u0259r\u0259fli pe\u015f\u0259dir. \u0130lk d\u00f6y\u00fc\u015fl\u0259rimiz ba\u015flad\u0131 Tal\u0131\u015f k\u0259ndi istiqam\u0259tind\u0259n, daha sonra M\u00fcbariz postundan. Biz bir gec\u0259d\u0259 27 postu d\u00fc\u015fm\u0259nd\u0259n azad etdik. R\u0259hm\u0259tlik M\u00fcbarizl\u0259 d\u0259 m\u0259n \u00e7ox yax\u0131n dost olmu\u015fuq. O postda d\u00f6y\u00fc\u015fm\u0259k m\u0259nim\u00e7\u00fcn x\u00fcsusi \u0259h\u0259miyy\u0259t k\u0259sb edirdi, \u00e7\u00fcnki bu m\u0259nim \u00e7oxdank\u0131 arzum idi. Biz\u0259 veril\u0259n d\u00f6y\u00fc\u015f tap\u015f\u0131r\u0131qlar\u0131n\u0131 layiqinc\u0259 yetirdik v\u0259 xalq\u0131m\u0131za q\u0259l\u0259b\u0259 sevincini ya\u015fatd\u0131q. T\u0259bii ki \u015f\u0259hidl\u0259rimiz oldu, Allah onlara da r\u0259hm\u0259t el\u0259sin valideynl\u0259rin\u0259 v\u0259 yax\u0131nlar\u0131na s\u0259br dil\u0259yir\u0259m, qazi qarda\u015flar\u0131m\u0131za da Tanr\u0131dan \u015f\u0259fa dil\u0259yir\u0259m. Ali ba\u015f komandana da \u00f6z t\u0259\u015f\u0259kk\u00fcr\u00fcm\u00fc bildirir\u0259m ki, m\u0259ni d\u00f6y\u00fc\u015fd\u0259 f\u0259rql\u0259nm\u0259y\u0259 g\u00f6r\u0259 medal\u0131 il\u0259 t\u0259ltif etdi. Xalq\u0131m\u0131z da sa\u011f olsun ki, bizim arxam\u0131zda da\u011f kimi dayand\u0131&#187;.<\/p>\n\n\n\n<p>\u018fsg\u0259r X\u0259z\u0259r \u018fliyev d\u0259 A\u011fdamda xidm\u0259t etm\u0259sind\u0259n f\u0259xr hiss ke\u00e7irdiyini dedi: &#171;M\u00fcharib\u0259nin ilk g\u00fcnl\u0259rind\u0259n xidm\u0259td\u0259y\u0259m. Suqovu\u015fandan A\u011fdama kimi d\u00f6y\u00fc\u015fl\u0259rd\u0259 i\u015ftirak etmi\u015f\u0259m. K\u0259\u015ffiyyat b\u00f6l\u00fcy\u00fcnd\u0259 5 ild\u0259n art\u0131qd\u0131r ki, xidm\u0259t edir\u0259m. H\u0259mi\u015f\u0259 ali ba\u015f komandan\u0131m\u0131z\u0131n \u0259mrini g\u00f6zl\u0259mi\u015fik ki torpaqlar\u0131m\u0131z\u0131 ya\u011f\u0131 d\u00fc\u015fm\u0259n \u0259lind\u0259n azad ed\u0259k. N\u0259hay\u0259t o g\u00fcn g\u0259ldi \u00e7atd\u0131, b\u00fct\u00fcn torpaqlar\u0131m\u0131z\u0131 m\u00fcz\u0259ff\u0259r ordumuz t\u0259r\u0259find\u0259n azad etdik. Allah \u015f\u0259hidl\u0259rimiz\u0259 d\u0259 r\u0259hm\u0259t el\u0259sin, qazil\u0259rimiz\u0259 d\u0259 can-sa\u011fl\u0131\u011f\u0131 versin. Biz m\u0259hz onlar\u0131n say\u0259sind\u0259 bu g\u00fcn ayaq \u00fcstd\u0259yik v\u0259 v\u0259t\u0259nimizin ke\u015fiyind\u0259yik.&#187;<\/p>\n\n\n\n<p>\u018fsg\u0259rl\u0259rl\u0259 s\u00f6hb\u0259td\u0259 onlar\u0131n t\u0259minat\u0131, maddi-texniki t\u0259chizat\u0131 il\u0259 maraqland\u0131q, \u00fcr\u0259kl\u0259rind\u0259 olan arzular\u0131 e\u015fitdik, \u00f6z yax\u0131nlar\u0131na salamlar\u0131n\u0131 \u00e7atd\u0131rd\u0131q. (Report)<\/p>\n\n\n\n<figure class=\"wp-block-embed is-type-video is-provider-youtube wp-block-embed-youtube wp-embed-aspect-16-9 wp-has-aspect-ratio\"><div class=\"wp-block-embed__wrapper\">\n<iframe loading=\"lazy\" title=\"M\u00fcbariz \u0130brahimovun qisas\u0131n\u0131 alan q\u0259hr\u0259man\" width=\"640\" height=\"360\" src=\"https:\/\/www.youtube.com\/embed\/-C_T5AIQXNs?feature=oembed\" frameborder=\"0\" allow=\"accelerometer; autoplay; clipboard-write; encrypted-media; gyroscope; picture-in-picture; web-share\" referrerpolicy=\"strict-origin-when-cross-origin\" allowfullscreen><\/iframe>\n<\/div><\/figure>\n","protected":false},"excerpt":{"rendered":"<p>A\u011fdam\u0131n Q\u0131z\u0131l K\u0259ng\u0259rli k\u0259ndind\u0259 &#171;Report&#187; \u0130nformasiya Agentliyinin \u00e7\u0259kili\u015f qrupu h\u0259rb\u00e7il\u0259rl\u0259 h\u0259ms\u00f6hb\u0259t olark\u0259n ayd\u0131n olur ki,&#8230;<\/p>\n","protected":false},"author":3,"featured_media":7441,"comment_status":"closed","ping_status":"closed","sticky":false,"template":"","format":"standard","meta":{"footnotes":""},"categories":[1],"tags":[],"class_list":["post-7440","post","type-post","status-publish","format-standard","has-post-thumbnail","hentry","category-qanunvericilik"],"featured_image_urls":{"full":["https:\/\/veteran.az\/wp-content\/uploads\/2020\/12\/1609318192_resize.jpg",750,422,false],"thumbnail":["https:\/\/veteran.az\/wp-content\/uploads\/2020\/12\/1609318192_resize-150x150.jpg",150,150,true],"medium":["https:\/\/veteran.az\/wp-content\/uploads\/2020\/12\/1609318192_resize-300x169.jpg",300,169,true],"medium_large":["https:\/\/veteran.az\/wp-content\/uploads\/2020\/12\/1609318192_resize.jpg",640,360,false],"large":["https:\/\/veteran.az\/wp-content\/uploads\/2020\/12\/1609318192_resize.jpg",640,360,false],"1536x1536":["https:\/\/veteran.az\/wp-content\/uploads\/2020\/12\/1609318192_resize.jpg",750,422,false],"2048x2048":["https:\/\/veteran.az\/wp-content\/uploads\/2020\/12\/1609318192_resize.jpg",750,422,false],"covernews-slider-full":["https:\/\/veteran.az\/wp-content\/uploads\/2020\/12\/1609318192_resize.jpg",750,422,false],"covernews-slider-center":["https:\/\/veteran.az\/wp-content\/uploads\/2020\/12\/1609318192_resize.jpg",750,422,false],"covernews-featured":["https:\/\/veteran.az\/wp-content\/uploads\/2020\/12\/1609318192_resize.jpg",750,422,false],"covernews-medium":["https:\/\/veteran.az\/wp-content\/uploads\/2020\/12\/1609318192_resize-720x380.jpg",540,285,true],"covernews-medium-square":["https:\/\/veteran.az\/wp-content\/uploads\/2020\/12\/1609318192_resize-675x422.jpg",400,250,true]},"author_info":{"display_name":"Veteran.az","author_link":"https:\/\/veteran.az\/?author=3"},"category_info":"<a href=\"https:\/\/veteran.az\/?cat=1\" rel=\"category\">Qanunvericilik<\/a>","tag_info":"Qanunvericilik","comment_count":"0","_links":{"self":[{"href":"https:\/\/veteran.az\/index.php?rest_route=\/wp\/v2\/posts\/7440","targetHints":{"allow":["GET"]}}],"collection":[{"href":"https:\/\/veteran.az\/index.php?rest_route=\/wp\/v2\/posts"}],"about":[{"href":"https:\/\/veteran.az\/index.php?rest_route=\/wp\/v2\/types\/post"}],"author":[{"embeddable":true,"href":"https:\/\/veteran.az\/index.php?rest_route=\/wp\/v2\/users\/3"}],"replies":[{"embeddable":true,"href":"https:\/\/veteran.az\/index.php?rest_route=%2Fwp%2Fv2%2Fcomments&post=7440"}],"version-history":[{"count":1,"href":"https:\/\/veteran.az\/index.php?rest_route=\/wp\/v2\/posts\/7440\/revisions"}],"predecessor-version":[{"id":7442,"href":"https:\/\/veteran.az\/index.php?rest_route=\/wp\/v2\/posts\/7440\/revisions\/7442"}],"wp:featuredmedia":[{"embeddable":true,"href":"https:\/\/veteran.az\/index.php?rest_route=\/wp\/v2\/media\/7441"}],"wp:attachment":[{"href":"https:\/\/veteran.az\/index.php?rest_route=%2Fwp%2Fv2%2Fmedia&parent=7440"}],"wp:term":[{"taxonomy":"category","embeddable":true,"href":"https:\/\/veteran.az\/index.php?rest_route=%2Fwp%2Fv2%2Fcategories&post=7440"},{"taxonomy":"post_tag","embeddable":true,"href":"https:\/\/veteran.az\/index.php?rest_route=%2Fwp%2Fv2%2Ftags&post=7440"}],"curies":[{"name":"wp","href":"https:\/\/api.w.org\/{rel}","templated":true}]}}