{"id":6916,"date":"2020-07-12T00:52:06","date_gmt":"2020-07-11T20:52:06","guid":{"rendered":"http:\/\/veteran.az\/?p=6916"},"modified":"2020-07-12T00:52:09","modified_gmt":"2020-07-11T20:52:09","slug":"erm%c9%99nistan-beyn%c9%99lxalq-iclasda-az%c9%99rbaycana-qarsi-t%c9%99xribata-%c9%99l-atdi","status":"publish","type":"post","link":"https:\/\/veteran.az\/?p=6916","title":{"rendered":"Erm\u0259nistan beyn\u0259lxalq iclasda Az\u0259rbaycana qar\u015f\u0131 t\u0259xribata \u0259l atd\u0131"},"content":{"rendered":"\n<p><strong>Erm\u0259nistan MDB-nin D\u00f6vl\u0259tl\u0259raras\u0131 Humanitar \u018fm\u0259kda\u015fl\u0131q Fondunun \u0130dar\u0259 hey\u0259tinin iclas\u0131nda Az\u0259rbaycana qar\u015f\u0131 t\u0259xribata \u0259l at\u0131b.<\/strong><\/p>\n\n\n\n<p><br>Az\u0259rbaycan\u0131n Rusiyadak\u0131 S\u0259firliyinin m\u0259tbuat xidm\u0259tind\u0259n APA-n\u0131n Moskva m\u00fcxbirin\u0259 veril\u0259n m\u0259lumata g\u00f6r\u0259, iyulun 9-da Fondun idar\u0259 hey\u0259tinin onlayn rejimd\u0259 ke\u00e7iril\u0259n iclas\u0131nda Erm\u0259nistan\u0131n t\u0259hsil, elm, m\u0259d\u0259niyy\u0259t v\u0259 idman nazirinin m\u00fcavini Ara Xzmalyan g\u00f6zl\u0259nilm\u0259d\u0259n MDB-nin D\u00f6vl\u0259tl\u0259raras\u0131 Humanitar \u018fm\u0259kda\u015fl\u0131q Fondunun \u0130dar\u0259 hey\u0259tinin s\u0259drinin vaxt\u0131ndan \u0259vv\u0259l yenid\u0259n se\u00e7ilm\u0259sini g\u00fcnd\u0259m\u0259 sal\u0131nmas\u0131 m\u0259s\u0259l\u0259sini qald\u0131r\u0131b:<\/p>\n\n\n\n<p> &#171;M\u0259lumat \u00fc\u00e7\u00fcn bildir\u0259k ki, Fondun \u0130dar\u0259 hey\u0259tin\u0259 s\u0259dr iki il m\u00fcdd\u0259tin\u0259 se\u00e7ilir. 2010-cu ild\u0259 Fondun \u0130dar\u0259 hey\u0259tin\u0259 Polad B\u00fclb\u00fclo\u011flu s\u0259drlik edir. Yeni se\u00e7kil\u0259r is\u0259 2020-ci ilin sonuna t\u0259yin olunub\u201d.<\/p>\n\n\n\n<p><br>M\u0259lumatda qeyd olunur ki, Erm\u0259nistan t\u0259r\u0259finin m\u0259lum t\u0259xribat\u0131 iclas i\u015ftirak\u00e7\u0131lar\u0131n\u0131n m\u0259nfi reaksiyas\u0131na s\u0259b\u0259b olub: &#171;Lakin Polad B\u00fclb\u00fclo\u011flu a\u00e7\u0131q demokratik se\u00e7kil\u0259rin ke\u00e7irildiyi daxili qaydalara uy\u011fun olaraq Ara Xzmalyan\u0131n m\u0259lum t\u0259klifini q\u0259bul edib v\u0259 m\u0259s\u0259l\u0259ni s\u0259sverm\u0259y\u0259 qoyub. <\/p>\n\n\n\n<p>N\u0259tic\u0259d\u0259 Erm\u0259nistan n\u00fcmay\u0259nd\u0259sinin t\u0259klifi sars\u0131d\u0131c\u0131 m\u0259\u011flubiyy\u0259t\u0259 u\u011fray\u0131b. MDB-y\u0259 9 \u00fczv d\u00f6vl\u0259tl\u0259rd\u0259n 8-in m\u0259d\u0259niyy\u0259t nazirl\u0259ri Az\u0259rbaycan n\u00fcmay\u0259nd\u0259sinin xidm\u0259ti t\u0259cr\u00fcb\u0259sini n\u0259z\u0259r\u0259 alaraq Erm\u0259nistan\u0131n t\u0259klifinin \u0259leyhin\u0259 s\u0259s veribl\u0259r. T\u0259\u0259cc\u00fcbl\u00fcd\u00fcr ki, se\u00e7kil\u0259r\u0259 alt\u0131 ay qalm\u0131\u015f Erm\u0259nistan bu c\u00fcr t\u0259klifl\u0259 \u00e7\u0131x\u0131\u015f edir. \u018fminik ki, bu, Az\u0259rbaycan n\u00fcmay\u0259nd\u0259sinin Fondun \u0130dar\u0259 Hey\u0259tinin s\u0259dri olmas\u0131 il\u0259 \u0259laq\u0259dard\u0131r. Bu s\u0259sverm\u0259 Polad B\u00fclb\u00fclo\u011flunun MDB m\u0259kan\u0131nda y\u00fcks\u0259k n\u00fcfuzunu bir daha t\u0259sdiql\u0259yib\u201d.<\/p>\n","protected":false},"excerpt":{"rendered":"<p>Erm\u0259nistan MDB-nin D\u00f6vl\u0259tl\u0259raras\u0131 Humanitar \u018fm\u0259kda\u015fl\u0131q Fondunun \u0130dar\u0259 hey\u0259tinin iclas\u0131nda Az\u0259rbaycana qar\u015f\u0131 t\u0259xribata \u0259l at\u0131b. Az\u0259rbaycan\u0131n&#8230;<\/p>\n","protected":false},"author":3,"featured_media":0,"comment_status":"closed","ping_status":"closed","sticky":false,"template":"","format":"standard","meta":{"footnotes":""},"categories":[10],"tags":[],"class_list":["post-6916","post","type-post","status-publish","format-standard","hentry","category-avmvib"],"featured_image_urls":{"full":"","thumbnail":"","medium":"","medium_large":"","large":"","1536x1536":"","2048x2048":"","covernews-slider-full":"","covernews-slider-center":"","covernews-featured":"","covernews-medium":"","covernews-medium-square":""},"author_info":{"display_name":"Veteran.az","author_link":"https:\/\/veteran.az\/?author=3"},"category_info":"<a href=\"https:\/\/veteran.az\/?cat=10\" rel=\"category\">AVMV\u0130B<\/a>","tag_info":"AVMV\u0130B","comment_count":"0","_links":{"self":[{"href":"https:\/\/veteran.az\/index.php?rest_route=\/wp\/v2\/posts\/6916","targetHints":{"allow":["GET"]}}],"collection":[{"href":"https:\/\/veteran.az\/index.php?rest_route=\/wp\/v2\/posts"}],"about":[{"href":"https:\/\/veteran.az\/index.php?rest_route=\/wp\/v2\/types\/post"}],"author":[{"embeddable":true,"href":"https:\/\/veteran.az\/index.php?rest_route=\/wp\/v2\/users\/3"}],"replies":[{"embeddable":true,"href":"https:\/\/veteran.az\/index.php?rest_route=%2Fwp%2Fv2%2Fcomments&post=6916"}],"version-history":[{"count":1,"href":"https:\/\/veteran.az\/index.php?rest_route=\/wp\/v2\/posts\/6916\/revisions"}],"predecessor-version":[{"id":6918,"href":"https:\/\/veteran.az\/index.php?rest_route=\/wp\/v2\/posts\/6916\/revisions\/6918"}],"wp:attachment":[{"href":"https:\/\/veteran.az\/index.php?rest_route=%2Fwp%2Fv2%2Fmedia&parent=6916"}],"wp:term":[{"taxonomy":"category","embeddable":true,"href":"https:\/\/veteran.az\/index.php?rest_route=%2Fwp%2Fv2%2Fcategories&post=6916"},{"taxonomy":"post_tag","embeddable":true,"href":"https:\/\/veteran.az\/index.php?rest_route=%2Fwp%2Fv2%2Ftags&post=6916"}],"curies":[{"name":"wp","href":"https:\/\/api.w.org\/{rel}","templated":true}]}}