{"id":6883,"date":"2020-07-09T03:36:11","date_gmt":"2020-07-08T23:36:11","guid":{"rendered":"http:\/\/veteran.az\/?p=6883"},"modified":"2020-07-09T03:36:13","modified_gmt":"2020-07-08T23:36:13","slug":"erm%c9%99nistanda-milyoncu-deputatin-daha-bir-silahdasi-h%c9%99bs-edildi","status":"publish","type":"post","link":"https:\/\/veteran.az\/?p=6883","title":{"rendered":"Erm\u0259nistanda milyon\u00e7u deputat\u0131n daha bir silahda\u015f\u0131 h\u0259bs edildi"},"content":{"rendered":"\n<p><strong>Erm\u0259nistan parlamentinin ke\u00e7mi\u015f deputat\u0131\u00a0Vanik Astryan\u00a0h\u0259bs edilib<\/strong>.<\/p>\n\n\n\n<p>\u201cReport\u201d \u201c1in.am\u201da istinad\u0259n x\u0259b\u0259r verir ki, \u00f6lk\u0259nin Milli T\u0259hl\u00fck\u0259sizlik Xidm\u0259ti m\u0259lumat\u0131 t\u0259sdiql\u0259yib.<\/p>\n\n\n\n<p>O, r\u00fc\u015fv\u0259t verm\u0259kd\u0259 ittiham olunur. Haz\u0131rda ara\u015fd\u0131rmalar\u0131 davam ed\u0259n h\u0259min cinay\u0259t i\u015find\u0259 \u00c7i\u00e7\u0259kl\u0259n\u0259n Erm\u0259nistan Partiyas\u0131n\u0131n s\u0259dri, milyon\u00e7u deputat Qaqik Sarukyan\u0131n da ad\u0131 hallan\u0131r.&nbsp;<\/p>\n\n\n\n<p>Qeyd ed\u0259k ki, V.Astryan 1956-c\u0131 ild\u0259 anadan olub. M\u00fcxt\u0259lif v\u0259zif\u0259l\u0259rd\u0259 i\u015fl\u0259yib. O, 2017-ci il aprelin 2-d\u0259 Q.Sarukyan\u0131n partiyas\u0131nda \u0259razi se\u00e7ki m\u0259nt\u0259q\u0259si \u00fczr\u0259 siyah\u0131 il\u0259 deputat olub.<\/p>\n\n\n\n<p>Q.Sarukyan 2017-ci ild\u0259 ke\u00e7iril\u0259n parlament se\u00e7kil\u0259rind\u0259 se\u00e7icil\u0259rin s\u0259sini qazanmaq \u00fc\u00e7\u00fcn&nbsp;<a href=\"https:\/\/report.az\/analitika\/ermenistanda-cokdurulen-muxalifet-ucluyu-serh\/\">r\u00fc\u015fv\u0259t verm\u0259kd\u0259 ittiham olunur<\/a>. Bir m\u00fcdd\u0259t \u0259vv\u0259l onun partiyas\u0131ndan olan ke\u00e7mi\u015f deputat Abraam Manukyan&nbsp;<a href=\"https:\/\/report.az\/region-xeberleri\/ermenistanin-kecmis-deputati-hebs-edilib\/\">h\u0259bs edilib.<\/a><\/p>\n","protected":false},"excerpt":{"rendered":"<p>Erm\u0259nistan parlamentinin ke\u00e7mi\u015f deputat\u0131\u00a0Vanik Astryan\u00a0h\u0259bs edilib. \u201cReport\u201d \u201c1in.am\u201da istinad\u0259n x\u0259b\u0259r verir ki, \u00f6lk\u0259nin Milli T\u0259hl\u00fck\u0259sizlik&#8230;<\/p>\n","protected":false},"author":3,"featured_media":0,"comment_status":"closed","ping_status":"closed","sticky":false,"template":"","format":"standard","meta":{"footnotes":""},"categories":[7],"tags":[],"class_list":["post-6883","post","type-post","status-publish","format-standard","hentry","category-dunya"],"featured_image_urls":{"full":"","thumbnail":"","medium":"","medium_large":"","large":"","1536x1536":"","2048x2048":"","covernews-slider-full":"","covernews-slider-center":"","covernews-featured":"","covernews-medium":"","covernews-medium-square":""},"author_info":{"display_name":"Veteran.az","author_link":"https:\/\/veteran.az\/?author=3"},"category_info":"<a href=\"https:\/\/veteran.az\/?cat=7\" rel=\"category\">D\u00fcnya<\/a>","tag_info":"D\u00fcnya","comment_count":"0","_links":{"self":[{"href":"https:\/\/veteran.az\/index.php?rest_route=\/wp\/v2\/posts\/6883","targetHints":{"allow":["GET"]}}],"collection":[{"href":"https:\/\/veteran.az\/index.php?rest_route=\/wp\/v2\/posts"}],"about":[{"href":"https:\/\/veteran.az\/index.php?rest_route=\/wp\/v2\/types\/post"}],"author":[{"embeddable":true,"href":"https:\/\/veteran.az\/index.php?rest_route=\/wp\/v2\/users\/3"}],"replies":[{"embeddable":true,"href":"https:\/\/veteran.az\/index.php?rest_route=%2Fwp%2Fv2%2Fcomments&post=6883"}],"version-history":[{"count":1,"href":"https:\/\/veteran.az\/index.php?rest_route=\/wp\/v2\/posts\/6883\/revisions"}],"predecessor-version":[{"id":6884,"href":"https:\/\/veteran.az\/index.php?rest_route=\/wp\/v2\/posts\/6883\/revisions\/6884"}],"wp:attachment":[{"href":"https:\/\/veteran.az\/index.php?rest_route=%2Fwp%2Fv2%2Fmedia&parent=6883"}],"wp:term":[{"taxonomy":"category","embeddable":true,"href":"https:\/\/veteran.az\/index.php?rest_route=%2Fwp%2Fv2%2Fcategories&post=6883"},{"taxonomy":"post_tag","embeddable":true,"href":"https:\/\/veteran.az\/index.php?rest_route=%2Fwp%2Fv2%2Ftags&post=6883"}],"curies":[{"name":"wp","href":"https:\/\/api.w.org\/{rel}","templated":true}]}}