{"id":6857,"date":"2020-07-06T16:28:03","date_gmt":"2020-07-06T12:28:03","guid":{"rendered":"http:\/\/veteran.az\/?p=6857"},"modified":"2020-07-06T16:53:10","modified_gmt":"2020-07-06T12:53:10","slug":"heyd%c9%99r-%c9%99liyevin-sabiq-kom%c9%99kcisi-d%c9%99-ramiz-mehdiyev%c9%99-qarsi-hucuma-kecdimitinql%c9%99rin-coxu-az%c9%99rbaycan-feto-sunun-sifarisiyl%c9%99-bas-verirdi","status":"publish","type":"post","link":"https:\/\/veteran.az\/?p=6857","title":{"rendered":"HEYD\u018fR \u018fL\u0130YEV\u0130N SAB\u0130Q K\u00d6M\u018fK\u00c7\u0130S\u0130 D\u018f RAM\u0130Z MEHD\u0130YEV\u018f QAR\u015eI H\u00dcCUMA KE\u00c7D\u0130: &#171;Mitinql\u0259rin \u00e7oxu Az\u0259rbaycan FET\u00d6-s\u00fcn\u00fcn sifari\u015fiyl\u0259 ba\u015f verirdi&#187;"},"content":{"rendered":"\n<figure class=\"wp-block-image is-resized\"><img loading=\"lazy\" decoding=\"async\" src=\"https:\/\/strateq.az\/wp-content\/uploads\/2016\/11\/eldar-namazov-5.jpg\" alt=\"\" width=\"243\" height=\"242\"\/><\/figure>\n\n\n\n<p><strong>Eldar NAMAZOV,<\/strong><\/p>\n\n\n\n<p><em><strong>Strateji v\u0259 Beyn\u0259lxalq T\u0259dqiqatlar M\u0259rk\u0259zinin direktoru<\/strong><\/em><\/p>\n\n\n\n<p>\u00d6lk\u0259d\u0259 islahatlara mane olan m\u0259murlardan dan\u0131\u015fanda, \u00e7oxlar\u0131 d\u00fc\u015f\u00fcn\u00fcr ki, s\u00f6hb\u0259t onlarla v\u0259 ya y\u00fczl\u0259rl\u0259 hakimiyy\u0259td\u0259n incimi\u015f adamlardan gedir, onlar el\u0259 hey deyinirl\u0259r, ancaq \u00e7\u0259tin ki, prezidentin irad\u0259si \u0259leyhin\u0259 bir \u015fey ed\u0259 bil\u0259rl\u0259r.<\/p>\n\n\n\n<p>Bu hakimiyy\u0259ti i\u00e7\u0259rid\u0259n tan\u0131yan bir adam kimi, m\u0259nim \u00fc\u00e7\u00fcn he\u00e7 d\u0259 bel\u0259 deyil.&nbsp;<strong>M\u0259n, sad\u0259c\u0259, bilir\u0259m ki, islahatlara qar\u015f\u0131 \u00e7\u0131xan \u201ck\u00f6hn\u0259 qvardiya\u201d \u0259slind\u0259 \u201cd\u00f6vl\u0259t i\u00e7ind\u0259 d\u00f6vl\u0259t\u201d dem\u0259kdir.<\/strong>&nbsp;Bu q\u00fcvv\u0259 Heyd\u0259r \u018fliyevin idar\u0259\u00e7iliyi d\u00f6vr\u00fcnd\u0259 v\u0259 haz\u0131rda \u0130lham \u018fliyevin \u00f6lk\u0259y\u0259 r\u0259hb\u0259rlik etdiyi d\u00f6vrd\u0259 real olaraq d\u0259f\u0259l\u0259rl\u0259 prezident\u0259, h\u0259m\u00e7inin d\u00f6vl\u0259t maraqlar\u0131na qar\u015f\u0131 \u00e7\u0131xaraq meydan oxuyub.&nbsp;<strong>Onun g\u00fcc\u00fcn\u00fc v\u0259 t\u0259sirini qarda\u015f T\u00fcrkiy\u0259d\u0259 m\u0259\u015fhur FET\u00d6 il\u0259 m\u00fcqayis\u0259 etm\u0259k olar.<\/strong>&nbsp;Orada da d\u00f6vl\u0259t \u00e7evrili\u015fi c\u0259hdi ba\u015f ver\u0259n\u0259, y\u00fczl\u0259rl\u0259 m\u00fclki \u015f\u0259xsin qan\u0131 t\u00f6k\u00fcl\u0259n\u0259 q\u0259d\u0259r, \u00e7oxlar\u0131 bu t\u0259\u015fkilat\u0131n t\u0259hl\u00fck\u0259li olmas\u0131n\u0131n \u015fi\u015firdildiyini hesab edirdi. T\u00fcrkiy\u0259d\u0259 FET\u00d6 b\u00fct\u00fcn d\u00f6vl\u0259t v\u0259 ictimai institutlara \u00f6z k\u00f6kl\u0259rini el\u0259 d\u0259rind\u0259n at\u0131b ki, indiy\u0259d\u0259k d\u00f6vl\u0259t orqanlar\u0131n\u0131n bu t\u0259\u015fkilat\u0131n \u00fczvl\u0259rind\u0259n t\u0259mizl\u0259nm\u0259si davam edir v\u0259 bu prosesin sonu g\u00f6r\u00fcnm\u00fcr.<\/p>\n\n\n\n<p><strong>M\u0259nc\u0259, Az\u0259rbaycan FET\u00d6-s\u00fc t\u00fcrkiy\u0259li \u201ch\u0259mkar\u0131\u201dndan daha t\u0259hl\u00fck\u0259lidir.<\/strong>&nbsp;Orada FET\u00d6 d\u00f6vl\u0259t orqanlar\u0131na ill\u0259rl\u0259 a\u015fa\u011f\u0131dan daxil olmu\u015fdu v\u0259 yenic\u0259 y\u00fcks\u0259k d\u00f6vl\u0259t v\u0259zif\u0259l\u0259rin\u0259 \u00fcz tuturdu. T\u00fcrkiy\u0259 analoqundan f\u0259rqli olaraq, Az\u0259rbaycanda bu qeyri-formal, lakin \u00e7ox s\u0131x v\u0259 s\u0259rt n\u0259zar\u0259t olunan \u015f\u0259b\u0259k\u0259 Prezident Administrasiyas\u0131, onun b\u0259zi b\u00f6lm\u0259l\u0259rind\u0259, bir \u00e7ox nazirlikl\u0259rd\u0259, x\u00fcsusil\u0259 h\u00fcquq-m\u00fchafiz\u0259 blokunun ba\u015f\u0131nda durub, parlamentd\u0259 b\u00f6y\u00fck \u201cfraksiya\u201dya malik olub, K\u0130V-in b\u00f6y\u00fck hiss\u0259sin\u0259 r\u0259hb\u0259rlik edib, faktiki olaraq, yerli icra hakimiyy\u0259tini n\u0259zar\u0259tind\u0259 saxlay\u0131b.<\/p>\n\n\n\n<p><strong>R.Mehdiyevin Prezident Administrasiyas\u0131n\u0131n r\u0259hb\u0259ri olark\u0259n ba\u015f\u00e7\u0131l\u0131q etdiyi \u201ck\u00f6hn\u0259 qvardiya\u201dn\u0131n n\u0259zar\u0259tind\u0259 olmayan azsayl\u0131 d\u00f6vl\u0259t orqanlar\u0131n\u0131 onun n\u0259zar\u0259tind\u0259 olan t\u0259\u015fkilatlardan daha rahat sadalamaq olard\u0131.<\/strong><\/p>\n\n\n\n<p>D\u00f6vl\u0259t idar\u0259\u00e7iliyi sistemind\u0259 d\u0259rin k\u00f6k salm\u0131\u015f bu x\u0259r\u00e7\u0259ng \u015fi\u015finin analizin\u0259 ke\u00e7m\u0259zd\u0259n \u00f6nc\u0259, yax\u0131n tarixd\u0259 g\u00f6zl\u0259rimin \u00f6n\u00fcnd\u0259 ba\u015f vermi\u015f bir epizodu g\u0259tirm\u0259k ist\u0259rdim ki, oxuculara ayd\u0131n olsun. S\u00f6hb\u0259t, sad\u0259c\u0259, m\u00fclahiz\u0259l\u0259rd\u0259n v\u0259 siyasi n\u0259z\u0259riyy\u0259l\u0259rd\u0259n yox, real v\u0259 \u00e7ox s\u0259rt siyasi ger\u00e7\u0259klikd\u0259n gedir.<\/p>\n\n\n\n<p><strong>Az m\u00fcdd\u0259t \u00f6nc\u0259, d\u00f6vl\u0259t orqanlar\u0131n\u0131n t\u0259mizl\u0259nm\u0259sin\u0259 ba\u015flamazdan \u0259vv\u0259l, prezident \u0130lham \u018fliyev \u00f6z televiziya \u00e7\u0131x\u0131\u015f\u0131nda dedi ki, m\u0259murlar\u0131n regionlardan t\u0259qdim etdikl\u0259ri m\u0259lumatlar reall\u0131\u011f\u0131 \u0259ks etdirmir v\u0259 o, regionlara ged\u0259rk\u0259n tamamil\u0259 ba\u015fqa m\u0259nz\u0259r\u0259 g\u00f6r\u00fcr.<\/strong>&nbsp;M\u0259n diqq\u0259t etdim, bir \u00e7oxlar\u0131 prezidentin s\u00f6zl\u0259rini \u015f\u00fcbh\u0259 alt\u0131na ald\u0131 ki, b\u0259s prezidenti bel\u0259 aldatmaq m\u00fcmk\u00fcnd\u00fcrm\u00fc?<\/p>\n\n\n\n<p>1998-ci ilin pay\u0131z\u0131, \u00f6lk\u0259d\u0259 prezident se\u00e7kil\u0259ri idi v\u0259 namiz\u0259dl\u0259r b\u00f6lg\u0259l\u0259r\u0259 getm\u0259y\u0259 ba\u015flad\u0131lar. Prezidentin kabinetind\u0259 se\u00e7ki m\u0259s\u0259l\u0259l\u0259rin\u0259 dair m\u00fc\u015favir\u0259d\u0259 Heyd\u0259r \u018fliyev soru\u015fdu:&nbsp;<em>\u201cM\u00fcxalif\u0259td\u0259n olan namiz\u0259d E.M\u0259mm\u0259dov bu g\u00fcn G\u0259nc\u0259d\u0259 kampaniyaya ba\u015flay\u0131b, orada n\u0259 ba\u015f verib, n\u0259 m\u0259lumat g\u0259lir?\u201d<\/em><\/p>\n\n\n\n<p>Aparat r\u0259hb\u0259ri R.Mehdiyev m\u0259ruz\u0259 edir:<em>\u201cE.M\u0259mm\u0259dov G\u0259nc\u0259d\u0259, dem\u0259k olar ki, r\u00fcsvay oldu, G\u0259nc\u0259 xalq\u0131 onu q\u0259bul etm\u0259di, g\u00f6r\u00fc\u015f ba\u015f tutmad\u0131, b\u00fct\u00fcn xalq sizi d\u0259st\u0259kl\u0259yir, arxay\u0131n ola bil\u0259rsiniz.\u201d<\/em>&nbsp;R.Mehdiyev\u0259 yax\u0131n bir ne\u00e7\u0259 m\u0259mur deyil\u0259nl\u0259ri d\u0259st\u0259kl\u0259yir. Prezident m\u0259mnundur v\u0259 ba\u015fqa m\u0259s\u0259l\u0259l\u0259r\u0259 ke\u00e7ir.<\/p>\n\n\n\n<p>Ax\u015fam E.M\u0259mm\u0259dov MSK-n\u0131n ona ay\u0131rd\u0131\u011f\u0131 vaxta \u0259sas\u0259n, AzTV-d\u0259 birba\u015fa efir\u0259 \u00e7\u0131x\u0131r v\u0259 G\u0259nc\u0259d\u0259 se\u00e7icil\u0259rl\u0259 g\u00f6r\u00fc\u015f\u00fcnd\u0259n olan videokaseti g\u00f6st\u0259rm\u0259yi xahi\u015f edir, sonra is\u0259 \u00e7\u0131x\u0131\u015f\u0131na davam ed\u0259c\u0259yini deyir. V\u0259 b\u00fct\u00fcn \u00f6lk\u0259 g\u00f6r\u00fc\u015fl\u0259rd\u0259 \u00e7\u0259kil\u0259n m\u0259nz\u0259r\u0259ni g\u00f6r\u00fcr \u2013 zal insanlarla dolu, bo\u015f yer olmad\u0131\u011f\u0131ndan binan\u0131n qar\u015f\u0131s\u0131nda b\u00f6y\u00fck izdiham yaran\u0131b v\u0259 s\u0259sg\u00fccl\u0259ndiricil\u0259rin bir hiss\u0259si p\u0259nc\u0259r\u0259l\u0259r\u0259 qoyulub ki, zala yerl\u0259\u015fm\u0259y\u0259nl\u0259r namiz\u0259din \u00e7\u0131x\u0131\u015f\u0131na ku\u00e7\u0259d\u0259 qulaq asa bilsinl\u0259r. E.M\u0259mm\u0259dov hakimiyy\u0259ti s\u0259rt t\u0259nqid edir, camaat \u0259l \u00e7al\u0131r v\u0259 onu alq\u0131\u015flay\u0131r.<\/p>\n\n\n\n<p>Ert\u0259si g\u00fcn prezident Heyd\u0259r \u018fliyev yen\u0259 d\u0259 h\u0259min m\u0259murlar\u0131 toplay\u0131r v\u0259 sual verir:&nbsp;<strong>\u201c<\/strong><em><strong>D\u00fcn\u0259n burada siz dediniz ki, E.M\u0259mm\u0259dovu az qala G\u0259nc\u0259d\u0259n qovdular. Amma ax\u015fam m\u0259n bu videonu izl\u0259dim. Orada v\u0259ziyy\u0259t sizin dediyiniz kimi deyil. B\u0259s dig\u0259r namiz\u0259d Nizami S\u00fcleymanov nec\u0259, o da b\u00f6lg\u0259l\u0259r\u0259 getm\u0259li v\u0259 t\u0259\u015fviqata ba\u015flamal\u0131 idi?\u201d<\/strong><\/em><\/p>\n\n\n\n<p>Yen\u0259 d\u0259 R.Mehdiyev aya\u011fa qalx\u0131r v\u0259 m\u0259ruz\u0259 edir:&nbsp;<em><strong>\u201cB\u0259li, c\u0259nab prezident, N.S\u00fcleymanov G\u00f6y\u00e7aya gedib, amma \u0130cra Hakimiyy\u0259tinin ba\u015f\u00e7\u0131s\u0131 m\u0259n\u0259 m\u0259ruz\u0259 etdi ki, orada dem\u0259k olar ki, he\u00e7 kim onunla g\u00f6r\u00fc\u015f\u0259 g\u0259lm\u0259yib. \u018flb\u0259tt\u0259, kim g\u0259l\u0259c\u0259k ki, o kimdir ki, ham\u0131 sizi d\u0259st\u0259kl\u0259yir\u2026\u201d<\/strong><\/em><\/p>\n\n\n\n<p>El\u0259 h\u0259min g\u00fcn ax\u015fam AzTV-d\u0259 \u00e7\u0131x\u0131\u015f n\u00f6vb\u0259si N.S\u00fcleymanova \u00e7at\u0131r v\u0259 o da E.M\u0259mm\u0259dovun \u00fcsulundan istifad\u0259 edir \u2013 \u00f6nc\u0259 onun regiondak\u0131 g\u00f6r\u00fc\u015f\u00fcn\u00fcn videoyaz\u0131s\u0131n\u0131 g\u00f6st\u0259rm\u0259yi xahi\u015f edir\u2026 V\u0259 yen\u0259 d\u0259 \u00e7oxlu adam, alovlu nitql\u0259r, hakimiyy\u0259tin t\u0259nqidi v\u0259 alq\u0131\u015flar.<\/p>\n\n\n\n<p>N\u00f6vb\u0259ti g\u00fcn prezident yen\u0259 d\u0259 h\u0259min m\u0259murlar\u0131 toplay\u0131r v\u0259 art\u0131q he\u00e7 bir sual vermir v\u0259 aparat r\u0259hb\u0259rin\u0259 deyir:<em><strong>&nbsp;\u201cDem\u0259li, \u0130cra Hakimiyy\u0259ti ba\u015f\u00e7\u0131lar\u0131 sizi aldad\u0131rlar, siz d\u0259 m\u0259ni aldad\u0131rs\u0131n\u0131z!\u201d<\/strong><\/em><\/p>\n\n\n\n<p><strong>Bundan sonra prezident q\u0259rara al\u0131r ki, \u00f6lk\u0259 regionlar\u0131na \u015f\u0259xs\u0259n s\u0259f\u0259r etsin ki, yerl\u0259rd\u0259 insanlar\u0131 dinl\u0259sin v\u0259 \u00f6z kampaniyas\u0131n\u0131 apars\u0131n.<\/strong><\/p>\n\n\n\n<p>Bu iki hadis\u0259ni iyirmi ild\u0259n \u00e7ox zaman ay\u0131r\u0131r. V\u0259 2020-ci ild\u0259 prezident \u0130lham \u018fliyev 1998-ci ild\u0259 Heyd\u0259r \u018fliyevin dediyi s\u00f6zl\u0259ri t\u0259krarlamal\u0131 oldu v\u0259 20 il bundan \u00f6nc\u0259, atas\u0131 kimi, b\u00f6lg\u0259l\u0259r\u0259 getm\u0259y\u0259, sakinl\u0259rl\u0259 g\u00f6r\u00fc\u015fm\u0259y\u0259, bu m\u0259murlar\u0131n ba\u015f\u0131 \u00fcz\u0259rind\u0259n ictimaiyy\u0259t\u0259 birba\u015fa m\u00fcraci\u0259t etm\u0259y\u0259 ba\u015flad\u0131.<\/p>\n\n\n\n<p><strong>Prezidentin t\u0259\u015f\u0259bb\u00fcs v\u0259 q\u0259rarlar\u0131n\u0131n eyni ssenari il\u0259 sabotaj olunmas\u0131na dair bu kimi \u00e7oxlu misal g\u0259tirm\u0259k olar.<\/strong><\/p>\n\n\n\n<p>\u0130lham \u018fliyev d\u00f6vl\u0259t aparat\u0131n\u0131n yuxar\u0131 hiss\u0259sinin t\u0259mizl\u0259nm\u0259sin\u0259 ba\u015flamadan \u00f6nc\u0259, b\u0259yan etdi ki, onun t\u0259yin etdiyi yeni kadrlara qar\u015f\u0131 hakimiyy\u0259t daxilind\u0259 qarayaxma, K\u0130V-d\u0259 l\u0259k\u0259l\u0259m\u0259 kampaniyalar\u0131 gedir.<\/p>\n\n\n\n<p>M\u0259n \u00e7ox misal g\u0259tir\u0259 bil\u0259rdim ki, Heyd\u0259r \u018fliyevin d\u00f6vr\u00fcnd\u0259 h\u0259min adamlar eyni \u00e7irkin i\u015fl\u0259rl\u0259 m\u0259\u015f\u011ful olurdular v\u0259 m\u0259rhum prezident h\u0259tta T\u0259hl\u00fck\u0259sizlik \u015euras\u0131n\u0131n bir iclas\u0131n\u0131 \u00e7a\u011f\u0131rmal\u0131, Az\u0259rbaycan FET\u00d6-s\u00fcn\u00fcn prezident komandas\u0131n\u0131n \u00fczvl\u0259rin\u0259, d\u00f6vl\u0259t m\u0259murlar\u0131na qar\u015f\u0131 h\u0259min \u00e7irkin t\u0259xribatlar\u0131n bir s\u0131ra icra\u00e7\u0131lar\u0131n\u0131 c\u0259zaland\u0131rmal\u0131 olurdu.<\/p>\n\n\n\n<figure class=\"wp-block-image\"><img decoding=\"async\" src=\"https:\/\/strateq.az\/wp-content\/uploads\/2020\/07\/ramiz-mehdiyev-1.jpg\" alt=\"\" class=\"wp-image-444092\"\/><\/figure>\n\n\n\n<p><strong>Bel\u0259 misallar onlarla, y\u00fczl\u0259rl\u0259dir v\u0259 bu \u201csiyas\u0259t\u201din m\u0259rk\u0259zind\u0259 h\u0259r zaman eyni adam \u2013 Prezident Administrasiyas\u0131n\u0131n ke\u00e7mi\u015f r\u0259hb\u0259ri R.Mehdiyev dururdu.<\/strong>&nbsp;Ancaq anlamaq laz\u0131md\u0131r ki, s\u00f6hb\u0259t yalana patoloji sevgid\u0259n v\u0259 ya sad\u0259c\u0259, onlar\u0131n xo\u015funa g\u0259lm\u0259y\u0259n adamlara qar\u015f\u0131 b\u00f6htandan getmir. Bu, kifay\u0259t q\u0259d\u0259r m\u0259krli v\u0259 konkret m\u0259qs\u0259d\u0259 y\u00f6n\u0259lmi\u015f siyas\u0259t idi.&nbsp;<strong>Az\u0259rbaycan FET\u00d6-s\u00fcn\u0259 h\u0259mi\u015f\u0259 z\u0259if prezident v\u0259 ondan m\u00fcmk\u00fcn q\u0259d\u0259r \u00e7ox \u00f6lk\u0259 v\u0259t\u0259nda\u015f\u0131n\u0131n naraz\u0131 olmas\u0131 laz\u0131m olub.<\/strong>&nbsp;<strong>Bununla da bu m\u0259murlar prezidenti xalqdan, m\u00fcxalif\u0259td\u0259n, qeyri-h\u00f6kum\u0259t t\u0259\u015fkilatlar\u0131ndan \u201cxilas ed\u0259nl\u0259r\u201d rolunda \u00e7\u0131x\u0131\u015f ed\u0259r\u0259k \u00f6zl\u0259rin\u0259 bunun m\u00fcqabilind\u0259 daha \u00e7ox siyasi v\u0259 iqtisadi imtiyazlar\u0131 t\u0259l\u0259b ed\u0259 bil\u0259rl\u0259r.<\/strong><\/p>\n\n\n\n<p>Az\u0259rbaycan FET\u00d6-s\u00fcn\u0259 xalq i\u00e7ind\u0259 populyar prezident laz\u0131m deyil, bunu onlar \u00f6zl\u0259rin\u0259 b\u00f6y\u00fck t\u0259hl\u00fck\u0259 hesab edirl\u0259r, bel\u0259 olan halda \u00f6zl\u0259rinin d\u00f6vl\u0259t quruculu\u011funda he\u00e7 bir \u015fey\u0259 yaramayan, sad\u0259c\u0259, laz\u0131ms\u0131z v\u0259 art\u0131q m\u0259xluq kimi a\u015fkara \u00e7\u0131xar\u0131lmas\u0131ndan qorxurlar.&nbsp;<strong>Buna g\u00f6r\u0259 d\u0259 onlar insanlar\u0131 naraz\u0131l\u0131\u011fa t\u0259hrik ed\u0259r\u0259k v\u0259 \u0259l\u0259 al\u0131nm\u0131\u015f b\u0259zi \u201cm\u00fcxalif\u0259t\u201d partiyalar\u0131n\u0131n liderl\u0259ri il\u0259 manipulyasiya ed\u0259r\u0259k uzun ill\u0259r d\u00f6vl\u0259t\u0259 v\u0259 prezident\u0259 birba\u015fa t\u0259zyiq g\u00f6st\u0259rirdil\u0259r.<\/strong>&nbsp;<strong>T\u0259sad\u00fcfi deyil ki, m\u00fcxalif\u0259tin b\u00f6y\u00fck mitinql\u0259rinin \u00e7oxu Az\u0259rbaycan FET\u00d6-s\u00fcn\u0259 laz\u0131m olan zamanda m\u0259hz sifari\u015fl\u0259 ba\u015f verirdi v\u0259 R.Mehdiyev, \u018f.H\u0259s\u0259nov hakimiyy\u0259td\u0259n uzaqla\u015fd\u0131r\u0131landan sonra b\u00fct\u00fcn bu f\u0259al, h\u0259tta icaz\u0259siz mitinql\u0259r\u0259, polisl\u0259 toqqu\u015fmalara can atan partiyalar v\u0259 liderl\u0259r bird\u0259n-bir\u0259 susdular v\u0259 he\u00e7 bir mitinq f\u0259all\u0131\u011f\u0131 g\u00f6st\u0259rmirl\u0259r.<\/strong><\/p>\n\n\n\n<p>Az\u0259rbaycan FET\u00d6-s\u00fc h\u0259l\u0259 Heyd\u0259r \u018fliyev idar\u0259\u00e7iliyinin son ill\u0259rind\u0259 d\u00f6vl\u0259t aparat\u0131n\u0131n bir hiss\u0259sind\u0259 formala\u015fma\u011fa ba\u015flay\u0131b.&nbsp;<strong>Prezidentin x\u0259st\u0259liyind\u0259n v\u0259 uzun m\u00fcdd\u0259t m\u00fcalic\u0259sind\u0259n istifad\u0259 ed\u0259r\u0259k, o, g\u0259l\u0259c\u0259kd\u0259 n\u0259z\u0259r\u0259\u00e7arpacaq d\u0259r\u0259c\u0259d\u0259 m\u00f6hk\u0259ml\u0259nib, \u00f6z adamlar\u0131n\u0131 bir \u00e7ox d\u00f6vl\u0259t m\u00fc\u0259ssis\u0259l\u0259ri, h\u00fcquq-m\u00fchafiz\u0259 orqanlar\u0131 v\u0259 parlamentd\u0259 yerl\u0259\u015fdir\u0259r\u0259k, ictimai sektoru v\u0259 media m\u0259kan\u0131n\u0131 n\u0259zar\u0259t\u0259 g\u00f6t\u00fcr\u0259r\u0259k n\u00fcfuzlu xarici havadarlar\u0131n\u0131n d\u0259st\u0259yi il\u02592003-c\u00fc ild\u0259n sonra art\u0131q a\u00e7\u0131q \u015f\u0259kild\u0259 siyasi ambisiyalarla \u00e7\u0131x\u0131\u015f etm\u0259y\u0259, politologiyada \u201ch\u00f6kmranl\u0131q edir, lakin idar\u0259 etmir\u201d adland\u0131r\u0131l\u0131lan tezisi, ba\u015fqa s\u00f6zl\u0259, faktiki \u201cikihakimiyy\u0259tliliyi\u201dprezident\u0259 v\u0259 c\u0259miyy\u0259t\u0259 q\u0259bul etdirm\u0259y\u0259 inadkarl\u0131qla can at\u0131b.<\/strong><\/p>\n\n\n\n<p>Bu \u015f\u0259b\u0259k\u0259y\u0259 daxil olmayan v\u0259 onlar\u0131n m\u0259krli planlar\u0131na m\u00fcqavim\u0259t g\u00f6st\u0259r\u0259n d\u00f6vl\u0259t m\u0259murlar\u0131 onlar\u0131n n\u0259zar\u0259tind\u0259 olan K\u0130V-l\u0259r vasit\u0259si il\u0259 h\u00fccumlara v\u0259 l\u0259k\u0259l\u0259nm\u0259y\u0259 m\u0259ruz qald\u0131lar. Onlar\u0131n bar\u0259sind\u0259 kompromatlar v\u0259 yalan donoslar toplan\u0131rd\u0131 ki, onlar\u0131n istefas\u0131na nail olsunlar v\u0259 yerl\u0259rin\u0259 \u00f6z adamlar\u0131n\u0131 g\u0259tirsinl\u0259r. Sonra b\u0259zi partiya liderl\u0259rinin \u0259l\u0259 al\u0131nmas\u0131 yolu il\u0259 \u00f6z \u015f\u0259b\u0259k\u0259 orbitin\u0259 m\u00fcxalif\u0259t partiyalar\u0131n\u0131n bir hiss\u0259sini d\u0259 c\u0259lb ed\u0259 bildil\u0259r. Bundan sonra m\u00fcst\u0259qil K\u0130V v\u0259 m\u00fcst\u0259qil qeyri-h\u00f6kum\u0259t t\u0259\u015fkilatlar\u0131n\u0131n total \u0259zilm\u0259si d\u00f6vr\u00fc ba\u015fland\u0131, yaranan bo\u015fluqlar da Az\u0259rbaycan FET\u00d6-s\u00fcn\u00fcn n\u0259zar\u0259tind\u0259 olan y\u00fczl\u0259rl\u0259 dekorativ QHT v\u0259 K\u0130V il\u0259 dolduruldu. Bunlardan is\u0259 d\u00f6vl\u0259tin ay\u0131rd\u0131\u011f\u0131 b\u00fcdc\u0259 v\u0259saitl\u0259rinin m\u0259nims\u0259nilm\u0259si \u00fc\u00e7\u00fcn daha \u00e7ox istifad\u0259 olunurdu.<\/p>\n\n\n\n<p>Bununla yana\u015f\u0131, Az\u0259rbaycan FET\u00d6-s\u00fc ayd\u0131n g\u00f6r\u00fcn\u0259n xarici siyas\u0259t prioritetl\u0259ri v\u0259 xarici d\u0259st\u0259yin olmas\u0131 \u015f\u00fcbh\u0259 do\u011furmur.&nbsp;<strong>Az\u0259rbaycan\u0131n Q\u0259rb\u0259 inteqrasiyas\u0131na t\u0259r\u0259fdar olan b\u00fct\u00fcn ictimai t\u0259\u015fkilatlar\u0131n total \u015f\u0259kild\u0259 da\u011f\u0131d\u0131lmas\u0131 v\u0259 bunu h\u0259yata ke\u00e7ir\u0259n az\u0259rbaycanl\u0131 m\u0259murlar\u0131n Kremld\u0259 RF orden v\u0259 medallar\u0131 il\u0259 a\u00e7\u0131q \u015f\u0259kild\u0259 m\u00fckafatland\u0131r\u0131lmas\u0131 bunun bariz n\u00fcmun\u0259sidir.&nbsp;<\/strong><strong>H\u0259tta T\u00fcrkiy\u0259 il\u0259 qarda\u015fl\u0131q m\u00fcnasib\u0259tl\u0259rinin inki\u015faf\u0131 onlarda nifr\u0259t v\u0259 kinli reaksiya do\u011fururdu.<\/strong>&nbsp;90-c\u0131 ill\u0259rin ortalar\u0131nda T\u00fcrkiy\u0259d\u0259 \u00e7oxsayl\u0131 insan t\u0259l\u0259fat\u0131 il\u0259 n\u0259tic\u0259l\u0259n\u0259n g\u00fccl\u00fc z\u0259lz\u0259l\u0259 ba\u015f ver\u0259nd\u0259 m\u00fcst\u0259qil Az\u0259rbaycan K\u0130V-ind\u0259 qarda\u015flar\u0131m\u0131za yard\u0131m etm\u0259k \u00e7a\u011f\u0131r\u0131\u015f\u0131 il\u0259 kampaniya ba\u015flam\u0131\u015fd\u0131. Bu kampaniyaya ilk reaksiya ver\u0259nl\u0259r o zaman SOCAR-\u0131n vitse-prezidenti \u0130lham \u018fliyev v\u0259 Az\u0259rbaycan M\u00fcdafi\u0259 Nazirliyi oldu.&nbsp;<strong>Bu bar\u0259d\u0259 elan edil\u0259nd\u0259, Prezident Administrasiyas\u0131n\u0131n r\u0259hb\u0259ri R.Mehdiyev q\u0259fild\u0259n MN-\u0259 z\u0259ng etdi, bu t\u0259\u015f\u0259bb\u00fcs\u00fc d\u0259st\u0259kl\u0259diyin\u0259 g\u00f6r\u0259 naziri k\u0259skin \u015f\u0259kild\u0259 danlad\u0131 v\u0259 d\u00f6vl\u0259t orqanlar\u0131na bu kampaniyada i\u015ftirak etm\u0259yi qada\u011fan etdi.<\/strong>&nbsp;Guya ki, T\u00fcrkiy\u0259 Az\u0259rbaycandan daha varl\u0131d\u0131r, biz niy\u0259 ona k\u00f6m\u0259k elm\u0259liyik? Heyd\u0259r \u018fliyev m\u00fcdaxil\u0259 etm\u0259li oldu v\u0259 ham\u0131n\u0131n yan\u0131nda R.Mehdiyevi danlad\u0131 ki, m\u0259s\u0259l\u0259 pulda deyil, m\u0259s\u0259l\u0259 qarda\u015f xalqlar v\u0259 d\u00f6vl\u0259tl\u0259r aras\u0131nda m\u00fcnasib\u0259td\u0259dir, m\u0259s\u0259l\u0259 \u00e7\u0259tin anda qarda\u015flara k\u00f6m\u0259k v\u0259 d\u0259st\u0259k g\u00f6st\u0259rm\u0259kd\u0259dir.<\/p>\n\n\n\n<p>20 ild\u0259n art\u0131q bir m\u00fcdd\u0259td\u0259 Az\u0259rbaycan FET\u00d6-s\u00fc t\u0259r\u0259find\u0259n \u00f6lk\u0259nin d\u00f6vl\u0259t v\u0259 milli maraqlar\u0131na vurmu\u015f oldu\u011fu ziyan\u0131n ham\u0131s\u0131n\u0131 bir m\u0259qal\u0259 \u00e7\u0259r\u00e7iv\u0259sind\u0259 \u0259trafl\u0131 sadalamaq m\u00fcmk\u00fcn deyil. Bunu etm\u0259k \u00fc\u00e7\u00fcn bir v\u0259 b\u0259lk\u0259 d\u0259 daha \u00e7ox kitab laz\u0131md\u0131r.&nbsp;<strong>Bu qar\u015f\u0131durmada d\u00f6n\u00fc\u015f yaln\u0131z son ill\u0259rd\u0259, Mehriban \u018fliyevan\u0131n birinci vitse-prezident kimi t\u0259sdiql\u0259nm\u0259sind\u0259n, h\u0259m\u00e7inin Prezident Administrasiyas\u0131 r\u0259hb\u0259rliyinin d\u0259yi\u015fm\u0259sind\u0259n, sosial-iqtisadi blok nazirlikl\u0259rinin r\u0259hb\u0259rliyind\u0259 ciddi islahatlar\u0131n h\u0259yata ke\u00e7irilm\u0259sin\u0259 y\u00f6n\u0259lmi\u015f g\u0259nc kadrlar\u0131n t\u0259yin edilm\u0259sind\u0259n sonra ba\u015f verdi.<\/strong>&nbsp;Lakin d\u00fc\u015f\u00fcnm\u0259k laz\u0131m deyil ki, Az\u0259rbaycanda bir ne\u00e7\u0259 b\u00f6y\u00fck m\u0259murun v\u0259zif\u0259d\u0259n \u00e7\u0131xar\u0131lmas\u0131 il\u0259 bu problemi bir d\u0259f\u0259y\u0259 h\u0259ll etm\u0259k m\u00fcmk\u00fcn oldu.<\/p>\n\n\n\n<p>H\u0259tta pandemiya b\u00f6hran\u0131 zaman\u0131 yoluxanlar\u0131n, \u00f6l\u0259nl\u0259rin say\u0131n\u0131n artmas\u0131 \u015f\u0259raitind\u0259 bel\u0259, yeni partiya m\u0259rk\u0259zl\u0259rinin yaranmas\u0131, g\u00f6zl\u0259nilm\u0259z siyasi bloklar\u0131n v\u0259 ittifaqlar\u0131n formala\u015fmas\u0131 prosesinin nec\u0259 paralel getdiyini g\u00f6r\u00fcr\u00fck. V\u0259 bu t\u0259sad\u00fcfi deyil: c\u0259miyy\u0259t\u0259 h\u0259ddind\u0259n art\u0131q irimiqyasl\u0131 islahatlar t\u0259klif olunub, hakimiyy\u0259tin yuxar\u0131 e\u015felonlar\u0131nda h\u0259ddind\u0259n art\u0131q ciddi kadr d\u0259yi\u015fiklikl\u0259ri ba\u015f verib, siyasi v\u0259 iqtisadi maraqlara, \u201ctoxunulmaz\u201d olan fiqurlara, qruplara, klanlara \u00e7ox g\u00fccl\u00fc z\u0259rb\u0259 vurulub.&nbsp;<strong>Onlar hakimiyy\u0259ti v\u0259 imtiyazlar\u0131n\u0131 itirs\u0259l\u0259r d\u0259, h\u0259l\u0259 b\u00f6y\u00fck maliyy\u0259, hakimiyy\u0259t orqanlar\u0131nda qalan \u00e7oxsayl\u0131 \u0259lalt\u0131lar\u0131n\u0131n hesab\u0131na inzibati resurslara, Az\u0259rbaycanda sabitliyin pozulmas\u0131nda v\u0259 \u00f6lk\u0259nin z\u0259ifl\u0259m\u0259sind\u0259 maraql\u0131 olan xarici dair\u0259l\u0259r t\u0259r\u0259find\u0259n siyasi d\u0259st\u0259y\u0259, el\u0259c\u0259 d\u0259 art\u0131q \u00e7oxdan onlar\u0131n \u201chimay\u0259sind\u0259\u201d olan b\u0259zi \u201cm\u00fcxalif\u0259t\u201d partiyalara, n\u0259zar\u0259tl\u0259rind\u0259 olan K\u0130V-l\u0259r\u0259, y\u0259ni \u0259lav\u0259 siyasi v\u0259 media resurslar\u0131na malikdirl\u0259r.<\/strong><\/p>\n\n\n\n<p>Mahiyy\u0259tc\u0259 prezidentin v\u0259 birinci vitse-prezidentin t\u0259klif etdiyi irimiqyasl\u0131, sistemli islahatlar kursu h\u0259m hakimiyy\u0259t, h\u0259m m\u00fcxalif\u0259t, h\u0259m d\u0259 c\u0259miyy\u0259tin daxilind\u0259 yolay\u0131r\u0131c\u0131 x\u0259tt oldu.&nbsp;<strong>M\u0259hz bu meyar\u0131n (t\u0259klif olunan islahatlara m\u00fcnasib\u0259t) \u0259sas\u0131nda daxili siyasi sah\u0259nin yenid\u0259n qurulmas\u0131 prosesi ged\u0259c\u0259k v\u0259 biz g\u0259l\u0259c\u0259kd\u0259 \u0259n g\u00f6zl\u0259nilm\u0259z v\u0259 h\u0259l\u0259 bir ne\u00e7\u0259 il \u00f6nc\u0259 qeyri-m\u00fcmk\u00fcn g\u00f6r\u00fcn\u0259n siyasi m\u00fctt\u0259fiql\u0259ri v\u0259 birlikl\u0259ri g\u00f6r\u0259c\u0259yik.<\/strong>&nbsp;<strong>V\u0259 biz art\u0131q g\u00f6r\u00fcr\u00fck ki, \u00f6z\u00fcn\u00fc \u0259n \u201cprinsipial\u201d, \u201cbar\u0131\u015fmaz\u201d m\u00fcxalif\u0259t adland\u0131ran insanlar hakimiyy\u0259tin korrupsiya sisteminin \u00f6z v\u0259zif\u0259l\u0259rini itir\u0259n ke\u00e7mi\u015f \u201cs\u00fctunlar\u0131\u201d il\u0259 nec\u0259 ruh y\u00fcks\u0259kliyi il\u0259 i\u015fbirliyi qurma\u011fa ba\u015flay\u0131rlar.<\/strong><\/p>\n\n\n\n<p>Bu proses h\u0259l\u0259 ilkin m\u0259rh\u0259l\u0259d\u0259dir (k\u00f6hn\u0259 sistem h\u0259l\u0259 sonad\u0259k da\u011f\u0131d\u0131lmay\u0131b, yenisi is\u0259 h\u0259l\u0259 tam qurulmay\u0131b) v\u0259 \u0259minlikl\u0259 dem\u0259k olar ki, bu proses \u0259traf\u0131nda \u0259sas m\u00fcbariz\u0259 h\u0259l\u0259 ir\u0259lid\u0259dir.<\/p>\n\n\n\n<p>Politologiyan\u0131n m\u0259lum qanunu var \u2013<strong>&nbsp;islahat\u00e7\u0131 \u00fc\u00e7\u00fcn daha \u00e7\u0259tindir, n\u0259inki inqilab\u00e7\u0131 \u00fc\u00e7\u00fcn. \u00c7\u00fcnki inqilab\u00e7\u0131 yaln\u0131z hakimiyy\u0259tl\u0259 m\u00fcbariz\u0259 apar\u0131r, islahat\u00e7\u0131 is\u0259 iki c\u0259bh\u0259d\u0259 \u2013 h\u0259m m\u00fcxalif\u0259tl\u0259, h\u0259m d\u0259 d\u00f6vl\u0259t aparat\u0131n\u0131n islahatlara qar\u015f\u0131 olan bir hiss\u0259si il\u0259 m\u00fcbariz\u0259 apar\u0131r.<\/strong>&nbsp;Ona g\u00f6r\u0259 d\u0259 islahat\u00e7\u0131lar\u0131n he\u00e7 d\u0259 ham\u0131s\u0131 u\u011fur qazanm\u0131r, yaln\u0131z \u00f6z komandas\u0131n\u0131 q\u0259tiyy\u0259tl\u0259 yenil\u0259y\u0259nl\u0259r, effektiv f\u0259aliyy\u0259t g\u00f6st\u0259r\u0259n hakimiyy\u0259t formala\u015fd\u0131ranlar u\u011fur qazan\u0131rlar. Bu t\u0259hl\u00fck\u0259l\u0259rin v\u0259 riskl\u0259rin d\u00fczg\u00fcn qiym\u0259tl\u0259ndirilm\u0259si ba\u015flanan islahatlarin taleyind\u0259 h\u0259lledici rol oynay\u0131r.<\/p>\n","protected":false},"excerpt":{"rendered":"<p>Eldar NAMAZOV, Strateji v\u0259 Beyn\u0259lxalq T\u0259dqiqatlar M\u0259rk\u0259zinin direktoru \u00d6lk\u0259d\u0259 islahatlara mane olan m\u0259murlardan dan\u0131\u015fanda, \u00e7oxlar\u0131&#8230;<\/p>\n","protected":false},"author":3,"featured_media":5827,"comment_status":"closed","ping_status":"closed","sticky":false,"template":"","format":"standard","meta":{"footnotes":""},"categories":[10],"tags":[],"class_list":["post-6857","post","type-post","status-publish","format-standard","has-post-thumbnail","hentry","category-avmvib"],"featured_image_urls":{"full":["https:\/\/veteran.az\/wp-content\/uploads\/2020\/04\/pexels-1455417.jpg",2563,4051,false],"thumbnail":["https:\/\/veteran.az\/wp-content\/uploads\/2020\/04\/pexels-1455417-150x150.jpg",150,150,true],"medium":["https:\/\/veteran.az\/wp-content\/uploads\/2020\/04\/pexels-1455417-190x300.jpg",190,300,true],"medium_large":["https:\/\/veteran.az\/wp-content\/uploads\/2020\/04\/pexels-1455417-768x1214.jpg",640,1012,true],"large":["https:\/\/veteran.az\/wp-content\/uploads\/2020\/04\/pexels-1455417-648x1024.jpg",640,1011,true],"1536x1536":["https:\/\/veteran.az\/wp-content\/uploads\/2020\/04\/pexels-1455417.jpg",972,1536,false],"2048x2048":["https:\/\/veteran.az\/wp-content\/uploads\/2020\/04\/pexels-1455417.jpg",1296,2048,false],"covernews-slider-full":["https:\/\/veteran.az\/wp-content\/uploads\/2020\/04\/pexels-1455417-1536x1020.jpg",1077,715,true],"covernews-slider-center":["https:\/\/veteran.az\/wp-content\/uploads\/2020\/04\/pexels-1455417-936x897.jpg",522,500,true],"covernews-featured":["https:\/\/veteran.az\/wp-content\/uploads\/2020\/04\/pexels-1455417-1024x1619.jpg",1024,1619,true],"covernews-medium":["https:\/\/veteran.az\/wp-content\/uploads\/2020\/04\/pexels-1455417-720x380.jpg",540,285,true],"covernews-medium-square":["https:\/\/veteran.az\/wp-content\/uploads\/2020\/04\/pexels-1455417-675x450.jpg",375,250,true]},"author_info":{"display_name":"Veteran.az","author_link":"https:\/\/veteran.az\/?author=3"},"category_info":"<a href=\"https:\/\/veteran.az\/?cat=10\" rel=\"category\">AVMV\u0130B<\/a>","tag_info":"AVMV\u0130B","comment_count":"0","_links":{"self":[{"href":"https:\/\/veteran.az\/index.php?rest_route=\/wp\/v2\/posts\/6857","targetHints":{"allow":["GET"]}}],"collection":[{"href":"https:\/\/veteran.az\/index.php?rest_route=\/wp\/v2\/posts"}],"about":[{"href":"https:\/\/veteran.az\/index.php?rest_route=\/wp\/v2\/types\/post"}],"author":[{"embeddable":true,"href":"https:\/\/veteran.az\/index.php?rest_route=\/wp\/v2\/users\/3"}],"replies":[{"embeddable":true,"href":"https:\/\/veteran.az\/index.php?rest_route=%2Fwp%2Fv2%2Fcomments&post=6857"}],"version-history":[{"count":2,"href":"https:\/\/veteran.az\/index.php?rest_route=\/wp\/v2\/posts\/6857\/revisions"}],"predecessor-version":[{"id":6861,"href":"https:\/\/veteran.az\/index.php?rest_route=\/wp\/v2\/posts\/6857\/revisions\/6861"}],"wp:featuredmedia":[{"embeddable":true,"href":"https:\/\/veteran.az\/index.php?rest_route=\/wp\/v2\/media\/5827"}],"wp:attachment":[{"href":"https:\/\/veteran.az\/index.php?rest_route=%2Fwp%2Fv2%2Fmedia&parent=6857"}],"wp:term":[{"taxonomy":"category","embeddable":true,"href":"https:\/\/veteran.az\/index.php?rest_route=%2Fwp%2Fv2%2Fcategories&post=6857"},{"taxonomy":"post_tag","embeddable":true,"href":"https:\/\/veteran.az\/index.php?rest_route=%2Fwp%2Fv2%2Ftags&post=6857"}],"curies":[{"name":"wp","href":"https:\/\/api.w.org\/{rel}","templated":true}]}}