{"id":6762,"date":"2020-06-26T12:39:43","date_gmt":"2020-06-26T08:39:43","guid":{"rendered":"http:\/\/veteran.az\/?p=6762"},"modified":"2020-06-26T12:39:45","modified_gmt":"2020-06-26T08:39:45","slug":"ali-bas-komandan-olk%c9%99mizin-tarixi-il%c9%99-%c9%99laq%c9%99dar-h%c9%99r-bir-%c9%99sg%c9%99rd%c9%99-zabitd%c9%99-dolgun-t%c9%99%c9%99ssurat-olmalidir","status":"publish","type":"post","link":"https:\/\/veteran.az\/?p=6762","title":{"rendered":"Ali Ba\u015f Komandan: &#171;\u00d6lk\u0259mizin tarixi il\u0259 \u0259laq\u0259dar h\u0259r bir \u0259sg\u0259rd\u0259, zabitd\u0259 dol\u011fun t\u0259\u0259ss\u00fcrat olmal\u0131d\u0131r&#187;"},"content":{"rendered":"\n<p><strong>&#171;\u00d6lk\u0259mizin tarixi &#8212; h\u0259m q\u0259dim tarixi, h\u0259m d\u0259 m\u00fcasir tarixi il\u0259 \u0259laq\u0259dar h\u0259r bir \u0259sg\u0259rd\u0259, zabitd\u0259 dol\u011fun t\u0259\u0259ss\u00fcrat olmal\u0131d\u0131r&#187;.<\/strong><\/p>\n\n\n\n<p>Prezident \u0130lham \u018fliyev, bu s\u00f6zl\u0259ri iyunun 25-d\u0259 M\u00fcdafi\u0259 Nazirliyinin &#171;N&#187; sayl\u0131 h\u0259rbi hiss\u0259sinin a\u00e7\u0131l\u0131\u015f\u0131ndan sonra h\u0259rb\u00e7il\u0259rl\u0259 g\u00f6r\u00fc\u015f zaman\u0131nitqind\u0259 deyib.<\/p>\n\n\n\n<p>D\u00f6vl\u0259t ba\u015f\u00e7\u0131s\u0131 bildirib:<\/p>\n\n\n\n<p>&#171;<strong><em>M\u0259n siz\u0259 tap\u015f\u0131r\u0131ram, b\u00fct\u00fcn h\u0259rbi hiss\u0259l\u0259rd\u0259 ideoloji v\u0259ziyy\u0259t\u0259 x\u00fcsusi \u0259h\u0259miyy\u0259t verilm\u0259lidir. \u00d6lk\u0259mizin tarixi &#8212; h\u0259m q\u0259dim tarixi, h\u0259m d\u0259 m\u00fcasir tarixi il\u0259 \u0259laq\u0259dar h\u0259r bir \u0259sg\u0259rd\u0259, zabitd\u0259 dol\u011fun t\u0259\u0259ss\u00fcrat olmal\u0131d\u0131r. \u00c7\u00fcnki m\u0259n bunu d\u0259f\u0259l\u0259rl\u0259 demi\u015f\u0259m, \u0259fsuslar olsun ki, biz real tariximizi bilm\u0259mi\u015fik. G\u00fcnah da bizd\u0259 deyil, \u00e7\u00fcnki bel\u0259 oxumu\u015fuq, biz\u0259 bel\u0259 d\u0259rs veribl\u0259r. Sovet vaxt\u0131nda tarix d\u0259rsl\u0259rinin \u00e7oxu saxta idi. Az\u0259rbaycan xalq\u0131n\u0131n d\u00fc\u015fm\u0259nl\u0259ri q\u0259hr\u0259man kimi q\u0259l\u0259m\u0259 verilirdi. Quldur 26 Bak\u0131 komissar\u0131 d\u0259st\u0259si q\u0259hr\u0259man kimi t\u0259qdim edilirdi. O d\u0259st\u0259nin ba\u015f\u0131nda dayanan cinay\u0259tkar erm\u0259ni mill\u0259t\u00e7il\u0259ri q\u0259hr\u0259man kimi t\u0259qdim olunurdu. Onlar\u0131n ad\u0131na rayonlar verilirdi, onlara abid\u0259l\u0259r qoyulurdu. Az\u0259rbaycan xalq\u0131n\u0131n c\u0259llad\u0131 \u015eaumyana abid\u0259 qoyulmu\u015fdu, onun ad\u0131 \u0259b\u0259dil\u0259\u015fdirilmi\u015fdi. Biz bu tarixi g\u00f6rm\u00fc\u015f\u00fck. Yen\u0259 d\u0259 g\u00fcnah bizd\u0259 deyil. Sovet hakimiyy\u0259tinin tarixi bu idi. M\u00fcst\u0259qilliyi quranlar d\u00fc\u015fm\u0259n kimi q\u0259l\u0259m\u0259 verilirdi. Az\u0259rbaycan Xalq C\u00fcmhuriyy\u0259ti antimilli qurum kimi q\u0259l\u0259m\u0259 verilirdi. Ancaq bizim m\u00fcst\u0259qilliyimizi \u0259limizd\u0259n alanlar, yerli satq\u0131nlar q\u0259hr\u0259man kimi q\u0259l\u0259m\u0259 verilirdi. K\u00fc\u00e7\u0259l\u0259r\u0259 onlar\u0131n adlar\u0131 verilir, onlara abid\u0259l\u0259r, monumentl\u0259r qoyulurdu. B\u0259lk\u0259 d\u0259 yaddan \u00e7\u0131x\u0131b, Sahil ba\u011f\u0131nda 26 Bak\u0131 komissarlar\u0131na abid\u0259 qoyulmu\u015fdu. M\u0259n fikirl\u0259\u015fdim ki, bu, n\u0259 m\u0259s\u0259l\u0259dir. Bunlar Az\u0259rbaycan xalq\u0131n\u0131n qan\u0131n\u0131 ax\u0131d\u0131blar, bizi m\u0259hv edibl\u0259r. He\u00e7 \u015f\u0259h\u0259rin m\u0259rk\u0259zind\u0259 bel\u0259 abid\u0259mi olar? O abid\u0259 d\u0259 v\u0259 o quldur d\u0259st\u0259sinin \u00fczvl\u0259rinin abid\u0259l\u0259ri d\u0259 s\u00f6k\u00fcld\u00fc v\u0259 d\u00fcz d\u0259 etmi\u015f\u0259m. B\u00fct\u00fcn dini ayinl\u0259ri g\u00f6zl\u0259m\u0259k \u015f\u0259rti il\u0259 onlar\u0131n q\u0259birl\u0259ri oradan k\u00f6\u00e7\u00fcr\u00fcld\u00fc. Ancaq bu, d\u00f6z\u00fclm\u0259z idi ki, \u015f\u0259h\u0259rimizin m\u0259rk\u0259zind\u0259 Az\u0259rbaycan xalq\u0131n\u0131n d\u00fc\u015fm\u0259nl\u0259rin\u0259 abid\u0259 ucald\u0131l\u0131b.<\/em><\/strong><\/p>\n\n\n\n<p>Ona g\u00f6r\u0259 m\u0259n deyir\u0259m, bizim g\u0259ncl\u0259r bu tarixi bilm\u0259lidirl\u0259r, q\u0259dim tariximizi bilm\u0259lidirl\u0259r. Bilm\u0259lidirl\u0259r ki, bug\u00fcnk\u00fc Erm\u0259nistan Az\u0259rbaycan torpaqlar\u0131nda formala\u015f\u0131b, bug\u00fcnk\u00fc Erm\u0259nistan x\u0259rit\u0259sind\u0259 co\u011frafi toponiml\u0259rin \u0259sl adlar\u0131n\u0131 bilm\u0259lidirl\u0259r. M\u0259n gedir\u0259m, haradasa x\u0259rit\u0259d\u0259 sonra d\u0259yi\u015fdirilmi\u015f erm\u0259ni adlar\u0131n\u0131 g\u00f6r\u00fcr\u0259m. B\u00fct\u00fcn yerli icra orqanlar\u0131na irad tuturam ki, bilmirsiniz, gedin soru\u015fun. Fikirl\u0259\u015fin n\u0259 yaz\u0131rs\u0131n\u0131z, ax\u0131, bunun q\u0259dim Az\u0259rbaycan ad\u0131 var. Bu, bizim torpa\u011f\u0131m\u0131zd\u0131r. Ona g\u00f6r\u0259, bu sah\u0259y\u0259 x\u00fcsusi diqq\u0259t g\u00f6st\u0259rm\u0259liyik. Orduda xidm\u0259t ed\u0259n h\u0259r bir g\u0259nc t\u0259rxis olunandan, m\u00fclki h\u0259yata qay\u0131dandan sonra \u00f6z tarixini oldu\u011fu kimi bilm\u0259lidir.&#187;<\/p>\n","protected":false},"excerpt":{"rendered":"<p>&#171;\u00d6lk\u0259mizin tarixi &#8212; h\u0259m q\u0259dim tarixi, h\u0259m d\u0259 m\u00fcasir tarixi il\u0259 \u0259laq\u0259dar h\u0259r bir \u0259sg\u0259rd\u0259,&#8230;<\/p>\n","protected":false},"author":3,"featured_media":0,"comment_status":"closed","ping_status":"closed","sticky":false,"template":"","format":"standard","meta":{"footnotes":""},"categories":[4],"tags":[],"class_list":["post-6762","post","type-post","status-publish","format-standard","hentry","category-tarix"],"featured_image_urls":{"full":"","thumbnail":"","medium":"","medium_large":"","large":"","1536x1536":"","2048x2048":"","covernews-slider-full":"","covernews-slider-center":"","covernews-featured":"","covernews-medium":"","covernews-medium-square":""},"author_info":{"display_name":"Veteran.az","author_link":"https:\/\/veteran.az\/?author=3"},"category_info":"<a href=\"https:\/\/veteran.az\/?cat=4\" rel=\"category\">Tarix<\/a>","tag_info":"Tarix","comment_count":"0","_links":{"self":[{"href":"https:\/\/veteran.az\/index.php?rest_route=\/wp\/v2\/posts\/6762","targetHints":{"allow":["GET"]}}],"collection":[{"href":"https:\/\/veteran.az\/index.php?rest_route=\/wp\/v2\/posts"}],"about":[{"href":"https:\/\/veteran.az\/index.php?rest_route=\/wp\/v2\/types\/post"}],"author":[{"embeddable":true,"href":"https:\/\/veteran.az\/index.php?rest_route=\/wp\/v2\/users\/3"}],"replies":[{"embeddable":true,"href":"https:\/\/veteran.az\/index.php?rest_route=%2Fwp%2Fv2%2Fcomments&post=6762"}],"version-history":[{"count":1,"href":"https:\/\/veteran.az\/index.php?rest_route=\/wp\/v2\/posts\/6762\/revisions"}],"predecessor-version":[{"id":6764,"href":"https:\/\/veteran.az\/index.php?rest_route=\/wp\/v2\/posts\/6762\/revisions\/6764"}],"wp:attachment":[{"href":"https:\/\/veteran.az\/index.php?rest_route=%2Fwp%2Fv2%2Fmedia&parent=6762"}],"wp:term":[{"taxonomy":"category","embeddable":true,"href":"https:\/\/veteran.az\/index.php?rest_route=%2Fwp%2Fv2%2Fcategories&post=6762"},{"taxonomy":"post_tag","embeddable":true,"href":"https:\/\/veteran.az\/index.php?rest_route=%2Fwp%2Fv2%2Ftags&post=6762"}],"curies":[{"name":"wp","href":"https:\/\/api.w.org\/{rel}","templated":true}]}}