{"id":6743,"date":"2020-06-26T00:17:41","date_gmt":"2020-06-25T20:17:41","guid":{"rendered":"http:\/\/veteran.az\/?p=6743"},"modified":"2020-06-26T00:17:44","modified_gmt":"2020-06-25T20:17:44","slug":"ilham-%c9%99liyev-aprel-doyusl%c9%99rind%c9%99n-gunnut-%c9%99m%c9%99liyyatindan-danisdi","status":"publish","type":"post","link":"https:\/\/veteran.az\/?p=6743","title":{"rendered":"\u0130lham \u018fliyev Aprel d\u00f6y\u00fc\u015fl\u0259rind\u0259n, G\u00fcnn\u00fct \u0259m\u0259liyyat\u0131ndan dan\u0131\u015fd\u0131"},"content":{"rendered":"\n<p>&#171;\u018flb\u0259tt\u0259 ki, \u0259sas d\u00f6y\u00fc\u015f qabiliyy\u0259timizdir. B\u00fct\u00fcn dig\u0259r amill\u0259r ki, m\u0259n qeyd etdim bunun m\u0259qs\u0259di var, o da d\u00f6y\u00fc\u015f qabiliyy\u0259tini art\u0131rmaqd\u0131r. Bu istiqam\u0259td\u0259 d\u0259 laz\u0131mi add\u0131mlar at\u0131l\u0131r&#187;.<\/p>\n\n\n\n<p>&#171;Report&#187; x\u0259b\u0259r verir ki, bu fikirl\u0259ri&nbsp;Az\u0259rbaycan Respublikas\u0131n\u0131n Prezidenti, Silahl\u0131 Q\u00fcvv\u0259l\u0259rin Ali Ba\u015f Komandan\u0131&nbsp;<a href=\"https:\/\/report.az\/persona\/ilham-%C9%99liyev\/\" target=\"_blank\" rel=\"noreferrer noopener\">\u0130lham \u018fliyev<\/a>&nbsp;iyunun 25-d\u0259 M\u00fcdafi\u0259 Nazirliyinin &#171;N&#187; sayl\u0131 h\u0259rbi hiss\u0259sinin a\u00e7\u0131l\u0131\u015f\u0131nda \u00e7\u0131x\u0131\u015f\u0131 zaman\u0131 bildirib.<\/p>\n\n\n\n<p>D\u00f6vl\u0259t ba\u015f\u00e7\u0131s\u0131 deyib: &#171;H\u0259m 2016-c\u0131 ilin, h\u0259m 2018-ci ill\u0259rin h\u0259rbi \u0259m\u0259liyyatlar\u0131 bunu g\u00f6st\u0259rdi. Biz b\u00f6y\u00fck \u0259razini i\u015f\u011fal\u00e7\u0131lardan azad ed\u0259 bilmi\u015fik. F\u00fczuli, C\u0259bray\u0131l, A\u011fd\u0259r\u0259 rayonlar\u0131n\u0131n bir hiss\u0259sini 2016-c\u0131 ild\u0259 d\u00fc\u015fm\u0259nd\u0259n azad etmi\u015fik v\u0259 o torpaqlarda Az\u0259rbaycan bayra\u011f\u0131n\u0131 ucaltm\u0131\u015f\u0131q. Erm\u0259nil\u0259rin i\u015f\u011fal edilmi\u015f torpaqlarda qazd\u0131qlar\u0131 s\u0259ng\u0259rl\u0259r\u0259 girmi\u015fik. Biz indi orada otururuq v\u0259 orada m\u00f6hk\u0259ml\u0259nmi\u015fik. U\u011furlu Nax\u00e7\u0131van \u0259m\u0259liyyat\u0131 n\u0259tic\u0259sind\u0259 10 min hektardan \u00e7ox \u0259razini i\u015f\u011fal\u00e7\u0131lardan azad etmi\u015fik v\u0259 strateji y\u00fcks\u0259klikl\u0259r\u0259 \u00e7\u0131xm\u0131\u015f\u0131q. Erm\u0259nistandan Da\u011fl\u0131q Qaraba\u011fa ged\u0259n yol bizim g\u00f6z\u00fcm\u00fcz\u00fcn qaba\u011f\u0131ndan ke\u00e7ir. Ona g\u00f6r\u0259 d\u00f6y\u00fc\u015f qabiliyy\u0259tinin art\u0131r\u0131lmas\u0131 istiqam\u0259tind\u0259 \u0259lav\u0259 add\u0131mlar at\u0131lmal\u0131d\u0131r ki, biz h\u0259r an \u0259razi b\u00fct\u00f6vl\u00fcy\u00fcm\u00fcz\u00fc b\u0259rpa etm\u0259k \u00fc\u00e7\u00fcn haz\u0131r olaq. Bizim \u0259razi b\u00fct\u00f6vl\u00fcy\u00fcm\u00fcz b\u0259rpa edilm\u0259lidir v\u0259 edil\u0259c\u0259k, he\u00e7 kimd\u0259 bu haqda \u015f\u00fcbh\u0259 olmas\u0131n. Sad\u0259c\u0259, daha g\u00fccl\u00fc olmal\u0131y\u0131q. Geosiyasi v\u0259ziyy\u0259t\u0259 daim n\u0259zar\u0259t etm\u0259liyik. Beyn\u0259lxalq m\u00fcst\u0259vid\u0259 d\u0259yi\u015f\u0259n v\u0259ziyy\u0259ti d\u00fczg\u00fcn t\u0259hlil etm\u0259liyik v\u0259 beyn\u0259lxalq al\u0259md\u0259 daha \u00e7ox dost toplamal\u0131y\u0131q. Biz bunu da edirik. Bu g\u00fcn beyn\u0259lxalq al\u0259md\u0259 Az\u0259rbaycanla dostluq ed\u0259n \u00f6lk\u0259l\u0259rin say\u0131 g\u00fcnd\u0259n-g\u00fcn\u0259 art\u0131r&#187;.(Report)<\/p>\n","protected":false},"excerpt":{"rendered":"<p>&#171;\u018flb\u0259tt\u0259 ki, \u0259sas d\u00f6y\u00fc\u015f qabiliyy\u0259timizdir. B\u00fct\u00fcn dig\u0259r amill\u0259r ki, m\u0259n qeyd etdim bunun m\u0259qs\u0259di var,&#8230;<\/p>\n","protected":false},"author":3,"featured_media":0,"comment_status":"closed","ping_status":"closed","sticky":false,"template":"","format":"standard","meta":{"footnotes":""},"categories":[6],"tags":[],"class_list":["post-6743","post","type-post","status-publish","format-standard","hentry","category-cmiyyt"],"featured_image_urls":{"full":"","thumbnail":"","medium":"","medium_large":"","large":"","1536x1536":"","2048x2048":"","covernews-slider-full":"","covernews-slider-center":"","covernews-featured":"","covernews-medium":"","covernews-medium-square":""},"author_info":{"display_name":"Veteran.az","author_link":"https:\/\/veteran.az\/?author=3"},"category_info":"<a href=\"https:\/\/veteran.az\/?cat=6\" rel=\"category\">C\u0259miyy\u0259t<\/a>","tag_info":"C\u0259miyy\u0259t","comment_count":"0","_links":{"self":[{"href":"https:\/\/veteran.az\/index.php?rest_route=\/wp\/v2\/posts\/6743","targetHints":{"allow":["GET"]}}],"collection":[{"href":"https:\/\/veteran.az\/index.php?rest_route=\/wp\/v2\/posts"}],"about":[{"href":"https:\/\/veteran.az\/index.php?rest_route=\/wp\/v2\/types\/post"}],"author":[{"embeddable":true,"href":"https:\/\/veteran.az\/index.php?rest_route=\/wp\/v2\/users\/3"}],"replies":[{"embeddable":true,"href":"https:\/\/veteran.az\/index.php?rest_route=%2Fwp%2Fv2%2Fcomments&post=6743"}],"version-history":[{"count":1,"href":"https:\/\/veteran.az\/index.php?rest_route=\/wp\/v2\/posts\/6743\/revisions"}],"predecessor-version":[{"id":6746,"href":"https:\/\/veteran.az\/index.php?rest_route=\/wp\/v2\/posts\/6743\/revisions\/6746"}],"wp:attachment":[{"href":"https:\/\/veteran.az\/index.php?rest_route=%2Fwp%2Fv2%2Fmedia&parent=6743"}],"wp:term":[{"taxonomy":"category","embeddable":true,"href":"https:\/\/veteran.az\/index.php?rest_route=%2Fwp%2Fv2%2Fcategories&post=6743"},{"taxonomy":"post_tag","embeddable":true,"href":"https:\/\/veteran.az\/index.php?rest_route=%2Fwp%2Fv2%2Ftags&post=6743"}],"curies":[{"name":"wp","href":"https:\/\/api.w.org\/{rel}","templated":true}]}}