{"id":6712,"date":"2020-06-23T11:41:12","date_gmt":"2020-06-23T07:41:12","guid":{"rendered":"http:\/\/veteran.az\/?p=6712"},"modified":"2020-06-23T11:41:14","modified_gmt":"2020-06-23T07:41:14","slug":"%c9%99rdogandan-qondarma-erm%c9%99ni-soyqirimi-iddialari-il%c9%99-bagli-muhum-q%c9%99rar","status":"publish","type":"post","link":"https:\/\/veteran.az\/?p=6712","title":{"rendered":"\u018frdo\u011fandan qondarma &#171;erm\u0259ni soyq\u0131r\u0131m\u0131&#187; iddialar\u0131 il\u0259 ba\u011fl\u0131 m\u00fch\u00fcm &#8212; Q\u018fRAR"},"content":{"rendered":"\n<p>T\u00fcrkiy\u0259 qondarma erm\u0259ni soyq\u0131r\u0131m\u0131 iddialar\u0131 il\u0259 m\u00fcbariz\u0259 \u00fc\u00e7\u00fcn Cumhuriyy\u0259t tarixind\u0259 bir ilk imza at\u0131r.\u00a0<\/p>\n\n\n\n<p><strong>EDNews.net<\/strong>-in m\u0259lumat\u0131na g\u00f6r\u0259, prezident R\u0259c\u0259b Tayyib \u018frdo\u011fan \u0259sass\u0131z erm\u0259ni iddialar\u0131 il\u0259 m\u00fcbariz\u0259 \u00fc\u00e7\u00fcn starategiya yarad\u0131lmas\u0131 bar\u0259d\u0259 t\u0259limat verib.<\/p>\n\n\n\n<p>Bu qurum T\u00fcrkiy\u0259nin 1915-ci il hadis\u0259l\u0259ri il\u0259 ba\u011fl\u0131 beyn\u0259lxalq arenada \u00f6z\u00fcn\u00fc daha yax\u015f\u0131 anlatmas\u0131na imkan yaradacaq.\u00a0Bununla ba\u011fl\u0131 a\u00e7\u0131qlama \u00f6t\u0259n g\u00fcn ke\u00e7iril\u0259n brifinqd\u0259 verilib. Brifinqd\u0259 qeyd edilib ki, T\u00fcrkiy\u0259d\u0259 erm\u0259ni iddialar\u0131 il\u0259 birba\u015fa maraqlanan, bu m\u0259s\u0259l\u0259 il\u0259 ba\u011fl\u0131 arqument v\u0259 strategiya haz\u0131rlayan bir qurum yoxdur.\u00a0<\/p>\n\n\n\n<p>Yeni yarad\u0131lacaq qurum h\u00f6kum\u0259td\u0259n as\u0131l\u0131 olmayacaq, m\u0259s\u0259l\u0259y\u0259 ancaq siyasi m\u00fcst\u0259vid\u0259n deyil, eyni zamanda m\u0259d\u0259ni, tarixi, t\u0259bli\u011fat, h\u00fcquq kimi b\u00fct\u00fcn aspektl\u0259rd\u0259n yana\u015facaq. \u0130dar\u0259nin m\u00fcst\u0259qil ictimai bir c\u0259miyy\u0259t olmas\u0131 bar\u0259d\u0259 q\u0259rar verilib.<\/p>\n","protected":false},"excerpt":{"rendered":"<p>T\u00fcrkiy\u0259 qondarma erm\u0259ni soyq\u0131r\u0131m\u0131 iddialar\u0131 il\u0259 m\u00fcbariz\u0259 \u00fc\u00e7\u00fcn Cumhuriyy\u0259t tarixind\u0259 bir ilk imza at\u0131r.\u00a0 EDNews.net-in&#8230;<\/p>\n","protected":false},"author":3,"featured_media":0,"comment_status":"closed","ping_status":"closed","sticky":false,"template":"","format":"standard","meta":{"footnotes":""},"categories":[7],"tags":[],"class_list":["post-6712","post","type-post","status-publish","format-standard","hentry","category-dunya"],"featured_image_urls":{"full":"","thumbnail":"","medium":"","medium_large":"","large":"","1536x1536":"","2048x2048":"","covernews-slider-full":"","covernews-slider-center":"","covernews-featured":"","covernews-medium":"","covernews-medium-square":""},"author_info":{"display_name":"Veteran.az","author_link":"https:\/\/veteran.az\/?author=3"},"category_info":"<a href=\"https:\/\/veteran.az\/?cat=7\" rel=\"category\">D\u00fcnya<\/a>","tag_info":"D\u00fcnya","comment_count":"0","_links":{"self":[{"href":"https:\/\/veteran.az\/index.php?rest_route=\/wp\/v2\/posts\/6712","targetHints":{"allow":["GET"]}}],"collection":[{"href":"https:\/\/veteran.az\/index.php?rest_route=\/wp\/v2\/posts"}],"about":[{"href":"https:\/\/veteran.az\/index.php?rest_route=\/wp\/v2\/types\/post"}],"author":[{"embeddable":true,"href":"https:\/\/veteran.az\/index.php?rest_route=\/wp\/v2\/users\/3"}],"replies":[{"embeddable":true,"href":"https:\/\/veteran.az\/index.php?rest_route=%2Fwp%2Fv2%2Fcomments&post=6712"}],"version-history":[{"count":1,"href":"https:\/\/veteran.az\/index.php?rest_route=\/wp\/v2\/posts\/6712\/revisions"}],"predecessor-version":[{"id":6714,"href":"https:\/\/veteran.az\/index.php?rest_route=\/wp\/v2\/posts\/6712\/revisions\/6714"}],"wp:attachment":[{"href":"https:\/\/veteran.az\/index.php?rest_route=%2Fwp%2Fv2%2Fmedia&parent=6712"}],"wp:term":[{"taxonomy":"category","embeddable":true,"href":"https:\/\/veteran.az\/index.php?rest_route=%2Fwp%2Fv2%2Fcategories&post=6712"},{"taxonomy":"post_tag","embeddable":true,"href":"https:\/\/veteran.az\/index.php?rest_route=%2Fwp%2Fv2%2Ftags&post=6712"}],"curies":[{"name":"wp","href":"https:\/\/api.w.org\/{rel}","templated":true}]}}