{"id":6703,"date":"2020-06-22T13:17:21","date_gmt":"2020-06-22T09:17:21","guid":{"rendered":"http:\/\/veteran.az\/?p=6703"},"modified":"2020-06-22T13:58:30","modified_gmt":"2020-06-22T09:58:30","slug":"6703","status":"publish","type":"post","link":"https:\/\/veteran.az\/?p=6703","title":{"rendered":"Brandenburq qap\u0131s\u0131 \u00fcz\u0259rin\u0259 Sovet bayra\u011f\u0131n\u0131 taxan soyda\u015f\u0131m\u0131z\u0131n ad g\u00fcn\u00fcd\u00fcr"},"content":{"rendered":"\n<p><strong>Az\u0259rbaycan v\u0259 Sovet h\u0259rbi xadimi, 1945-ci il may\u0131n 2-d\u0259 Berlinin al\u0131nmas\u0131 zaman\u0131, Brandenburq qap\u0131s\u0131 \u00fcz\u0259rind\u0259 Sovet bayra\u011f\u0131n\u0131 dal\u011faland\u0131rm\u0131\u015f polkovnik R\u0259\u015fid \u018fs\u0259d o\u011flu M\u0259cidovun AD G\u00dcN\u00dcD\u00dcR.<\/strong><\/p>\n\n\n\n<p><br>1908-ci ild\u0259 Bak\u0131 \u015f\u0259h\u0259rind\u0259 anadan olub. Bak\u0131 S\u0259naye v\u0259 \u0130qtisadiyyat Texnikimunda t\u0259hsil alm\u0131\u015fd\u0131r. 8 n\u00f6mr\u0259li yetimxanada t\u0259rbiy\u0259\u00e7i v\u0259 qabaqc\u0131l pioner idi. <\/p>\n\n\n\n<p>Zaqafqaziya SFSR ill\u0259rind\u0259 Komsomol regional komit\u0259sinin katibi se\u00e7ildi. <\/p>\n\n\n\n<p>1933-c\u00fc ilin noyabr\u0131ndan &#8212; Az\u0259rbaycan Komsomolunun M\u0259rk\u0259zi Komit\u0259sinin birinci katibi olub. Daha sonra Moskvada Ali Partiya M\u0259kt\u0259bind\u0259 t\u0259hsilini davam etdirib.Sonra Qarada\u011f Rayon Partiyas\u0131 Komit\u0259sinin birinci katibi, Oktyabr rayon t\u0259\u015fkilat komit\u0259sinin birinci katibi v\u0259 Yay\u0131mlama Komit\u0259sinin s\u0259dri olub.<\/p>\n\n\n\n<figure class=\"wp-block-image\"><img decoding=\"async\" src=\"http:\/\/germany.az\/uploads\/posts\/2017-08\/1502389431_b_550_325_16777215_00_images_xeber_sekilleri_1iyul2016_mecidov1.jpg\" alt=\"\"\/><\/figure>\n\n\n\n<p>B\u00f6y\u00fck V\u0259t\u0259n m\u00fcharib\u0259si d\u00f6vr\u00fcnd\u0259 o, 416-c\u0131 at\u0131c\u0131 diviziyas\u0131n\u0131n siyasi \u015f\u00f6b\u0259sinin r\u0259hb\u0259ri idi. Diviziyan\u0131n t\u0259rkibind\u0259 Mozdokdan Berlin\u0259 q\u0259d\u0259r yol ke\u00e7ib. 1945-ci il may\u0131n 2-d\u0259 Berlinin al\u0131nmas\u0131 zaman\u0131, Berlinin Brandenburq qap\u0131s\u0131 \u00fcz\u0259rind\u0259 Sovet bayra\u011f\u0131n\u0131 dal\u011faland\u0131rm\u0131\u015fd\u0131r.<\/p>\n\n\n\n<figure class=\"wp-block-image is-resized\"><img loading=\"lazy\" decoding=\"async\" src=\"http:\/\/veteran.az\/wp-content\/uploads\/2020\/06\/1502389382_b_550_325_16777215_00_images_xeber_sekilleri_1iyul2016_mecidov-150x150.jpg\" alt=\"\" width=\"488\" height=\"488\"\/><\/figure>\n\n\n\n<p>M\u00fcharib\u0259d\u0259n sonra G\u00fcrc\u00fcstan SSR-d\u0259 Vazianid\u0259 artilleriya alay\u0131 hey\u0259tinin ba\u015f\u00e7\u0131s\u0131 t\u0259yin olunub.O, daha sonra Az\u0259rbaycan Milli Diviziyas\u0131n\u0131n siyasi \u015f\u00f6b\u0259sinin r\u0259hb\u0259ri idi. Bak\u0131n\u0131n Oktyabr rayon komit\u0259sinin birinci katibi, Az\u0259rbaycan Kommunist Partiyas\u0131 M\u0259rk\u0259zi Komit\u0259sinin inzibati qurumlar\u0131 \u015f\u00f6b\u0259sinin m\u00fcdiri v\u0259zif\u0259sind\u0259 \u00e7al\u0131\u015fm\u0131\u015fd\u0131r.Az\u0259rbaycan SSR Ali Sovetinin III \u00e7a\u011f\u0131r\u0131\u015f\u0131nda deputat se\u00e7ilib.<\/p>\n\n\n\n<figure class=\"wp-block-image\"><img decoding=\"async\" src=\"http:\/\/germany.az\/uploads\/posts\/2017-08\/1502389463_b_550_325_16777215_00_images_xeber_sekilleri_1iyul2016_mecidov3.jpg\" alt=\"\"\/><\/figure>\n\n\n\n<p>Leykemiyadan \u0259ziyy\u0259t \u00e7\u0259k\u0259n R\u0259\u015fid M\u0259cidov, 1970-ci ild\u0259 v\u0259fat etmi\u015fdir. 1970-ci ild\u0259 Bak\u0131da yerl\u0259\u015f\u0259n F\u0259xri Xiyabanda d\u0259fn edilib. R\u0259\u015fid M\u0259cidov Mariya \u0130vanova il\u0259 ail\u0259 h\u0259yat\u0131 qurmu\u015f v\u0259 \u00f6mr\u00fcn\u00fcn sonuna q\u0259d\u0259r onunla evli idi. <\/p>\n\n\n\n<figure class=\"wp-block-image\"><img decoding=\"async\" src=\"https:\/\/scontent.fgyd4-2.fna.fbcdn.net\/v\/t1.0-9\/104851031_4028417697229692_877257366778342066_n.jpg?_nc_cat=104&amp;_nc_sid=110474&amp;_nc_ohc=d-meVAIAfRYAX8ncWYl&amp;_nc_ht=scontent.fgyd4-2.fna&amp;oh=3b860adf2cbed22b4de9917d69a92e9e&amp;oe=5F15F1CD\" alt=\"\u041d\u0430 \u0438\u0437\u043e\u0431\u0440\u0430\u0436\u0435\u043d\u0438\u0438 \u043c\u043e\u0436\u0435\u0442 \u043d\u0430\u0445\u043e\u0434\u0438\u0442\u044c\u0441\u044f: 1 \u0447\u0435\u043b\u043e\u0432\u0435\u043a\"\/><\/figure>\n\n\n\n<p><strong>Bu izdivacdan 3 o\u011flu olub. Onlardan ikisi Qaraba\u011f m\u00fcharib\u0259sind\u0259 i\u015ftirak edib. <\/strong><\/p>\n\n\n\n<p><strong>B\u00f6y\u00fck o\u011flu Vladislav x\u00fcsusi t\u0259yinatl\u0131lar q\u0259rargah\u0131n\u0131n r\u0259isi, Mikay\u0131l is\u0259 A\u011fdamdak\u0131 h\u0259rbi sah\u0259 x\u0259st\u0259xanas\u0131nda neyroc\u0259rrah kimi xidm\u0259t edib.<\/strong><\/p>\n\n\n\n<p><strong>Leyla H\u0259s\u0259nova<\/strong><\/p>\n\n\n\n<figure class=\"wp-block-embed-youtube wp-block-embed is-type-video is-provider-youtube wp-embed-aspect-16-9 wp-has-aspect-ratio\"><div class=\"wp-block-embed__wrapper\">\n<iframe loading=\"lazy\" title=\"B\u00d6Y\u00dcK AZ\u018fRBAYCANLI V\u018f YA BERL\u0130ND\u018f Q\u018fL\u018fB\u018f BAYRA\u011eINI SANCAN R\u018f\u015e\u0130D M\u018fC\u0130DOV!\" width=\"640\" height=\"360\" src=\"https:\/\/www.youtube.com\/embed\/rJEg-gfVVTg?feature=oembed\" frameborder=\"0\" allow=\"accelerometer; autoplay; clipboard-write; encrypted-media; gyroscope; picture-in-picture; web-share\" referrerpolicy=\"strict-origin-when-cross-origin\" allowfullscreen><\/iframe>\n<\/div><\/figure>\n","protected":false},"excerpt":{"rendered":"<p>Az\u0259rbaycan v\u0259 Sovet h\u0259rbi xadimi, 1945-ci il may\u0131n 2-d\u0259 Berlinin al\u0131nmas\u0131 zaman\u0131, Brandenburq qap\u0131s\u0131 \u00fcz\u0259rind\u0259&#8230;<\/p>\n","protected":false},"author":3,"featured_media":0,"comment_status":"closed","ping_status":"closed","sticky":false,"template":"","format":"standard","meta":{"footnotes":""},"categories":[12],"tags":[],"class_list":["post-6703","post","type-post","status-publish","format-standard","hentry","category-veteran"],"featured_image_urls":{"full":"","thumbnail":"","medium":"","medium_large":"","large":"","1536x1536":"","2048x2048":"","covernews-slider-full":"","covernews-slider-center":"","covernews-featured":"","covernews-medium":"","covernews-medium-square":""},"author_info":{"display_name":"Veteran.az","author_link":"https:\/\/veteran.az\/?author=3"},"category_info":"<a href=\"https:\/\/veteran.az\/?cat=12\" rel=\"category\">Veteran d\u00fcnyas\u0131<\/a>","tag_info":"Veteran d\u00fcnyas\u0131","comment_count":"0","_links":{"self":[{"href":"https:\/\/veteran.az\/index.php?rest_route=\/wp\/v2\/posts\/6703","targetHints":{"allow":["GET"]}}],"collection":[{"href":"https:\/\/veteran.az\/index.php?rest_route=\/wp\/v2\/posts"}],"about":[{"href":"https:\/\/veteran.az\/index.php?rest_route=\/wp\/v2\/types\/post"}],"author":[{"embeddable":true,"href":"https:\/\/veteran.az\/index.php?rest_route=\/wp\/v2\/users\/3"}],"replies":[{"embeddable":true,"href":"https:\/\/veteran.az\/index.php?rest_route=%2Fwp%2Fv2%2Fcomments&post=6703"}],"version-history":[{"count":2,"href":"https:\/\/veteran.az\/index.php?rest_route=\/wp\/v2\/posts\/6703\/revisions"}],"predecessor-version":[{"id":6707,"href":"https:\/\/veteran.az\/index.php?rest_route=\/wp\/v2\/posts\/6703\/revisions\/6707"}],"wp:attachment":[{"href":"https:\/\/veteran.az\/index.php?rest_route=%2Fwp%2Fv2%2Fmedia&parent=6703"}],"wp:term":[{"taxonomy":"category","embeddable":true,"href":"https:\/\/veteran.az\/index.php?rest_route=%2Fwp%2Fv2%2Fcategories&post=6703"},{"taxonomy":"post_tag","embeddable":true,"href":"https:\/\/veteran.az\/index.php?rest_route=%2Fwp%2Fv2%2Ftags&post=6703"}],"curies":[{"name":"wp","href":"https:\/\/api.w.org\/{rel}","templated":true}]}}