{"id":6671,"date":"2020-06-21T01:36:24","date_gmt":"2020-06-20T21:36:24","guid":{"rendered":"http:\/\/veteran.az\/?p=6671"},"modified":"2020-06-21T01:36:26","modified_gmt":"2020-06-20T21:36:26","slug":"rusiyali-deputat-marat-aslanov-az%c9%99rbaycan-oz-v%c9%99t%c9%99ndaslarinin-maraqlarini-mudafi%c9%99-etmir-video","status":"publish","type":"post","link":"https:\/\/veteran.az\/?p=6671","title":{"rendered":"Rusiyal\u0131 deputat Marat Aslanov: &#171;Az\u0259rbaycan \u00f6z v\u0259t\u0259nda\u015flar\u0131n\u0131n maraqlar\u0131n\u0131 m\u00fcdafi\u0259 etmir&#187; &#8212; V\u0130DEO"},"content":{"rendered":"\n<p><em><strong>&#171;Az\u0259rbaycan h\u00f6kum\u0259tinin Da\u011f\u0131standa s\u0259rh\u0259dd\u0259 qalm\u0131\u015f v\u0259t\u0259nda\u015flar\u0131n\u0131n maraqlar\u0131n\u0131 m\u00fcdafi\u0259 etm\u0259m\u0259si \u00e7ox t\u0259\u0259cc\u00fcbl\u00fcd\u00fcr\u201d.<\/strong><\/em><strong><br><br><\/strong>Bu s\u00f6zl\u0259ri &#171;Azadl\u0131q&#187; Radiosuna m\u00fcsahib\u0259sind\u0259 Da\u011f\u0131stan Parlamentinin deputat\u0131 Marat Aslanov deyib. O s\u00f6yl\u0259yib ki, Az\u0259rbaycan m\u0259murlar\u0131 \u00f6z v\u0259t\u0259nda\u015flar\u0131 il\u0259 he\u00e7 g\u0259lib g\u00f6r\u00fc\u015fm\u00fcrl\u0259r d\u0259.<\/p>\n\n\n\n<figure class=\"wp-block-image\"><img decoding=\"async\" src=\"https:\/\/civilazerbaijan.com\/uploads\/posts\/2020-06\/medium\/1592553729_marat-aslanov1.jpg\" alt=\"Rusiyal\u0131 deputat: &quot;Az\u0259rbaycan \u00f6z v\u0259t\u0259nda\u015flar\u0131n\u0131n maraqlar\u0131n\u0131 m\u00fcdafi\u0259 etmir&quot; -\"\/><\/figure>\n\n\n\n<p>\u201cS\u0259rh\u0259dd\u0259 qalm\u0131\u015f Az\u0259rbaycan v\u0259t\u0259nda\u015flar\u0131n\u0131n s\u0259bri t\u00fck\u0259nib. \u00c7\u00fcnki onlara he\u00e7 bir konkret s\u00f6z deyilmir. Bura Az\u0259rbaycan t\u0259r\u0259fd\u0259n hans\u0131sa m\u0259murlar g\u0259lir. Amma bu adamlarla he\u00e7 kim g\u00f6r\u00fc\u015fm\u00fcr, inan\u0131n m\u0259n\u0259. Az\u0259rbaycan n\u00fcmay\u0259nd\u0259l\u0259ri g\u0259lib, D\u0259rb\u0259nd rayon hakimiyy\u0259tinin kabinetind\u0259, ayr\u0131-ayr\u0131 m\u0259murlarla fotolar \u00e7\u0259kdiribl\u0259r v\u0259 \u00e7\u0131x\u0131b gedibl\u0259r. Amma bir v\u0259t\u0259nda\u015f kimi onlara he\u00e7 bir z\u0259man\u0259t verilm\u0259yib\u201d.<\/p>\n\n\n\n<p>\u0130yunun 15-d\u0259 Rusiya il\u0259 s\u0259rh\u0259dd\u0259 \u00fc\u00e7 aydan \u00e7oxdur ki, \u00f6lk\u0259sin\u0259 ke\u00e7m\u0259yi g\u00f6zl\u0259y\u0259n Az\u0259rbaycan v\u0259t\u0259nda\u015flar\u0131 il\u0259 yerli polis aras\u0131nda toqqu\u015fma olub. V\u0259t\u0259nda\u015flar Azadl\u0131qRadiosuna bildiribl\u0259r ki, hadis\u0259 vaxt\u0131 \u00fc\u00e7 n\u0259f\u0259r h\u0259lak olub, 90-a yax\u0131n adam adam saxlan\u0131b.<\/p>\n\n\n\n<p>V\u0259t\u0259nda\u015flar\u0131n b\u0259zil\u0259ri iddia edirl\u0259r ki, saxlananlara i\u015fg\u0259nc\u0259 verilir. Amma h\u0259lak olanlar v\u0259 i\u015fg\u0259ncl\u0259rl\u0259 ba\u011fl\u0131 m\u0259lumatlar\u0131 ba\u015fqa m\u0259nb\u0259l\u0259rd\u0259n d\u0259qiql\u0259\u015fdrm\u0259k m\u00fcmk\u00fcn olmur.<\/p>\n\n\n\n<p>Da\u011f\u0131stanl\u0131 deputat Marat Aslanov bildirir ki, qar\u015f\u0131durma vaxt\u0131 \u00f6l\u00fcm hadis\u0259si haqda onda m\u0259lumat yoxdur, amma m\u00fcraci\u0259t olarsa, h\u0259m bu bar\u0259d\u0259, h\u0259m d\u0259 i\u015fg\u0259nc\u0259 iddialar\u0131n\u0131 ara\u015fd\u0131rma\u011fa haz\u0131rd\u0131r.<\/p>\n\n\n\n<p>Az\u0259rbaycan Xarici \u0130\u015fl\u0259r Nazirliyi s\u0259rh\u0259dd\u0259 qalanlar\u0131 yaln\u0131z hiss\u0259-hiss\u0259 g\u0259tir\u0259 bil\u0259c\u0259yini, \u00f6lk\u0259d\u0259 karantin imkanlar\u0131n\u0131n m\u0259hdud oldu\u011funu bildirir.<\/p>\n\n\n\n<p><strong>Putin-\u018fliyev dan\u0131\u015f\u0131\u011f\u0131 bar\u0259d\u0259 geni\u015f m\u0259lumat yoxdur<\/strong><\/p>\n\n\n\n<p>Az\u0259rTAC d\u00f6vl\u0259t informasiya agentliyinin m\u0259lumat\u0131na g\u00f6r\u0259, iyunun 18-d\u0259, Rusiya v\u0259 Az\u0259rbaycan prezidentl\u0259ri, Vladimir Putin v\u0259 \u0130lham \u018fliyev aras\u0131nda telefon dan\u0131\u015f\u0131\u011f\u0131 olub.<\/p>\n\n\n\n<p>\u0130ki prezidentin s\u00f6z\u00fcged\u0259n insidenti m\u00fczakir\u0259 edib-etm\u0259diyi bar\u0259d\u0259 m\u0259lumat verilmir. X\u0259b\u0259r\u0259 g\u00f6r\u0259, \u0130lham \u018fliyev bildirib ki, onun Rusiya Prezidenti il\u0259 bu il may\u0131n 18-d\u0259ki telefon dan\u0131\u015f\u0131\u011f\u0131ndan \u00f6t\u0259n d\u00f6vr \u0259rzind\u0259 Samur ke\u00e7id m\u0259nt\u0259q\u0259sind\u0259n 700-\u0259 yax\u0131n, b\u00fct\u00f6vl\u00fckd\u0259 bir ay \u0259rzind\u0259 is\u0259 quru v\u0259 hava yollar\u0131 il\u0259 1000-\u0259 yax\u0131n Az\u0259rbaycan v\u0259t\u0259nda\u015f\u0131 Rusiyadan \u00f6lk\u0259y\u0259 g\u0259tirilib.<\/p>\n\n\n\n<p>Prezidentl\u0259r m\u00fcvafiq d\u00f6vl\u0259t strukturlar\u0131na s\u0259rh\u0259dd\u0259 v\u0259ziyy\u0259tin t\u0259nziml\u0259nm\u0259si il\u0259 \u0259laq\u0259dar \u0259lav\u0259 tap\u015f\u0131r\u0131qlar\u0131n verilm\u0259si bar\u0259d\u0259 raz\u0131la\u015f\u0131blar.<\/p>\n\n\n\n<p><strong>Durum eyni olaraq qal\u0131r<\/strong><\/p>\n\n\n\n<p>Da\u011f\u0131standa qalm\u0131\u015f Az\u0259rbaycan v\u0259t\u0259nda\u015flar\u0131ndan biri Azadl\u0131qRadiosuna deyib ki, iyunun 17-d\u0259 s\u0259rh\u0259d ke\u00e7id m\u0259nt\u0259q\u0259sind\u0259 durum eyni qal\u0131r, bu g\u00fcn \u0259raziy\u0259 n\u0259zar\u0259ti art\u0131rmaq \u00fc\u00e7\u00fcn izl\u0259m\u0259 kameralar\u0131 qura\u015fd\u0131r\u0131l\u0131b.<\/p>\n\n\n\n<p>Da\u011f\u0131stan parlamentinin deputat\u0131 Marat Aslanov is\u0259 hesab edir ki, Az\u0259rbaycan t\u0259r\u0259fi v\u0259t\u0259nda\u015flar\u0131 il\u0259 ba\u011fl\u0131 m\u0259suliyy\u0259t \u00fcz\u0259rin\u0259 g\u00f6t\u00fcrm\u0259k:<\/p>\n\n\n\n<p>\u201cM\u0259n\u0259 el\u0259 g\u0259lir ki, Az\u0259rbaycan t\u0259r\u0259fi \u00f6z \u00fcz\u0259rin\u0259 m\u0259suliyy\u0259t g\u00f6t\u00fcrm\u0259k ist\u0259mir. Onlar bildirir ki, \u00f6z v\u0259t\u0259nda\u015flar\u0131n\u0131 q\u0259bul ed\u0259rs\u0259, bu insanlara tibbi yard\u0131m g\u00f6st\u0259r\u0259 bilm\u0259y\u0259c\u0259k. Amma bu \u0259m\u0259k\u00e7i miqrantlar bir ne\u00e7\u0259 d\u0259f\u0259 h\u0259kim m\u00fcayin\u0259sind\u0259n ke\u00e7ibl\u0259r. Bununla bel\u0259, Az\u0259rbaycan h\u00f6kum\u0259ti onlar\u0131 buraxm\u0131r. \u00c7ox t\u0259\u0259cc\u00fcbl\u00fc hald\u0131r ki, d\u00f6vl\u0259t \u00f6z v\u0259t\u0259nda\u015flar\u0131n\u0131n maraqlar\u0131n\u0131 m\u00fcdafi\u0259 el\u0259mir\u201d.<\/p>\n\n\n\n<p>Marat Aslanov deyir ki, Da\u011f\u0131stan t\u0259r\u0259finin ed\u0259 bil\u0259c\u0259yi he\u00e7 n\u0259 yoxdur v\u0259 g\u00f6zl\u0259yir ki, Az\u0259rbaycan \u00f6z v\u0259t\u0259nda\u015flar\u0131n\u0131 n\u0259 vaxt q\u0259bul ed\u0259c\u0259k.<\/p>\n\n\n\n<figure class=\"wp-block-embed-youtube wp-block-embed is-type-video is-provider-youtube wp-embed-aspect-16-9 wp-has-aspect-ratio\"><div class=\"wp-block-embed__wrapper\">\n<iframe loading=\"lazy\" title=\"Da\u011f\u0131stanl\u0131 deputat Azadl\u0131qRadiosuna dan\u0131\u015f\u0131r: &quot;Az\u0259rbaycan hakimiyy\u0259tin\u0259 t\u0259\u0259cc\u00fcbl\u0259nir\u0259m&quot;\" width=\"640\" height=\"360\" src=\"https:\/\/www.youtube.com\/embed\/5XsVFr3yL1Q?feature=oembed\" frameborder=\"0\" allow=\"accelerometer; autoplay; clipboard-write; encrypted-media; gyroscope; picture-in-picture; web-share\" referrerpolicy=\"strict-origin-when-cross-origin\" allowfullscreen><\/iframe>\n<\/div><\/figure>\n","protected":false},"excerpt":{"rendered":"<p>&#171;Az\u0259rbaycan h\u00f6kum\u0259tinin Da\u011f\u0131standa s\u0259rh\u0259dd\u0259 qalm\u0131\u015f v\u0259t\u0259nda\u015flar\u0131n\u0131n maraqlar\u0131n\u0131 m\u00fcdafi\u0259 etm\u0259m\u0259si \u00e7ox t\u0259\u0259cc\u00fcbl\u00fcd\u00fcr\u201d. Bu s\u00f6zl\u0259ri &#171;Azadl\u0131q&#187; Radiosuna&#8230;<\/p>\n","protected":false},"author":3,"featured_media":0,"comment_status":"closed","ping_status":"closed","sticky":false,"template":"","format":"standard","meta":{"footnotes":""},"categories":[10],"tags":[],"class_list":["post-6671","post","type-post","status-publish","format-standard","hentry","category-avmvib"],"featured_image_urls":{"full":"","thumbnail":"","medium":"","medium_large":"","large":"","1536x1536":"","2048x2048":"","covernews-slider-full":"","covernews-slider-center":"","covernews-featured":"","covernews-medium":"","covernews-medium-square":""},"author_info":{"display_name":"Veteran.az","author_link":"https:\/\/veteran.az\/?author=3"},"category_info":"<a href=\"https:\/\/veteran.az\/?cat=10\" rel=\"category\">AVMV\u0130B<\/a>","tag_info":"AVMV\u0130B","comment_count":"0","_links":{"self":[{"href":"https:\/\/veteran.az\/index.php?rest_route=\/wp\/v2\/posts\/6671","targetHints":{"allow":["GET"]}}],"collection":[{"href":"https:\/\/veteran.az\/index.php?rest_route=\/wp\/v2\/posts"}],"about":[{"href":"https:\/\/veteran.az\/index.php?rest_route=\/wp\/v2\/types\/post"}],"author":[{"embeddable":true,"href":"https:\/\/veteran.az\/index.php?rest_route=\/wp\/v2\/users\/3"}],"replies":[{"embeddable":true,"href":"https:\/\/veteran.az\/index.php?rest_route=%2Fwp%2Fv2%2Fcomments&post=6671"}],"version-history":[{"count":1,"href":"https:\/\/veteran.az\/index.php?rest_route=\/wp\/v2\/posts\/6671\/revisions"}],"predecessor-version":[{"id":6673,"href":"https:\/\/veteran.az\/index.php?rest_route=\/wp\/v2\/posts\/6671\/revisions\/6673"}],"wp:attachment":[{"href":"https:\/\/veteran.az\/index.php?rest_route=%2Fwp%2Fv2%2Fmedia&parent=6671"}],"wp:term":[{"taxonomy":"category","embeddable":true,"href":"https:\/\/veteran.az\/index.php?rest_route=%2Fwp%2Fv2%2Fcategories&post=6671"},{"taxonomy":"post_tag","embeddable":true,"href":"https:\/\/veteran.az\/index.php?rest_route=%2Fwp%2Fv2%2Ftags&post=6671"}],"curies":[{"name":"wp","href":"https:\/\/api.w.org\/{rel}","templated":true}]}}