{"id":6561,"date":"2020-06-12T01:48:58","date_gmt":"2020-06-11T21:48:58","guid":{"rendered":"http:\/\/veteran.az\/?p=6561"},"modified":"2020-06-12T01:49:01","modified_gmt":"2020-06-11T21:49:01","slug":"los-ancelesd%c9%99-qarad%c9%99rilil%c9%99r-erm%c9%99nil%c9%99r%c9%99-qarsi-kutl%c9%99vi-hucum-hazirlayir","status":"publish","type":"post","link":"https:\/\/veteran.az\/?p=6561","title":{"rendered":"Los Ancelesd\u0259 qarad\u0259rilil\u0259r erm\u0259nil\u0259r\u0259 qar\u015f\u0131 k\u00fctl\u0259vi h\u00fccum haz\u0131rlay\u0131r?"},"content":{"rendered":"\n<p><strong>AB\u015e-dak\u0131 k\u00fctl\u0259vi etirazlarda i\u015ftirak ed\u0259n qarad\u0259rilil\u0259r Los-Ancelesd\u0259ki erm\u0259ni icmas\u0131n\u0131n n\u00fcmay\u0259nd\u0259l\u0259rin\u0259 h\u00fccum etm\u0259y\u0259 haz\u0131rla\u015f\u0131rlar. Bu bar\u0259d\u0259 Los-Ancelesd\u0259ki erm\u0259ni icmas\u0131n\u0131n n\u00fcmay\u0259nd\u0259si Bedros Hajyan &#171;Facebook&#187; s\u0259hif\u0259sind\u0259ki video mesaj\u0131nda bildirib.<\/strong><\/p>\n\n\n\n<figure class=\"wp-block-image\"><a href=\"https:\/\/img.ednews.net\/uploads\/1591474534863_tCz5Hu5H.jpeg\"><img decoding=\"async\" src=\"https:\/\/img.ednews.net\/uploads\/1591474534863_tCz5Hu5H.jpeg\" alt=\"\"\/><\/a><\/figure>\n\n\n\n<p>\u00a0O bunun Afroamerika diasporunun n\u00fcmay\u0259nd\u0259l\u0259ri, el\u0259c\u0259 d\u0259\u00a0&#171;Antifa&#187; v\u0259 &#171;Black lives matter&#187;in f\u0259allar\u0131 t\u0259r\u0259find\u0259n erm\u0259ni icmas\u0131na qar\u015f\u0131 k\u00fctl\u0259vi etiraz oldu\u011funu bildirib.\u00a0\u00a0\u201cOnlar art\u0131q k\u00fctl\u0259vi \u015f\u0259kild\u0259 erm\u0259nil\u0259r\u0259 h\u00fccum etm\u0259yi t\u0259klif edirl\u0259r&#187; &#8212; dey\u0259 bildirib.\u00a0O h\u0259m\u00e7inin, bu etiraz\u0131 yat\u0131rmaq \u00fc\u00e7\u00fcn polis n\u00fcmay\u0259nd\u0259l\u0259rinin c\u0259lb olunmas\u0131n\u0131 t\u0259l\u0259b edib v\u0259 bunun guya onlara qar\u015f\u0131 afroamerikal\u0131lar t\u0259r\u0259find\u0259n bir terrorizm akt\u0131 oldu\u011funu vur\u011fulay\u0131b.<\/p>\n\n\n\n<p>&#171;\u0130st\u0259dikl\u0259ri budur ki, erm\u0259nil\u0259r onlardan \u00fczr ist\u0259sin v\u0259 diz \u00e7\u00f6ks\u00fcnl\u0259r&#187; &#8212; dey\u0259 videoda milliyy\u0259tinin erm\u0259ni oldu\u011funu x\u00fcsusi vur\u011fulayan Hajyan adl\u0131 bu adam sosial \u015f\u0259b\u0259k\u0259d\u0259 bel\u0259 deyib.\u00a0\u00a0<em><strong>Etiraz\u00e7\u0131lara g\u0259ldikd\u0259 is\u0259, icma n\u00fcmay\u0259nd\u0259si, qarad\u0259rili bir f\u0259al &#171;qarad\u0259rili qarda\u015f v\u0259 bac\u0131lar\u0131na&#187; m\u00fcraci\u0259t ed\u0259r\u0259k, erm\u0259nil\u0259rin &#171;\u00f6zba\u015f\u0131nal\u0131\u011f\u0131n\u0131&#187; dayand\u0131rma\u011f\u0131n v\u0259 &#171;\u0259dal\u0259ti b\u0259rpa etm\u0259yin&#187; vaxt\u0131n\u0131n g\u0259ldiyini bildir\u0259n bir video t\u0259qdim edib. Videoda bir afroamerikal\u0131, erm\u0259nil\u0259r t\u0259r\u0259find\u0259n d\u00f6y\u00fcld\u00fcy\u00fcn\u00fc v\u0259 onlar\u0131n ya\u015fad\u0131\u011f\u0131 yerl\u0259rin \u00fcnvan\u0131n\u0131 a\u00e7\u0131qlay\u0131b. Dig\u0259r bir afroamerikal\u0131, onun fikrinc\u0259, &#171;irq\u00e7il\u0259rin c\u0259ml\u0259\u015fdiyi&#187; Qlendeyld\u0259 &#171;etirazlara ba\u015flama\u011fa&#187; \u00e7a\u011f\u0131r\u0131r.<\/strong><\/em><\/p>\n\n\n\n<p>\u00a0Erm\u0259ni icmas\u0131n\u0131n dig\u0259r n\u00fcmay\u0259nd\u0259l\u0259ri d\u0259 buna b\u0259nz\u0259r hallar bar\u0259d\u0259 bildir\u0259r\u0259k qarad\u0259rili etiraz\u00e7\u0131lar\u0131n erm\u0259ni diasporunun n\u00fcmay\u0259nd\u0259l\u0259rin\u0259 h\u00fccum etm\u0259y\u0259 \u00e7a\u011f\u0131rd\u0131\u011f\u0131 video v\u0259 postlar\u0131 payla\u015f\u0131blar. Bunlar sosial \u015f\u0259b\u0259k\u0259l\u0259rd\u0259 \u00e7oxsayl\u0131 istifad\u0259\u00e7il\u0259r t\u0259r\u0259find\u0259n zorak\u0131l\u0131\u011fa \u00e7a\u011f\u0131r\u0131\u015flarla d\u0259st\u0259kl\u0259nir.\u00a0Erm\u0259nil\u0259r qeyd edirl\u0259r ki, qarad\u0259rili f\u0259allar v\u0259 &#171;Antifa&#187; v\u0259 Black lives matter&#187; h\u0259r\u0259katlar\u0131 yerli erm\u0259nil\u0259rin &#171;etirazlara qo\u015fulmaq&#187; \u0259v\u0259zin\u0259 \u0259ll\u0259rind\u0259 silah \u00f6z biznes v\u0259 m\u00fc\u0259ssis\u0259l\u0259rini qar\u0259t v\u0259 talan\u00e7\u0131l\u0131qdan qorumaqlar\u0131n\u0131 xo\u015flam\u0131rlar.\u00a0Qeyd ed\u0259k ki, haz\u0131rda Facebook sosial \u015f\u0259b\u0259k\u0259si bu payla\u015f\u0131m\u0131 silib. (EDNews.net)<\/p>\n","protected":false},"excerpt":{"rendered":"<p>AB\u015e-dak\u0131 k\u00fctl\u0259vi etirazlarda i\u015ftirak ed\u0259n qarad\u0259rilil\u0259r Los-Ancelesd\u0259ki erm\u0259ni icmas\u0131n\u0131n n\u00fcmay\u0259nd\u0259l\u0259rin\u0259 h\u00fccum etm\u0259y\u0259 haz\u0131rla\u015f\u0131rlar. Bu bar\u0259d\u0259&#8230;<\/p>\n","protected":false},"author":3,"featured_media":0,"comment_status":"closed","ping_status":"closed","sticky":false,"template":"","format":"standard","meta":{"footnotes":""},"categories":[7],"tags":[],"class_list":["post-6561","post","type-post","status-publish","format-standard","hentry","category-dunya"],"featured_image_urls":{"full":"","thumbnail":"","medium":"","medium_large":"","large":"","1536x1536":"","2048x2048":"","covernews-slider-full":"","covernews-slider-center":"","covernews-featured":"","covernews-medium":"","covernews-medium-square":""},"author_info":{"display_name":"Veteran.az","author_link":"https:\/\/veteran.az\/?author=3"},"category_info":"<a href=\"https:\/\/veteran.az\/?cat=7\" rel=\"category\">D\u00fcnya<\/a>","tag_info":"D\u00fcnya","comment_count":"0","_links":{"self":[{"href":"https:\/\/veteran.az\/index.php?rest_route=\/wp\/v2\/posts\/6561","targetHints":{"allow":["GET"]}}],"collection":[{"href":"https:\/\/veteran.az\/index.php?rest_route=\/wp\/v2\/posts"}],"about":[{"href":"https:\/\/veteran.az\/index.php?rest_route=\/wp\/v2\/types\/post"}],"author":[{"embeddable":true,"href":"https:\/\/veteran.az\/index.php?rest_route=\/wp\/v2\/users\/3"}],"replies":[{"embeddable":true,"href":"https:\/\/veteran.az\/index.php?rest_route=%2Fwp%2Fv2%2Fcomments&post=6561"}],"version-history":[{"count":1,"href":"https:\/\/veteran.az\/index.php?rest_route=\/wp\/v2\/posts\/6561\/revisions"}],"predecessor-version":[{"id":6563,"href":"https:\/\/veteran.az\/index.php?rest_route=\/wp\/v2\/posts\/6561\/revisions\/6563"}],"wp:attachment":[{"href":"https:\/\/veteran.az\/index.php?rest_route=%2Fwp%2Fv2%2Fmedia&parent=6561"}],"wp:term":[{"taxonomy":"category","embeddable":true,"href":"https:\/\/veteran.az\/index.php?rest_route=%2Fwp%2Fv2%2Fcategories&post=6561"},{"taxonomy":"post_tag","embeddable":true,"href":"https:\/\/veteran.az\/index.php?rest_route=%2Fwp%2Fv2%2Ftags&post=6561"}],"curies":[{"name":"wp","href":"https:\/\/api.w.org\/{rel}","templated":true}]}}