{"id":6514,"date":"2020-06-09T02:51:19","date_gmt":"2020-06-08T22:51:19","guid":{"rendered":"http:\/\/veteran.az\/?p=6514"},"modified":"2020-06-09T02:51:24","modified_gmt":"2020-06-08T22:51:24","slug":"molla-rejimi-kurd-terrorcularinin-oldurduyu-az%c9%99rbaycanli-%c9%99sg%c9%99r%c9%99-anim-m%c9%99rasi-kecir%c9%99n-az%c9%99rbaycanli-g%c9%99ncl%c9%99ri-yaxaladi","status":"publish","type":"post","link":"https:\/\/veteran.az\/?p=6514","title":{"rendered":"Molla rejimi k\u00fcrd terror\u00e7ular\u0131n\u0131n \u00f6ld\u00fcrd\u00fcy\u00fc az\u0259rbaycanl\u0131 \u0259sg\u0259r\u0259 an\u0131m m\u0259rasi ke\u00e7ir\u0259n az\u0259rbaycanl\u0131 g\u0259ncl\u0259ri yaxalad\u0131"},"content":{"rendered":"\n<p><strong>GADTB-nin M\u0259tbuat M\u0259rk\u0259zin\u0259 daxil olan m\u0259lumata g\u00f6r\u0259, irq\u00e7i fars-molla rejiminin \u00a0q\u00fcvv\u0259l\u0259ri k\u00fcrd terror\u00e7ular\u0131n\u0131n \u00f6ld\u00fcrd\u00fcy\u00fc az\u0259rbaycanl\u0131 \u0259sg\u0259rl\u0259r\u0259 Mara\u011fa \u015f\u0259h\u0259rind\u0259 an\u0131m m\u0259rasimi ke\u00e7irm\u0259k ist\u0259y\u0259n az\u0259rbaycanl\u0131 g\u0259ncl\u0259ri h\u0259bs edib.<\/strong><\/p>\n\n\n\n<p>Mara\u011fada az\u0259rbaycanl\u0131 f\u0259allar Sofu\u00e7ay park\u0131nda topla\u015faraq terror\u00e7ular\u0131n \u00f6ld\u00fcrd\u00fcy\u00fc az\u0259rbaycanl\u0131 \u0259sg\u0259rl\u0259rin xatir\u0259sin\u0259 \u015fam yand\u0131rmaq ist\u0259yibl\u0259r. Lakin irq\u00e7i rejimin polis q\u00fcvv\u0259l\u0259ri onlara h\u00fccum ed\u0259r\u0259k h\u0259bs etmi\u015fdir.<\/p>\n\n\n\n<p>Yaxalanan az\u0259rbaycanl\u0131 f\u0259allardan bir ne\u00e7\u0259sinin ad\u0131 m\u0259lum olub:<\/p>\n\n\n\n<ol class=\"wp-block-list\"><li><strong>N\u0259srin \u018fhm\u0259di<\/strong><\/li><li><strong>Fatim\u0259 (soy ad\u0131 a\u00e7\u0131qlanm\u0131r)<\/strong><\/li><li><strong>Elmira (soy ad\u0131 a\u00e7\u0131qlanm\u0131r)<\/strong><\/li><li><strong>Salar (soy ad\u0131 a\u00e7\u0131qlanm\u0131r)<\/strong><\/li><li><strong>Mehdi (soy ad\u0131 a\u00e7\u0131qlanm\u0131r)<\/strong><\/li><\/ol>\n\n\n\n<p>Rejimin polis q\u00fcvv\u0259l\u0259rinin dinc aksiyada i\u015ftirak ed\u0259nl\u0259rin bir ne\u00e7\u0259sini 12 n\u00f6mr\u0259li polis b\u00f6lm\u0259sin\u0259 apar\u0131b.<\/p>\n\n\n\n<p>Qeyd ed\u0259k ki, irq\u00e7i fars-molla rejimi k\u00fcrd terror qrupla\u015fmalar\u0131 il\u0259 anla\u015faraq, s\u0131rf az\u0259rbaycanl\u0131 \u0259sg\u0259rl\u0259ri h\u0259min terror\u00e7ular\u0131n f\u0259al oldu\u011fu b\u00f6lg\u0259l\u0259r\u0259 c\u0259lb edir v\u0259 terror\u00e7ular t\u0259r\u0259find\u0259n planl\u0131 h\u00fccum n\u0259tic\u0259sind\u0259 \u00f6ld\u00fcr\u00fcrl\u0259r. Son on illikl\u0259rd\u0259 on minl\u0259rl\u0259 az\u0259rbaycanl\u0131 \u0259sg\u0259r bu \u015f\u0259kild\u0259 rejimin v\u0259 terror\u00e7u k\u00fcrdl\u0259rin oyununun qurban\u0131na \u00e7evrilib.<\/p>\n","protected":false},"excerpt":{"rendered":"<p>GADTB-nin M\u0259tbuat M\u0259rk\u0259zin\u0259 daxil olan m\u0259lumata g\u00f6r\u0259, irq\u00e7i fars-molla rejiminin \u00a0q\u00fcvv\u0259l\u0259ri k\u00fcrd terror\u00e7ular\u0131n\u0131n \u00f6ld\u00fcrd\u00fcy\u00fc az\u0259rbaycanl\u0131&#8230;<\/p>\n","protected":false},"author":3,"featured_media":0,"comment_status":"closed","ping_status":"closed","sticky":false,"template":"","format":"standard","meta":{"footnotes":""},"categories":[7],"tags":[],"class_list":["post-6514","post","type-post","status-publish","format-standard","hentry","category-dunya"],"featured_image_urls":{"full":"","thumbnail":"","medium":"","medium_large":"","large":"","1536x1536":"","2048x2048":"","covernews-slider-full":"","covernews-slider-center":"","covernews-featured":"","covernews-medium":"","covernews-medium-square":""},"author_info":{"display_name":"Veteran.az","author_link":"https:\/\/veteran.az\/?author=3"},"category_info":"<a href=\"https:\/\/veteran.az\/?cat=7\" rel=\"category\">D\u00fcnya<\/a>","tag_info":"D\u00fcnya","comment_count":"0","_links":{"self":[{"href":"https:\/\/veteran.az\/index.php?rest_route=\/wp\/v2\/posts\/6514","targetHints":{"allow":["GET"]}}],"collection":[{"href":"https:\/\/veteran.az\/index.php?rest_route=\/wp\/v2\/posts"}],"about":[{"href":"https:\/\/veteran.az\/index.php?rest_route=\/wp\/v2\/types\/post"}],"author":[{"embeddable":true,"href":"https:\/\/veteran.az\/index.php?rest_route=\/wp\/v2\/users\/3"}],"replies":[{"embeddable":true,"href":"https:\/\/veteran.az\/index.php?rest_route=%2Fwp%2Fv2%2Fcomments&post=6514"}],"version-history":[{"count":1,"href":"https:\/\/veteran.az\/index.php?rest_route=\/wp\/v2\/posts\/6514\/revisions"}],"predecessor-version":[{"id":6516,"href":"https:\/\/veteran.az\/index.php?rest_route=\/wp\/v2\/posts\/6514\/revisions\/6516"}],"wp:attachment":[{"href":"https:\/\/veteran.az\/index.php?rest_route=%2Fwp%2Fv2%2Fmedia&parent=6514"}],"wp:term":[{"taxonomy":"category","embeddable":true,"href":"https:\/\/veteran.az\/index.php?rest_route=%2Fwp%2Fv2%2Fcategories&post=6514"},{"taxonomy":"post_tag","embeddable":true,"href":"https:\/\/veteran.az\/index.php?rest_route=%2Fwp%2Fv2%2Ftags&post=6514"}],"curies":[{"name":"wp","href":"https:\/\/api.w.org\/{rel}","templated":true}]}}