{"id":6507,"date":"2020-06-09T02:25:28","date_gmt":"2020-06-08T22:25:28","guid":{"rendered":"http:\/\/veteran.az\/?p=6507"},"modified":"2020-06-09T02:25:30","modified_gmt":"2020-06-08T22:25:30","slug":"din-d%c9%99n-c%c9%99zalanacaqlar-aciqlamasi","status":"publish","type":"post","link":"https:\/\/veteran.az\/?p=6507","title":{"rendered":"D\u0130N-d\u0259n \u201cc\u0259zalanacaqlar\u201d a\u00e7\u0131qlamas\u0131"},"content":{"rendered":"\n<p><strong>&#171;\u0130st\u0259r polis \u0259m\u0259kda\u015f\u0131, ist\u0259rs\u0259 d\u0259 v\u0259t\u0259nda\u015f t\u0259r\u0259find\u0259n yol verilmi\u015f h\u0259r bir qanunazidd h\u0259r\u0259k\u0259t h\u00fcquqi qiym\u0259tini alacaq v\u0259 n\u0259tic\u0259l\u0259ri \u00fczr\u0259 m\u00fcvafiq t\u0259dbirl\u0259r g\u00f6r\u00fcl\u0259c\u0259k&#187;.<\/strong><\/p>\n\n\n\n<p><br>Sfera.az x\u0259b\u0259r verir ki, bunu Daxili \u0130\u015fl\u0259r Nazirliyinin (D\u0130N) M\u0259tbuat Xidm\u0259tinin r\u0259hb\u0259ri Ehsan Zahidov bildirib.&nbsp;&nbsp;<\/p>\n\n\n\n<p><br><strong>&#8212; Sosial \u015f\u0259b\u0259k\u0259l\u0259rd\u0259 s\u0259rtl\u0259\u015fdirilmi\u015f x\u00fcsusi karantin rejimi d\u00f6vr\u00fcnd\u0259 daxili i\u015fl\u0259r orqanlar\u0131 t\u0259r\u0259find\u0259n g\u00f6r\u00fclm\u00fc\u015f i\u015fl\u0259r bar\u0259d\u0259 m\u0259lumatlar yay\u0131mlanm\u0131\u015fd\u0131r.<\/strong><\/p>\n\n\n\n<p><br>&#8212; Bir daha v\u0259t\u0259nda\u015flar\u0131m\u0131za s\u0259rtl\u0259\u015fdirilmi\u015f x\u00fcsusi karantin rejimi d\u00f6vr\u00fcnd\u0259 ya\u015fad\u0131qlar\u0131 \u00fcnvan\u0131 t\u0259rk etm\u0259m\u0259k bar\u0259d\u0259 \u00e7a\u011f\u0131r\u0131\u015flar\u0131m\u0131z\u0131 anlay\u0131\u015fla qar\u015f\u0131lad\u0131qlar\u0131na g\u00f6r\u0259 t\u0259\u015f\u0259kk\u00fcr\u00fcm\u00fcz\u00fc bildirir\u0259m. Lakin t\u0259\u0259ss\u00fcfl\u0259 onu da qeyd edim ki, ayr\u0131-ayr\u0131 v\u0259t\u0259nda\u015flar t\u0259r\u0259find\u0259n karantin rejiminin pozulmas\u0131 v\u0259 dig\u0259r qanunazidd hallara yol verilib.<\/p>\n\n\n\n<p><br><strong>&#8212; Sosial \u015f\u0259b\u0259k\u0259l\u0259rd\u0259 bu c\u00fcr qanun pozuntular\u0131na dair, h\u0259m\u00e7inin polisl\u0259 d\u0259 ba\u011fl\u0131 videog\u00f6r\u00fcnt\u00fcl\u0259r yer al\u0131b. Bununla \u0259laq\u0259dar hans\u0131sa t\u0259dbir g\u00f6r\u00fcl\u00fcrm\u00fc?<\/strong><\/p>\n\n\n\n<p><br>&#8212; S\u00f6zs\u00fcz ki, h\u0259min g\u00f6r\u00fcnt\u00fcl\u0259rl\u0259 ba\u011fl\u0131 ara\u015fd\u0131rmalar apar\u0131l\u0131r. \u0130st\u0259r polis \u0259m\u0259kda\u015f\u0131, ist\u0259rs\u0259 d\u0259 v\u0259t\u0259nda\u015f t\u0259r\u0259find\u0259n yol verilmi\u015f h\u0259r bir qanunazidd h\u0259r\u0259k\u0259t h\u00fcquqi qiym\u0259tini alacaq v\u0259 n\u0259tic\u0259l\u0259ri \u00fczr\u0259 m\u00fcvafiq t\u0259dbirl\u0259r g\u00f6r\u00fcl\u0259c\u0259kdir.&nbsp;<\/p>\n","protected":false},"excerpt":{"rendered":"<p>&#171;\u0130st\u0259r polis \u0259m\u0259kda\u015f\u0131, ist\u0259rs\u0259 d\u0259 v\u0259t\u0259nda\u015f t\u0259r\u0259find\u0259n yol verilmi\u015f h\u0259r bir qanunazidd h\u0259r\u0259k\u0259t h\u00fcquqi qiym\u0259tini&#8230;<\/p>\n","protected":false},"author":3,"featured_media":0,"comment_status":"closed","ping_status":"closed","sticky":false,"template":"","format":"standard","meta":{"footnotes":""},"categories":[10],"tags":[],"class_list":["post-6507","post","type-post","status-publish","format-standard","hentry","category-avmvib"],"featured_image_urls":{"full":"","thumbnail":"","medium":"","medium_large":"","large":"","1536x1536":"","2048x2048":"","covernews-slider-full":"","covernews-slider-center":"","covernews-featured":"","covernews-medium":"","covernews-medium-square":""},"author_info":{"display_name":"Veteran.az","author_link":"https:\/\/veteran.az\/?author=3"},"category_info":"<a href=\"https:\/\/veteran.az\/?cat=10\" rel=\"category\">AVMV\u0130B<\/a>","tag_info":"AVMV\u0130B","comment_count":"0","_links":{"self":[{"href":"https:\/\/veteran.az\/index.php?rest_route=\/wp\/v2\/posts\/6507","targetHints":{"allow":["GET"]}}],"collection":[{"href":"https:\/\/veteran.az\/index.php?rest_route=\/wp\/v2\/posts"}],"about":[{"href":"https:\/\/veteran.az\/index.php?rest_route=\/wp\/v2\/types\/post"}],"author":[{"embeddable":true,"href":"https:\/\/veteran.az\/index.php?rest_route=\/wp\/v2\/users\/3"}],"replies":[{"embeddable":true,"href":"https:\/\/veteran.az\/index.php?rest_route=%2Fwp%2Fv2%2Fcomments&post=6507"}],"version-history":[{"count":1,"href":"https:\/\/veteran.az\/index.php?rest_route=\/wp\/v2\/posts\/6507\/revisions"}],"predecessor-version":[{"id":6510,"href":"https:\/\/veteran.az\/index.php?rest_route=\/wp\/v2\/posts\/6507\/revisions\/6510"}],"wp:attachment":[{"href":"https:\/\/veteran.az\/index.php?rest_route=%2Fwp%2Fv2%2Fmedia&parent=6507"}],"wp:term":[{"taxonomy":"category","embeddable":true,"href":"https:\/\/veteran.az\/index.php?rest_route=%2Fwp%2Fv2%2Fcategories&post=6507"},{"taxonomy":"post_tag","embeddable":true,"href":"https:\/\/veteran.az\/index.php?rest_route=%2Fwp%2Fv2%2Ftags&post=6507"}],"curies":[{"name":"wp","href":"https:\/\/api.w.org\/{rel}","templated":true}]}}