{"id":6437,"date":"2020-06-04T01:32:54","date_gmt":"2020-06-03T21:32:54","guid":{"rendered":"http:\/\/veteran.az\/?p=6437"},"modified":"2020-06-04T01:32:56","modified_gmt":"2020-06-03T21:32:56","slug":"abs-daki-etirazcilardan-erm%c9%99ni-xacina-yeni-dizayn","status":"publish","type":"post","link":"https:\/\/veteran.az\/?p=6437","title":{"rendered":"AB\u015e-dak\u0131 etiraz\u00e7\u0131lardan erm\u0259ni xa\u00e7\u0131na yeni &#171;dizayn&#187;"},"content":{"rendered":"\n<p><strong>X\u0259b\u0259r verdiyimiz kimi, AB\u015e-da polis \u0259m\u0259kda\u015f\u0131n\u0131n qarad\u0259rili \u015f\u0259xsi \u00f6ld\u00fcrm\u0259si fonunda ba\u015f ver\u0259n etirazlar davam edir. V\u0259ziyy\u0259tin ciddiliyi AB\u015e h\u00f6kum\u0259tini etiraz\u00e7\u0131lara qar\u015f\u0131 ordu birlikl\u0259ri yeritm\u0259k m\u0259cburiyy\u0259ti qar\u015f\u0131s\u0131nda qoyub.<\/strong><\/p>\n\n\n\n<p><strong>Veteran.az\u00a0<\/strong>\u00a0x\u0259b\u0259r verir ki, AB\u015e-\u0131n Kolorado \u0259yal\u0259tind\u0259ki etiraz aksiyalar\u0131 zaman\u0131 co\u015f\u011fun k\u00fctl\u0259 f\u0259rqind\u0259 olmadan t\u00fcrk d\u00fcnyas\u0131 v\u0259 el\u0259c\u0259 d\u0259 b\u0259\u015f\u0259ri \u0259dal\u0259t ad\u0131na t\u0259qdiredici bir add\u0131ma imza at\u0131b. Bel\u0259 ki, etiraz\u00e7\u0131lar qondarma \u201cerm\u0259ni soyq\u0131r\u0131m\u0131\u201d qurbanlar\u0131 ad\u0131na ucald\u0131lan xa\u00e7kar abid\u0259sini boya il\u0259 r\u0259ngl\u0259yib, onu g\u00fcl\u00fcnc formaya sal\u0131blar.<\/p>\n\n\n\n<p>Erm\u0259nil\u0259rin he\u00e7 vaxt olmayan qurbanlar\u0131n \u015f\u0259r\u0259fin\u0259 ucaltd\u0131\u011f\u0131 v\u0259 \u0259trafdak\u0131 insanlara ehtiram m\u0259nb\u0259yi kimi t\u0259qdim etm\u0259y\u0259 \u00e7al\u0131\u015fd\u0131qlar\u0131 abid\u0259nin bir formada t\u0259hqir olunmas\u0131 \u0259yal\u0259t erm\u0259nil\u0259rinin etiraz\u0131na s\u0259b\u0259b olub.<\/p>\n\n\n\n<figure class=\"wp-block-image\"><a href=\"https:\/\/img.ednews.net\/uploads\/287146.jpg\"><img decoding=\"async\" src=\"https:\/\/img.ednews.net\/uploads\/287146.jpg\" alt=\"\"\/><\/a><\/figure>\n\n\n\n<p>Ba\u015f ver\u0259nl\u0259rl\u0259 ba\u011fl\u0131 a\u00e7\u0131qlama yayan \u0259yal\u0259tin erm\u0259ni birliyi abid\u0259ni t\u0259mizl\u0259y\u0259c\u0259kl\u0259rini, g\u0259r\u0259kirs\u0259 yeni bir xa\u00e7kar in\u015fa ed\u0259c\u0259kl\u0259rini bildirib.<\/p>\n\n\n\n<p>M\u0259lumat \u00fc\u00e7\u00fcn qeyd ed\u0259k ki, erm\u0259nil\u0259r d\u00fcnyan\u0131n m\u00fcxt\u0259lif \u00f6lk\u0259l\u0259rind\u0259 insanlar\u0131 \u201csoyq\u0131r\u0131m\u201d yalanlar\u0131na inand\u0131rmaq, m\u0259zlum erm\u0259ni obraz\u0131 yaratmaq \u00fc\u00e7\u00fcn bu c\u00fcr abid\u0259l\u0259rd\u0259n geni\u015f \u015f\u0259kild\u0259 istifad\u0259 edirl\u0259r. (moderator.az)<\/p>\n","protected":false},"excerpt":{"rendered":"<p>X\u0259b\u0259r verdiyimiz kimi, AB\u015e-da polis \u0259m\u0259kda\u015f\u0131n\u0131n qarad\u0259rili \u015f\u0259xsi \u00f6ld\u00fcrm\u0259si fonunda ba\u015f ver\u0259n etirazlar davam edir&#8230;.<\/p>\n","protected":false},"author":3,"featured_media":6438,"comment_status":"closed","ping_status":"closed","sticky":false,"template":"","format":"standard","meta":{"footnotes":""},"categories":[7],"tags":[],"class_list":["post-6437","post","type-post","status-publish","format-standard","has-post-thumbnail","hentry","category-dunya"],"featured_image_urls":{"full":["https:\/\/veteran.az\/wp-content\/uploads\/2020\/06\/photo_430818.jpg",540,303,false],"thumbnail":["https:\/\/veteran.az\/wp-content\/uploads\/2020\/06\/photo_430818-150x150.jpg",150,150,true],"medium":["https:\/\/veteran.az\/wp-content\/uploads\/2020\/06\/photo_430818-300x168.jpg",300,168,true],"medium_large":["https:\/\/veteran.az\/wp-content\/uploads\/2020\/06\/photo_430818.jpg",540,303,false],"large":["https:\/\/veteran.az\/wp-content\/uploads\/2020\/06\/photo_430818.jpg",540,303,false],"1536x1536":["https:\/\/veteran.az\/wp-content\/uploads\/2020\/06\/photo_430818.jpg",540,303,false],"2048x2048":["https:\/\/veteran.az\/wp-content\/uploads\/2020\/06\/photo_430818.jpg",540,303,false],"covernews-slider-full":["https:\/\/veteran.az\/wp-content\/uploads\/2020\/06\/photo_430818.jpg",540,303,false],"covernews-slider-center":["https:\/\/veteran.az\/wp-content\/uploads\/2020\/06\/photo_430818.jpg",540,303,false],"covernews-featured":["https:\/\/veteran.az\/wp-content\/uploads\/2020\/06\/photo_430818.jpg",540,303,false],"covernews-medium":["https:\/\/veteran.az\/wp-content\/uploads\/2020\/06\/photo_430818.jpg",540,303,false],"covernews-medium-square":["https:\/\/veteran.az\/wp-content\/uploads\/2020\/06\/photo_430818.jpg",400,224,false]},"author_info":{"display_name":"Veteran.az","author_link":"https:\/\/veteran.az\/?author=3"},"category_info":"<a href=\"https:\/\/veteran.az\/?cat=7\" rel=\"category\">D\u00fcnya<\/a>","tag_info":"D\u00fcnya","comment_count":"0","_links":{"self":[{"href":"https:\/\/veteran.az\/index.php?rest_route=\/wp\/v2\/posts\/6437","targetHints":{"allow":["GET"]}}],"collection":[{"href":"https:\/\/veteran.az\/index.php?rest_route=\/wp\/v2\/posts"}],"about":[{"href":"https:\/\/veteran.az\/index.php?rest_route=\/wp\/v2\/types\/post"}],"author":[{"embeddable":true,"href":"https:\/\/veteran.az\/index.php?rest_route=\/wp\/v2\/users\/3"}],"replies":[{"embeddable":true,"href":"https:\/\/veteran.az\/index.php?rest_route=%2Fwp%2Fv2%2Fcomments&post=6437"}],"version-history":[{"count":1,"href":"https:\/\/veteran.az\/index.php?rest_route=\/wp\/v2\/posts\/6437\/revisions"}],"predecessor-version":[{"id":6439,"href":"https:\/\/veteran.az\/index.php?rest_route=\/wp\/v2\/posts\/6437\/revisions\/6439"}],"wp:featuredmedia":[{"embeddable":true,"href":"https:\/\/veteran.az\/index.php?rest_route=\/wp\/v2\/media\/6438"}],"wp:attachment":[{"href":"https:\/\/veteran.az\/index.php?rest_route=%2Fwp%2Fv2%2Fmedia&parent=6437"}],"wp:term":[{"taxonomy":"category","embeddable":true,"href":"https:\/\/veteran.az\/index.php?rest_route=%2Fwp%2Fv2%2Fcategories&post=6437"},{"taxonomy":"post_tag","embeddable":true,"href":"https:\/\/veteran.az\/index.php?rest_route=%2Fwp%2Fv2%2Ftags&post=6437"}],"curies":[{"name":"wp","href":"https:\/\/api.w.org\/{rel}","templated":true}]}}