{"id":6365,"date":"2020-05-31T11:56:55","date_gmt":"2020-05-31T07:56:55","guid":{"rendered":"http:\/\/veteran.az\/?p=6365"},"modified":"2020-05-31T12:05:04","modified_gmt":"2020-05-31T08:05:04","slug":"qadin-veteranlarin-ictimai-birliyinin-21-yasi-tamam-oldu","status":"publish","type":"post","link":"https:\/\/veteran.az\/?p=6365","title":{"rendered":"Qad\u0131n veteranlar\u0131n \u0130ctimai Birliyinin 21 ya\u015f\u0131 tamam oldu"},"content":{"rendered":"\n<p> <strong>31 may 1999-cu ild\u0259 M\u00fcharib\u0259 Veteran\u0131 Qad\u0131nlar\u0131na Sosial Yard\u0131m \u0130ctimai Birliyi, Az\u0259rbaycan Respublikas\u0131n\u0131n M\u00fcdafi\u0259 Nazirliyinin M\u0259rk\u0259zi Zabitl\u0259r Evind\u0259 qad\u0131nlar\u0131m\u0131z\u0131n i\u015ftiral\u0131 il\u0259 t\u0259sis edilib.<\/strong><\/p>\n\n\n\n<p> Art\u0131q 21 ildir f\u0259aliyy\u0259t g\u00f6st\u0259rir. <\/p>\n\n\n\n<p>Sosial \u015f\u0259b\u0259k\u0259d\u0259 bu bar\u0259d\u0259 MVQSY\u0130B &#8212; nin s\u0259dri Rada Abbas payla\u015f\u0131m edib. \u0130ctimai Birlik yarand\u0131\u011f\u0131 g\u00fcnd\u0259n d\u00f6y\u00fc\u015f\u00e7\u00fc qad\u0131nlar\u0131n h\u00fcquqlar\u0131n\u0131n m\u00fcdafi\u0259si il\u0259 m\u0259\u015f\u011ful olub. Qaraba\u011f\u0131n i\u015f\u011faldan azad edilm\u0259si t\u0259\u015fkilat\u0131n \u0259sas prioritetl\u0259rind\u0259ndir.<\/p>\n\n\n\n<p><strong>21 ya\u015f\u0131n\u0131z m\u00fcbar\u0259k! Yolunuz a\u00e7\u0131q v\u0259 i\u015fl\u0259riniz u\u011furlu olsun!<\/strong><\/p>\n\n\n\n<p><strong>N. M\u0259mm\u0259dli<\/strong><\/p>\n\n\n\n<figure class=\"wp-block-image\"><img decoding=\"async\" src=\"https:\/\/scontent.fgyd4-2.fna.fbcdn.net\/v\/t1.0-9\/89400271_1333336310201003_1601105662681546752_n.jpg?_nc_cat=102&amp;_nc_sid=110474&amp;_nc_ohc=a8oAuHVGTMkAX8BTYMA&amp;_nc_ht=scontent.fgyd4-2.fna&amp;oh=077485d9dc1eb3db4cc1d39d091cbf0c&amp;oe=5EF83722\" alt=\"\u041d\u0430 \u0438\u0437\u043e\u0431\u0440\u0430\u0436\u0435\u043d\u0438\u0438 \u043c\u043e\u0436\u0435\u0442 \u043d\u0430\u0445\u043e\u0434\u0438\u0442\u044c\u0441\u044f: 2 \u0447\u0435\u043b\u043e\u0432\u0435\u043a\u0430, \u0432 \u0442\u043e\u043c \u0447\u0438\u0441\u043b\u0435 \u0420\u0430\u0434\u0430 \u0410\u0431\u0431\u0430\u0441\"\/><\/figure>\n\n\n\n<p> <\/p>\n","protected":false},"excerpt":{"rendered":"<p>31 may 1999-cu ild\u0259 M\u00fcharib\u0259 Veteran\u0131 Qad\u0131nlar\u0131na Sosial Yard\u0131m \u0130ctimai Birliyi, Az\u0259rbaycan Respublikas\u0131n\u0131n M\u00fcdafi\u0259 Nazirliyinin&#8230;<\/p>\n","protected":false},"author":3,"featured_media":6366,"comment_status":"closed","ping_status":"closed","sticky":false,"template":"","format":"standard","meta":{"footnotes":""},"categories":[12],"tags":[],"class_list":["post-6365","post","type-post","status-publish","format-standard","has-post-thumbnail","hentry","category-veteran"],"featured_image_urls":{"full":["https:\/\/veteran.az\/wp-content\/uploads\/2020\/05\/101378998_2528410227258771_5655097887189630976_o.jpg",960,960,false],"thumbnail":["https:\/\/veteran.az\/wp-content\/uploads\/2020\/05\/101378998_2528410227258771_5655097887189630976_o-150x150.jpg",150,150,true],"medium":["https:\/\/veteran.az\/wp-content\/uploads\/2020\/05\/101378998_2528410227258771_5655097887189630976_o-300x300.jpg",300,300,true],"medium_large":["https:\/\/veteran.az\/wp-content\/uploads\/2020\/05\/101378998_2528410227258771_5655097887189630976_o-768x768.jpg",640,640,true],"large":["https:\/\/veteran.az\/wp-content\/uploads\/2020\/05\/101378998_2528410227258771_5655097887189630976_o.jpg",640,640,false],"1536x1536":["https:\/\/veteran.az\/wp-content\/uploads\/2020\/05\/101378998_2528410227258771_5655097887189630976_o.jpg",960,960,false],"2048x2048":["https:\/\/veteran.az\/wp-content\/uploads\/2020\/05\/101378998_2528410227258771_5655097887189630976_o.jpg",960,960,false],"covernews-slider-full":["https:\/\/veteran.az\/wp-content\/uploads\/2020\/05\/101378998_2528410227258771_5655097887189630976_o.jpg",715,715,false],"covernews-slider-center":["https:\/\/veteran.az\/wp-content\/uploads\/2020\/05\/101378998_2528410227258771_5655097887189630976_o-936x897.jpg",522,500,true],"covernews-featured":["https:\/\/veteran.az\/wp-content\/uploads\/2020\/05\/101378998_2528410227258771_5655097887189630976_o.jpg",960,960,false],"covernews-medium":["https:\/\/veteran.az\/wp-content\/uploads\/2020\/05\/101378998_2528410227258771_5655097887189630976_o-720x380.jpg",540,285,true],"covernews-medium-square":["https:\/\/veteran.az\/wp-content\/uploads\/2020\/05\/101378998_2528410227258771_5655097887189630976_o-675x450.jpg",375,250,true]},"author_info":{"display_name":"Veteran.az","author_link":"https:\/\/veteran.az\/?author=3"},"category_info":"<a href=\"https:\/\/veteran.az\/?cat=12\" rel=\"category\">Veteran d\u00fcnyas\u0131<\/a>","tag_info":"Veteran d\u00fcnyas\u0131","comment_count":"0","_links":{"self":[{"href":"https:\/\/veteran.az\/index.php?rest_route=\/wp\/v2\/posts\/6365","targetHints":{"allow":["GET"]}}],"collection":[{"href":"https:\/\/veteran.az\/index.php?rest_route=\/wp\/v2\/posts"}],"about":[{"href":"https:\/\/veteran.az\/index.php?rest_route=\/wp\/v2\/types\/post"}],"author":[{"embeddable":true,"href":"https:\/\/veteran.az\/index.php?rest_route=\/wp\/v2\/users\/3"}],"replies":[{"embeddable":true,"href":"https:\/\/veteran.az\/index.php?rest_route=%2Fwp%2Fv2%2Fcomments&post=6365"}],"version-history":[{"count":2,"href":"https:\/\/veteran.az\/index.php?rest_route=\/wp\/v2\/posts\/6365\/revisions"}],"predecessor-version":[{"id":6369,"href":"https:\/\/veteran.az\/index.php?rest_route=\/wp\/v2\/posts\/6365\/revisions\/6369"}],"wp:featuredmedia":[{"embeddable":true,"href":"https:\/\/veteran.az\/index.php?rest_route=\/wp\/v2\/media\/6366"}],"wp:attachment":[{"href":"https:\/\/veteran.az\/index.php?rest_route=%2Fwp%2Fv2%2Fmedia&parent=6365"}],"wp:term":[{"taxonomy":"category","embeddable":true,"href":"https:\/\/veteran.az\/index.php?rest_route=%2Fwp%2Fv2%2Fcategories&post=6365"},{"taxonomy":"post_tag","embeddable":true,"href":"https:\/\/veteran.az\/index.php?rest_route=%2Fwp%2Fv2%2Ftags&post=6365"}],"curies":[{"name":"wp","href":"https:\/\/api.w.org\/{rel}","templated":true}]}}