{"id":6208,"date":"2020-05-19T02:57:24","date_gmt":"2020-05-18T22:57:24","guid":{"rendered":"http:\/\/veteran.az\/?p=6208"},"modified":"2024-01-27T19:38:05","modified_gmt":"2024-01-27T15:38:05","slug":"qarabagda-doyus%c9%99n-terrorculari-maliy%c9%99l%c9%99sdir%c9%99n-bank-v%c9%99-t%c9%99skilatlar","status":"publish","type":"post","link":"https:\/\/veteran.az\/?p=6208","title":{"rendered":"Qaraba\u011fda d\u00f6y\u00fc\u015f\u0259n terror\u00e7ular\u0131 maliy\u0259l\u0259\u015fdir\u0259n bank v\u0259 t\u0259\u015fkilatlar"},"content":{"rendered":"\n<p><strong>News12.az&nbsp;sayt\u0131 &nbsp;Az\u0259rbaycan\u0131n i\u015f\u011fal olunmu\u015f Da\u011fl\u0131q Qaraba\u011f b\u00f6lg\u0259sind\u0259 Erm\u0259nistan d\u00f6vl\u0259ti v\u0259 onun havadarlar\u0131n\u0131n t\u00f6r\u0259tdiyi qeyri-insani \u0259m\u0259ll\u0259ri s\u00fcbut olunmu\u015f faktlar v\u0259 s\u0259n\u0259dl\u0259rl\u0259 oxuculara \u00e7atd\u0131rmaqda davam edir. Bu d\u0259f\u0259ki ara\u015fd\u0131rma Az\u0259rbaycan \u0259razil\u0259rinin i\u015f\u011fal olunmas\u0131nda b\u00f6y\u00fck rolu olan terror t\u0259\u015fkilatlar\u0131 v\u0259 onlar\u0131 maliy\u0259l\u0259\u015fdir\u0259n t\u0259\u015fkilatlar haqq\u0131ndad\u0131r.<\/strong><\/p>\n\n\n\n<p>Ara\u015fd\u0131rmalara g\u00f6r\u0259 Qaraba\u011fda f\u0259aliyy\u0259t g\u00f6st\u0259r\u0259n terror\u00e7u Erm\u0259ni t\u0259\u015fkilat\u0131n\u0131n bank hesablar\u0131ndan biri Qafqaz \u0130nvestisiya Bank\u0131 n\u0259zdind\u0259 a\u00e7\u0131l\u0131r v\u0259 bu bank da yanacaq v\u0259 energetika sah\u0259sind\u0259 i\u015f g\u00f6rd\u00fcy\u00fcnd\u0259n Qafqaz \u00f6lk\u0259l\u0259rinin Avropa v\u0259 Yax\u0131n \u015f\u0259rql\u0259 ticar\u0259t \u0259laq\u0259l\u0259rini qurur. <\/p>\n\n\n\n<p>N\u0259tic\u0259d\u0259 1992-ci il may\u0131n 14-d\u0259 erm\u0259ni Harri Maqat Ambarsumyan Qafqaz \u0130nvestisiya Bank\u0131\u00bbn\u0131n x\u0259tti il\u0259 (bank\u0131n r\u0259hb\u0259ri milliyy\u0259tc\u0259 Livan erm\u0259nisi milyon\u00e7u Adnan Ha\u015foqiqir) Bak\u0131da olur, G\u0259nc\u0259 v\u0259 Nax\u00e7\u0131vana q\u0131sa s\u0259f\u0259rl\u0259r edir. H.M.Ambarsumyan Bak\u0131da olark\u0259n \u00f6lk\u0259 parlamentind\u0259, Prezident Aparat\u0131nda r\u0259smi \u015f\u0259xsl\u0259rl\u0259 g\u00f6r\u00fc\u015f\u00fcr. M\u0259qs\u0259d strateji bax\u0131mdan diqq\u0259td\u0259 olan, m\u00fcharib\u0259 g\u00fcnl\u0259rini ya\u015fayan Az\u0259rbaycan\u0131n \u0259sas iqtisadi-strateji m\u0259rk\u0259zl\u0259rini, infrastrukturlar\u0131n\u0131, bank sistemini \u00f6yr\u0259nm\u0259k idi. Dig\u0259r t\u0259r\u0259fd\u0259n, Harri Marat Ambarsumyan \u00f6z t\u0259\u015fkilatlar\u0131na m\u0259xsus bank hesab\u0131n\u0131 bankdan-banka ke\u00e7ir\u0259r\u0259k Bak\u0131da saxlama\u011fa c\u0259hd edirdi. Bu bank hesab\u0131 Az\u0259rbaycan \u00e7evr\u0259sind\u0259 i\u015f g\u00f6rm\u0259k \u00fc\u00e7\u00fcn ona h\u00f6km\u0259n laz\u0131m idi. <\/p>\n\n\n\n<p>Qafqaz \u0130nvestisiya Bank\u0131n\u0131n 1996-c\u0131 il \u00fc\u00e7\u00fcn illik hesabat\u0131nda bel\u0259 bir a\u00e7\u0131qlama verilir ki, bank \u00f6z hesab\u0131ndan Yerevanda, Bak\u0131da v\u0259 Tbilisid\u0259 i\u015fl\u0259rini demokratik ruhda qurma\u011fa s\u0259y ed\u0259n bir ne\u00e7\u0259 m\u0259tbu orqana, c\u0259miyy\u0259t v\u0259 t\u0259\u015fkilata \u0259v\u0259zsiz yard\u0131mlar edib. 1996-c\u0131 il avqustun 12-d\u0259 Beyrutda n\u0259\u015fr olunan \u00abQafqaz investisiya Bank\u0131: &#8212; daxili m\u0259s\u0259l\u0259l\u0259r \u00fc\u00e7\u00fcn illik hesabat\u0131\u00bbn\u0131n 14-c\u00fc s\u0259hif\u0259sind\u0259 deyilir: \u00abQafqazda investisiyalar qoyduq. Bank bununla \u00f6z i\u015fini tamamlam\u0131r. Biz regionlarda strateji \u0259laq\u0259l\u0259rin qurulmas\u0131 namin\u0259 dayaqlar\u0131m\u0131z\u0131 da yaratd\u0131q\u00bb.<\/p>\n\n\n\n<p>Ara\u015fd\u0131rmalar\u0131m\u0131za g\u00f6r\u0259,1992-ci il yanvar\u0131n 14-d\u0259n etibar\u0259n bank\u0131n Gorusda v\u0259 Qafanda da ofisl\u0259ri v\u0259 bu ofisl\u0259rd\u0259 M\u0259rk\u0259zl\u0259\u015fdirilmi\u015f Erm\u0259ni \u0130cmalar\u0131 \u0130ttifaq\u0131n\u0131n Gorusda O\u0120: BO11421-BANK.AR, Qafanda is\u0259 OI:B244001-BANK.AR n\u00f6mr\u0259li hesablar\u0131 a\u00e7\u0131l\u0131r. N\u0259tic\u0259d\u0259 xarici \u00f6lk\u0259l\u0259rd\u0259n terror\u00e7u qarda\u015flar\u0131na yard\u0131m \u00fc\u00e7\u00fcn Da\u011fl\u0131q Qaraba\u011fa t\u0259\u015frif g\u0259tir\u0259n erm\u0259ni t\u0259\u015fkilatlar\u0131, ilk n\u00f6vb\u0259d\u0259, Gorusda v\u0259 Qafanda a\u00e7\u0131lm\u0131\u015f banklarda qeydiyyatdan ke\u00e7m\u0259li oldular.Gorus bank\u0131nda n\u0259zar\u0259t\u00e7i i\u015fl\u0259y\u0259n yerli erm\u0259ni Halonis Arakelyan\u0131n fikrinc\u0259, bu bank \u00e7ox m\u0259tl\u0259bl\u0259rd\u0259 yard\u0131m\u00e7\u0131 olurdu. Orada rus v\u0259 \u0130ran i\u015f adamlar\u0131 da g\u00f6r\u00fcn\u00fcrd\u00fcl\u0259r. Bu \u00fczvl\u0259r bilavasit\u0259 M\u0259rk\u0259zl\u0259\u015fdirilmi\u015f Erm\u0259ni \u0130cmalar\u0131n\u0131n \u0130ttifaq\u0131nda qeyd\u0259 al\u0131nan t\u0259\u015fkilatlardan idil\u0259r. Bel\u0259likl\u0259, m\u0259lumata g\u00f6r\u0259, 1992-ci il mart\u0131n 28-d\u0259 \u0259sas\u0259n La\u00e7\u0131nda q\u0259rar tutan v\u0259 m\u0259xfi \u00f6z\u0259kl\u0259rini yaratma\u011fa s\u0259y ed\u0259n t\u0259\u015fkilatlar, o c\u00fcml\u0259d\u0259n:<\/p>\n\n\n\n<p><br><strong>&#8212; \u00abM\u00fcq\u0259dd\u0259s erm\u0259ni v\u0259t\u0259n birliyi\u00bb T\u0259\u015fkilat\u0131 (Sudan. 3 dekabr 1989)<br>&#8212; \u00abKatolikos\u00bb T\u0259\u015fkilat\u0131 (Misir. 26 iyun 1989)<br>&#8212; \u00abDa\u011fl\u0131q Qaraba\u011fa yard\u0131m M\u0259rk\u0259zi\u00bb (Livan. 2 avqust 1990)<br>&#8212; \u00abArarat + Araz\u00bb T\u0259\u015fkilat\u0131 (\u0130ordaniya. 26 fevral 1990)<br>&#8212; \u00abB\u00f6y\u00fck erm\u0259ni ideyas\u0131\u00bb T\u0259\u015fkilat\u0131 (Suriya. 21 aprel 1989) bu ittifaqda f\u0259aliyy\u0259tl\u0259rini r\u0259smil\u0259\u015fdirdil\u0259r.<\/strong><\/p>\n\n\n\n<p>Ara\u015fd\u0131rmalar\u0131m\u0131za g\u00f6r\u0259, \u00abM\u00fcq\u0259dd\u0259s erm\u0259ni v\u0259t\u0259n birliyi\u00bb T\u0259\u015fkilat\u0131 1989-cu il dekabr\u0131n 3-d\u0259 i\u015f adam\u0131, erm\u0259ni m\u00fchaciri Emin Ayd\u0131nyan\u0131n t\u0259\u015f\u0259bb\u00fcs\u00fc il\u0259 Xartumda yaran\u0131b. T\u0259\u015fkilat Az\u0259rbaycanda ya\u015fayan erm\u0259nil\u0259r aras\u0131nda 1989-90-c\u0131 ill\u0259rd\u0259 sad\u0259c\u0259 \u00abBirlik\u00bb ad\u0131 il\u0259 f\u0259aliyy\u0259t g\u00f6st\u0259rib. Bak\u0131n\u0131n N\u0259simi v\u0259 Sahil (o vaxtk\u0131 \u00ab26-lar\u00bb rayonu) rayonlar\u0131nda \u00f6z\u0259kl\u0259ri olub. ixtisasca in\u015faat m\u00fch\u0259ndisi olan Emin Urabekovi\u00e7 Ayd\u0131nyan\u0131n ba\u015f\u00e7\u0131l\u0131q etdiyi t\u0259\u015fkilat 1991-ci il noyabr\u0131n 4-d\u0259 \u00f6z\u00fcn\u00fcn radikal qanad\u0131n\u0131 yarad\u0131r v\u0259 nizamnam\u0259sind\u0259 d\u0259yi\u015fiklikl\u0259r edir. 1991-ci il noyabr\u0131n 20-d\u0259 12 n\u0259f\u0259rlik k\u00f6n\u00fcll\u00fc d\u0259st\u0259 il\u0259 E.U. Ayd\u0131nyan Xartumdan 0121 reysil\u0259 Beyruta gedir, noyabr\u0131n 23-d\u0259 Beyrut-Yerevan reysil\u0259 Erm\u0259nistana u\u00e7ur. <\/p>\n\n\n\n<p>Noyabr\u0131n 26-da Yerevanda \u00f6lk\u0259nin xarici i\u015fl\u0259r naziri Raffi Ovanesyanla v\u0259 daxili i\u015fl\u0259r naziri, general Vanik Siradeqyanla g\u00f6r\u00fc\u015f\u00fcr. D\u0259st\u0259nin r\u0259smi s\u0259n\u0259dl\u0259ri v\u0259 xarici v\u0259t\u0259nda\u015fl\u0131\u011f\u0131 g\u00f6st\u0259r\u0259n v\u0259 ya t\u0259sdiq ed\u0259n pasportlar X\u0130N-in konsulluq \u015f\u00f6b\u0259sin\u0259 verilir. Noyabr\u0131n 28-d\u0259 d\u0259st\u0259 Erm\u0259nistan D\u0130N-nin Daxili Qo\u015funlar\u0131na q\u0259bul olunur. Noyabr\u0131n 29-da is\u0259 E.U. Ayd\u0131nyan Beyruta qay\u0131d\u0131r. K\u00f6n\u00fcll\u00fc m\u00fchacir d\u0259st\u0259sin\u0259 Erm\u0259nistan Daxili Qo\u015funlar\u0131n\u0131n \u0259m\u0259kda\u015f\u0131, polkovnik Mark Ovsepyan ba\u015f\u00e7\u0131l\u0131q edir.<\/p>\n\n\n\n<p><br><strong>R. NOVRUZO\u011eLU<\/strong><\/p>\n\n\n\n<p>\u00a0<strong>27-03-2018 <\/strong><\/p>\n","protected":false},"excerpt":{"rendered":"<p>News12.az&nbsp;sayt\u0131 &nbsp;Az\u0259rbaycan\u0131n i\u015f\u011fal olunmu\u015f Da\u011fl\u0131q Qaraba\u011f b\u00f6lg\u0259sind\u0259 Erm\u0259nistan d\u00f6vl\u0259ti v\u0259 onun havadarlar\u0131n\u0131n t\u00f6r\u0259tdiyi qeyri-insani \u0259m\u0259ll\u0259ri&#8230;<\/p>\n","protected":false},"author":3,"featured_media":0,"comment_status":"closed","ping_status":"closed","sticky":false,"template":"","format":"standard","meta":{"footnotes":""},"categories":[7],"tags":[],"class_list":["post-6208","post","type-post","status-publish","format-standard","hentry","category-dunya"],"featured_image_urls":{"full":"","thumbnail":"","medium":"","medium_large":"","large":"","1536x1536":"","2048x2048":"","covernews-slider-full":"","covernews-slider-center":"","covernews-featured":"","covernews-medium":"","covernews-medium-square":""},"author_info":{"display_name":"Veteran.az","author_link":"https:\/\/veteran.az\/?author=3"},"category_info":"<a href=\"https:\/\/veteran.az\/?cat=7\" rel=\"category\">D\u00fcnya<\/a>","tag_info":"D\u00fcnya","comment_count":"0","_links":{"self":[{"href":"https:\/\/veteran.az\/index.php?rest_route=\/wp\/v2\/posts\/6208","targetHints":{"allow":["GET"]}}],"collection":[{"href":"https:\/\/veteran.az\/index.php?rest_route=\/wp\/v2\/posts"}],"about":[{"href":"https:\/\/veteran.az\/index.php?rest_route=\/wp\/v2\/types\/post"}],"author":[{"embeddable":true,"href":"https:\/\/veteran.az\/index.php?rest_route=\/wp\/v2\/users\/3"}],"replies":[{"embeddable":true,"href":"https:\/\/veteran.az\/index.php?rest_route=%2Fwp%2Fv2%2Fcomments&post=6208"}],"version-history":[{"count":1,"href":"https:\/\/veteran.az\/index.php?rest_route=\/wp\/v2\/posts\/6208\/revisions"}],"predecessor-version":[{"id":6210,"href":"https:\/\/veteran.az\/index.php?rest_route=\/wp\/v2\/posts\/6208\/revisions\/6210"}],"wp:attachment":[{"href":"https:\/\/veteran.az\/index.php?rest_route=%2Fwp%2Fv2%2Fmedia&parent=6208"}],"wp:term":[{"taxonomy":"category","embeddable":true,"href":"https:\/\/veteran.az\/index.php?rest_route=%2Fwp%2Fv2%2Fcategories&post=6208"},{"taxonomy":"post_tag","embeddable":true,"href":"https:\/\/veteran.az\/index.php?rest_route=%2Fwp%2Fv2%2Ftags&post=6208"}],"curies":[{"name":"wp","href":"https:\/\/api.w.org\/{rel}","templated":true}]}}